{"id":15321,"date":"2013-09-11T11:47:07","date_gmt":"2013-09-11T11:47:07","guid":{"rendered":"http:\/\/www.marianagurza.ro\/blog\/?p=15321"},"modified":"2013-09-11T14:17:47","modified_gmt":"2013-09-11T14:17:47","slug":"zile-cumplite","status":"publish","type":"post","link":"https:\/\/www.marianagurza.ro\/blog\/2013\/09\/11\/zile-cumplite\/","title":{"rendered":"Zile cumplite"},"content":{"rendered":"<p style=\"text-align: center;\"><a href=\"http:\/\/www.marianagurza.ro\/blog\/wp-content\/uploads\/2013\/09\/gemenele.jpg\"><img loading=\"lazy\" decoding=\"async\" class=\"size-full wp-image-15322\" title=\"gemenele\" src=\"http:\/\/www.marianagurza.ro\/blog\/wp-content\/uploads\/2013\/09\/gemenele.jpg\" alt=\"\" width=\"260\" height=\"194\" \/><\/a><\/p>\n<p><strong>Zile cumplite<\/strong><\/p>\n<p>&nbsp;<\/p>\n<p><strong>\u00a0<\/strong><\/p>\n<p>Ce zi cumplit\u0103 pentru omenire<\/p>\n<p>C\u00e2nd r\u0103ul s-a dezl\u0103n\u0163uit<\/p>\n<p>\u201eGemenele\u201d pl\u00e2ng\u00e2nd s-au pr\u0103bu\u0163it<\/p>\n<p>\u00cen focul bine asmu\u0163it.<\/p>\n<p>P\u0103s\u0103rile negre de prad\u0103<\/p>\n<p>S-au n\u0103pustit feroce.<\/p>\n<p>\u00cen numele cui vor face,<\/p>\n<p>Ca alte ziduri s\u0103 cad\u0103?<\/p>\n<p>Ce g\u00e2nduri m\u00e2r\u015fave de pieire<\/p>\n<p>B\u00e2ntuie azi omenirea<\/p>\n<p>C\u00e2nd este dorit\u0103 pacea<\/p>\n<p>Nu al\u0163i mor\u0163i \u015fi r\u0103zbunare?<\/p>\n<p>(\u201eR\u0103zboiul sf\u00e2nt\u201dce abera\u0163ii!)<\/p>\n<p>C\u00e2nd vrem mai mult ca niciodat\u0103<\/p>\n<p>Lini\u015fte \u015fi-o via\u0163\u0103 adev\u0103rat\u0103,<\/p>\n<p>Nu mor\u0163i, nu alte execu\u0163ii.<\/p>\n<p>Am dovedit ce slabi putem fi<\/p>\n<p>C\u00e2nd r\u0103ul f\u0103r\u0103 scrupule<\/p>\n<p>\u00cengroap\u0103 oamenii de vii<\/p>\n<p>Servind serviciile oculte.<\/p>\n<p>Nu putem noi tolera<\/p>\n<p>Un terorism apocaliptic,<\/p>\n<p>Fiind cre\u015ftini, \u00een spirit biblic,<\/p>\n<p>Vom \u015ftii cum ne vom ap\u0103ra.<\/p>\n<p>\u00cei pl\u00e2ngem pe cei du\u015fi.<\/p>\n<p>\u00cenc\u0103 nu ne-am revenit,<\/p>\n<p>Prea mul\u0163i au fost uci\u015fi<\/p>\n<p>\u00cen chip dement \u015fi satanist.<\/p>\n<p>&nbsp;<\/p>\n<p style=\"text-align: right;\">Mariana Gurza<\/p>\n<p style=\"text-align: right;\" align=\"right\">11.09.2001<\/p>\n<p style=\"text-align: right;\" align=\"right\">(Mariana Gurza din vol. <em>Lumini si umbre<\/em>, Editura \u201eAUGUSTA\u201d , Timisoara, 2001)<\/p>\n<p align=\"center\"><strong>\u00a0<\/strong><\/p>\n<p align=\"center\"><strong>\u00a0<\/strong><\/p>\n<p align=\"center\"><strong>\u00a0<\/strong><\/p>\n","protected":false},"excerpt":{"rendered":"<p>Zile cumplite &nbsp; \u00a0 Ce zi cumplit\u0103 pentru omenire C\u00e2nd r\u0103ul s-a dezl\u0103n\u0163uit \u201eGemenele\u201d pl\u00e2ng\u00e2nd s-au pr\u0103bu\u0163it \u00cen focul bine [&#038;hellip<\/p>\n","protected":false},"author":1,"featured_media":0,"comment_status":"closed","ping_status":"closed","sticky":false,"template":"","format":"standard","meta":{"footnotes":""},"categories":[3],"tags":[],"class_list":["post-15321","post","type-post","status-publish","format-standard","hentry","category-articole"],"_links":{"self":[{"href":"https:\/\/www.marianagurza.ro\/blog\/wp-json\/wp\/v2\/posts\/15321","targetHints":{"allow":["GET"]}}],"collection":[{"href":"https:\/\/www.marianagurza.ro\/blog\/wp-json\/wp\/v2\/posts"}],"about":[{"href":"https:\/\/www.marianagurza.ro\/blog\/wp-json\/wp\/v2\/types\/post"}],"author":[{"embeddable":true,"href":"https:\/\/www.marianagurza.ro\/blog\/wp-json\/wp\/v2\/users\/1"}],"replies":[{"embeddable":true,"href":"https:\/\/www.marianagurza.ro\/blog\/wp-json\/wp\/v2\/comments?post=15321"}],"version-history":[{"count":4,"href":"https:\/\/www.marianagurza.ro\/blog\/wp-json\/wp\/v2\/posts\/15321\/revisions"}],"predecessor-version":[{"id":15324,"href":"https:\/\/www.marianagurza.ro\/blog\/wp-json\/wp\/v2\/posts\/15321\/revisions\/15324"}],"wp:attachment":[{"href":"https:\/\/www.marianagurza.ro\/blog\/wp-json\/wp\/v2\/media?parent=15321"}],"wp:term":[{"taxonomy":"category","embeddable":true,"href":"https:\/\/www.marianagurza.ro\/blog\/wp-json\/wp\/v2\/categories?post=15321"},{"taxonomy":"post_tag","embeddable":true,"href":"https:\/\/www.marianagurza.ro\/blog\/wp-json\/wp\/v2\/tags?post=15321"}],"curies":[{"name":"wp","href":"https:\/\/api.w.org\/{rel}","templated":true}]}}