{"id":15338,"date":"2013-09-11T17:31:00","date_gmt":"2013-09-11T17:31:00","guid":{"rendered":"http:\/\/www.marianagurza.ro\/blog\/?p=15338"},"modified":"2013-09-11T17:31:53","modified_gmt":"2013-09-11T17:31:53","slug":"sandu-catinean-plansul-toamnei","status":"publish","type":"post","link":"https:\/\/www.marianagurza.ro\/blog\/2013\/09\/11\/sandu-catinean-plansul-toamnei\/","title":{"rendered":"Sandu C\u0103tinean: Pl\u00e2nsul toamnei"},"content":{"rendered":"<p style=\"text-align: center;\"><a href=\"http:\/\/www.marianagurza.ro\/blog\/wp-content\/uploads\/2013\/09\/toamna_21.jpg\"><img loading=\"lazy\" decoding=\"async\" class=\"size-medium wp-image-15339\" title=\"toamna_21\" src=\"http:\/\/www.marianagurza.ro\/blog\/wp-content\/uploads\/2013\/09\/toamna_21-300x225.jpg\" alt=\"\" width=\"300\" height=\"225\" srcset=\"https:\/\/www.marianagurza.ro\/blog\/wp-content\/uploads\/2013\/09\/toamna_21-300x225.jpg 300w, https:\/\/www.marianagurza.ro\/blog\/wp-content\/uploads\/2013\/09\/toamna_21.jpg 800w\" sizes=\"auto, (max-width: 300px) 100vw, 300px\" \/><\/a><\/p>\n<p><strong>\u00a0\u00a0\u00a0\u00a0\u00a0\u00a0\u00a0\u00a0\u00a0\u00a0\u00a0 Pl\u00e2nsul toamnei<\/strong><\/p>\n<p>&nbsp;<\/p>\n<p>&nbsp;<\/p>\n<p>Pl\u00e2nsul toamnei, ce triste\u0163e<br \/>\nNori n\u0103uci agit\u0103 c\u00e2mpul<br \/>\nStropi de ploaie dau bine\u0163e<br \/>\nS\u0103rut\u00e2nd \u00een fug\u0103 timpul<\/p>\n<p>Lacrimi reci adulmec\u00e2nd<br \/>\nDin v\u0103zduh n\u0103luci ciudate<br \/>\nFrunze moarte adumbrind<br \/>\nUmbra unor flori pudrate<\/p>\n<p>Pl\u00e2nsul toamnei m\u0103-nfioar\u0103<br \/>\nRamuri goale tremur\u00e2nd<br \/>\nDin t\u0103rii dureri coboar\u0103<br \/>\nPeste vis adulmec\u00e2nd<\/p>\n<p>Pl\u00e2nsul toamnei, ce candoare<br \/>\nSmulge poala timpului<br \/>\nSorb luminile din soare<br \/>\nPuritatea g\u00e2ndului&#8230;<\/p>\n<p>Umbrele mai des coboar\u0103<br \/>\nValuri reci de ce\u0163uri dese<br \/>\n\u00centunericul m\u0103soar\u0103<br \/>\n\u00cendoielnicul ce-l \u0163ese&#8230;<\/p>\n<p>Toamna tot mai tare pl\u00e2nge<br \/>\nMoartea care-o r\u0103sp\u00e2nde\u015fte<br \/>\nPrin p\u0103duri culori de s\u00e2nge<br \/>\n\u00centunericul spore\u015fte&#8230;<\/p>\n<p>Eu ascult cum pl\u00e2nge toamna<br \/>\n\u015ei-mi perind t\u0103cerile<br \/>\nAh, cum m\u0103-ntristeaz\u0103 Doamna !<br \/>\nDe-mi trosnesc durerile&#8230;<\/p>\n<p>&nbsp;<\/p>\n<p><em><strong>Sandu C\u0103tinean din Bon\u0163ida<\/strong><\/em><\/p>\n<p>&nbsp;<\/p>\n","protected":false},"excerpt":{"rendered":"<p>\u00a0\u00a0\u00a0\u00a0\u00a0\u00a0\u00a0\u00a0\u00a0\u00a0\u00a0 Pl\u00e2nsul toamnei &nbsp; &nbsp; Pl\u00e2nsul toamnei, ce triste\u0163e Nori n\u0103uci agit\u0103 c\u00e2mpul Stropi de ploaie dau bine\u0163e S\u0103rut\u00e2nd \u00een [&#038;hellip<\/p>\n","protected":false},"author":1,"featured_media":0,"comment_status":"closed","ping_status":"closed","sticky":false,"template":"","format":"standard","meta":{"footnotes":""},"categories":[3],"tags":[],"class_list":["post-15338","post","type-post","status-publish","format-standard","hentry","category-articole"],"_links":{"self":[{"href":"https:\/\/www.marianagurza.ro\/blog\/wp-json\/wp\/v2\/posts\/15338","targetHints":{"allow":["GET"]}}],"collection":[{"href":"https:\/\/www.marianagurza.ro\/blog\/wp-json\/wp\/v2\/posts"}],"about":[{"href":"https:\/\/www.marianagurza.ro\/blog\/wp-json\/wp\/v2\/types\/post"}],"author":[{"embeddable":true,"href":"https:\/\/www.marianagurza.ro\/blog\/wp-json\/wp\/v2\/users\/1"}],"replies":[{"embeddable":true,"href":"https:\/\/www.marianagurza.ro\/blog\/wp-json\/wp\/v2\/comments?post=15338"}],"version-history":[{"count":3,"href":"https:\/\/www.marianagurza.ro\/blog\/wp-json\/wp\/v2\/posts\/15338\/revisions"}],"predecessor-version":[{"id":15341,"href":"https:\/\/www.marianagurza.ro\/blog\/wp-json\/wp\/v2\/posts\/15338\/revisions\/15341"}],"wp:attachment":[{"href":"https:\/\/www.marianagurza.ro\/blog\/wp-json\/wp\/v2\/media?parent=15338"}],"wp:term":[{"taxonomy":"category","embeddable":true,"href":"https:\/\/www.marianagurza.ro\/blog\/wp-json\/wp\/v2\/categories?post=15338"},{"taxonomy":"post_tag","embeddable":true,"href":"https:\/\/www.marianagurza.ro\/blog\/wp-json\/wp\/v2\/tags?post=15338"}],"curies":[{"name":"wp","href":"https:\/\/api.w.org\/{rel}","templated":true}]}}