{"id":15345,"date":"2013-09-12T08:46:52","date_gmt":"2013-09-12T08:46:52","guid":{"rendered":"http:\/\/www.marianagurza.ro\/blog\/?p=15345"},"modified":"2013-09-12T11:01:46","modified_gmt":"2013-09-12T11:01:46","slug":"capitalism-rebel","status":"publish","type":"post","link":"https:\/\/www.marianagurza.ro\/blog\/2013\/09\/12\/capitalism-rebel\/","title":{"rendered":"Capitalism rebel"},"content":{"rendered":"<p style=\"text-align: center;\"><a href=\"http:\/\/www.marianagurza.ro\/blog\/wp-content\/uploads\/2013\/09\/images.jpg\"><img loading=\"lazy\" decoding=\"async\" class=\"size-full wp-image-15346\" title=\"images\" src=\"http:\/\/www.marianagurza.ro\/blog\/wp-content\/uploads\/2013\/09\/images.jpg\" alt=\"\" width=\"190\" height=\"266\" \/><\/a><\/p>\n<p style=\"text-align: left;\" align=\"center\">\u00a0\u00a0\u00a0\u00a0\u00a0<strong>\u00a0\u00a0\u00a0 CAPITALISM\u00a0 REBEL<\/strong><\/p>\n<p>&nbsp;<\/p>\n<p><strong>Ne <\/strong><strong>\u00ee<\/strong><strong>nfrico<\/strong><strong>\u015f<\/strong><strong>eaz<\/strong><strong>\u0103<\/strong><strong> <\/strong><strong>\u015f<\/strong><strong>omajul,<\/strong><\/p>\n<p><strong>disponibilizarea,<\/strong><\/p>\n<p><strong>nu cunoa<\/strong><strong>\u015f<\/strong><strong>tem <\/strong><strong>\u00ee<\/strong><strong>nc<\/strong><strong>\u0103<\/strong><strong><\/strong><\/p>\n<p><strong>pre<\/strong><strong>\u0163<\/strong><strong>ul unui capitalism;<\/strong><\/p>\n<p><strong>e dur<\/strong><strong>\u0103<\/strong><strong> via<\/strong><strong>\u0163<\/strong><strong>a;<\/strong><\/p>\n<p><strong>ne-am obi<\/strong><strong>\u015f<\/strong><strong>nuit cu libertatea,<\/strong><\/p>\n<p><strong>dar team<\/strong><strong>\u0103<\/strong><strong> n-i<\/strong><\/p>\n<p><strong>de sclavagism.<\/strong><\/p>\n<p><strong>N-am fost n<\/strong><strong>\u0103<\/strong><strong>scu<\/strong><strong>\u0163<\/strong><strong>i pentru trudit<\/strong><\/p>\n<p><strong>ca robi \u00een alt\u0103 parte,<\/strong><\/p>\n<p><strong>vrem <\/strong><strong>\u015f<\/strong><strong>ansa noastr<\/strong><strong>\u0103<\/strong><strong> de muncit<\/strong><\/p>\n<p><strong>aici,\u00a0 nu prin str\u0103in\u0103tate.<\/strong><\/p>\n<p><strong>E prea m\u0103nos p\u0103m\u00e2ntul,<\/strong><\/p>\n<p><strong>azi, prea \u00eensingurat;<\/strong><\/p>\n<p><strong>\u0163aranul \u015fi-a s\u0103m\u0103nat ogorul,<\/strong><\/p>\n<p><strong>dar apele l-au luat.<\/strong><\/p>\n<p><strong>N-i team<\/strong><strong>\u0103<\/strong><strong> seara s<\/strong><strong>\u0103<\/strong><strong> ie<\/strong><strong>\u015f<\/strong><strong>i<\/strong><strong>m,<\/strong><\/p>\n<p><strong>b<\/strong><strong>\u00e2<\/strong><strong>ntu<\/strong><strong>\u0163<\/strong><strong>i de fel de fel&#8230;<\/strong><\/p>\n<p><strong>nu <\/strong><strong>\u015f<\/strong><strong>tim nicic<\/strong><strong>\u00e2<\/strong><strong>nd ce-nt<\/strong><strong>\u00e2<\/strong><strong>lnim,<\/strong><\/p>\n<p><strong>capitalism rebel&#8230;<\/strong><\/p>\n<p><strong>\u00a0<\/strong><\/p>\n<p><strong>\u00a0<\/strong><\/p>\n<p><strong>\u00a0<\/strong><\/p>\n<p><strong>INCON\u015eTIEN\u0162\u0102<\/strong><strong><\/strong><\/p>\n<p>&nbsp;<\/p>\n<p>&nbsp;<\/p>\n<p><strong>Limita incon<\/strong><strong>\u015f<\/strong><strong>tien<\/strong><strong>\u0163<\/strong><strong>ei cine-o va g<\/strong><strong>\u0103<\/strong><strong>si<\/strong><\/p>\n<p><strong>acum c<\/strong><strong>\u00e2<\/strong><strong>nd suntem la r<\/strong><strong>\u0103<\/strong><strong>scruce?<\/strong><\/p>\n<p><strong>Cine va da r<\/strong><strong>\u0103<\/strong><strong>spuns pentru multe s<\/strong><strong>\u0103<\/strong><strong>r<\/strong><strong>\u0103<\/strong><strong>cii<\/strong><\/p>\n<p><strong>ce-mi zbucium<\/strong><strong>\u0103<\/strong><strong> neamul <\/strong><strong>\u015f<\/strong><strong>i<\/strong><strong> <\/strong><strong>\u00ee<\/strong><strong>l duce?<\/strong><\/p>\n<p><strong>Suntem prea mici <\/strong><strong>\u00ee<\/strong><strong>n marea b<\/strong><strong>\u0103<\/strong><strong>t<\/strong><strong>\u0103<\/strong><strong>lie,<\/strong><\/p>\n<p><strong>pe care al<\/strong><strong>\u0163<\/strong><strong>ii o pornesc abrupt&#8230;<\/strong><\/p>\n<p><strong>Ce se va-nt<\/strong><strong>\u00e2<\/strong><strong>mla cu-aceast<\/strong><strong>\u0103<\/strong><strong> glie<\/strong><\/p>\n<p><strong>c<\/strong><strong>\u00e2<\/strong><strong>nd azi d<\/strong><strong>\u0103<\/strong><strong>m totul cu-mprumut?<\/strong><\/p>\n<p><strong>Nu mai avem nimic bun, totu-i putregai?<\/strong><\/p>\n<p><strong>Unii v<\/strong><strong>\u00e2<\/strong><strong>nd str<\/strong><strong>\u0103<\/strong><strong>inilor <\/strong><strong>\u00ee<\/strong><strong>n disperare;<\/strong><\/p>\n<p><strong>Noi r<\/strong><strong>\u0103<\/strong><strong>m<\/strong><strong>\u00e2<\/strong><strong>nem cu bruma noastr<\/strong><strong>\u0103<\/strong><strong> de m<\/strong><strong>\u0103<\/strong><strong>lai,<\/strong><\/p>\n<p><strong>pl<\/strong><strong>\u00e2<\/strong><strong>ng<\/strong><strong>\u00e2<\/strong><strong>nd la morm<\/strong><strong>\u00e2<\/strong><strong>ntul lui Stefan cel Mare.<\/strong><\/p>\n<p><strong>Oare nu <\/strong><strong>\u015f<\/strong><strong>tim s<\/strong><strong>\u0103<\/strong><strong> pre<\/strong><strong>\u0163<\/strong><strong>uim p<\/strong><strong>\u0103<\/strong><strong>m<\/strong><strong>\u00e2<\/strong><strong>ntul<\/strong><\/p>\n<p><strong>ce ne-a fost dat din veacuri de str<\/strong><strong>\u0103<\/strong><strong>mo<\/strong><strong>\u015f<\/strong><strong>i<\/strong><strong>?<\/strong><\/p>\n<p><strong>\u00a0Ce treb<\/strong><strong>\u0103<\/strong><strong>-avem noi cu str\u0103inul<\/strong><\/p>\n<p><strong>\u015f<\/strong><strong>i<\/strong><strong> cu al<\/strong><strong>\u0163<\/strong><strong>i<\/strong><strong> rechini scor<\/strong><strong>\u0163<\/strong><strong>o<\/strong><strong>\u015f<\/strong><strong>i<\/strong><strong>?<\/strong><\/p>\n<p>&nbsp;<\/p>\n<p>&nbsp;<\/p>\n<p><strong>\u00a0<\/strong><\/p>\n<p align=\"right\"><strong>\u00a0\u00a0\u00a0\u00a0\u00a0\u00a0\u00a0\u00a0\u00a0\u00a0\u00a0\u00a0\u00a0\u00a0\u00a0\u00a0\u00a0\u00a0\u00a0\u00a0\u00a0\u00a0\u00a0\u00a0\u00a0\u00a0\u00a0\u00a0\u00a0\u00a0\u00a0\u00a0\u00a0\u00a0\u00a0\u00a0\u00a0\u00a0\u00a0\u00a0\u00a0\u00a0\u00a0\u00a0\u00a0\u00a0\u00a0\u00a0\u00a0\u00a0\u00a0\u00a0\u00a0\u00a0\u00a0\u00a0\u00a0\u00a0\u00a0\u00a0\u00a0\u00a0\u00a0\u00a0\u00a0\u00a0\u00a0\u00a0\u00a0\u00a0\u00a0\u00a0\u00a0\u00a0\u00a0\u00a0\u00a0\u00a0\u00a0\u00a0\u00a0\u00a0\u00a0 <\/strong>1998<\/p>\n<p>&nbsp;<\/p>\n<p align=\"right\">Mariana Gurza<\/p>\n<p align=\"right\">\u00a0\u00a0\u00a0 (Mariana Gurza din vol. <em>G\u00e2nduri nocturne<\/em>, Editura \u201eAUGUSTA\u201d , Timisoara, 1999)<\/p>\n<p>&nbsp;<\/p>\n","protected":false},"excerpt":{"rendered":"<p>\u00a0\u00a0\u00a0\u00a0\u00a0\u00a0\u00a0\u00a0 CAPITALISM\u00a0 REBEL &nbsp; Ne \u00eenfrico\u015feaz\u0103 \u015fomajul, disponibilizarea, nu cunoa\u015ftem \u00eenc\u0103 pre\u0163ul unui capitalism; e dur\u0103 via\u0163a; ne-am obi\u015fnuit cu [&#038;hellip<\/p>\n","protected":false},"author":1,"featured_media":0,"comment_status":"closed","ping_status":"closed","sticky":false,"template":"","format":"standard","meta":{"footnotes":""},"categories":[3],"tags":[],"class_list":["post-15345","post","type-post","status-publish","format-standard","hentry","category-articole"],"_links":{"self":[{"href":"https:\/\/www.marianagurza.ro\/blog\/wp-json\/wp\/v2\/posts\/15345","targetHints":{"allow":["GET"]}}],"collection":[{"href":"https:\/\/www.marianagurza.ro\/blog\/wp-json\/wp\/v2\/posts"}],"about":[{"href":"https:\/\/www.marianagurza.ro\/blog\/wp-json\/wp\/v2\/types\/post"}],"author":[{"embeddable":true,"href":"https:\/\/www.marianagurza.ro\/blog\/wp-json\/wp\/v2\/users\/1"}],"replies":[{"embeddable":true,"href":"https:\/\/www.marianagurza.ro\/blog\/wp-json\/wp\/v2\/comments?post=15345"}],"version-history":[{"count":7,"href":"https:\/\/www.marianagurza.ro\/blog\/wp-json\/wp\/v2\/posts\/15345\/revisions"}],"predecessor-version":[{"id":15348,"href":"https:\/\/www.marianagurza.ro\/blog\/wp-json\/wp\/v2\/posts\/15345\/revisions\/15348"}],"wp:attachment":[{"href":"https:\/\/www.marianagurza.ro\/blog\/wp-json\/wp\/v2\/media?parent=15345"}],"wp:term":[{"taxonomy":"category","embeddable":true,"href":"https:\/\/www.marianagurza.ro\/blog\/wp-json\/wp\/v2\/categories?post=15345"},{"taxonomy":"post_tag","embeddable":true,"href":"https:\/\/www.marianagurza.ro\/blog\/wp-json\/wp\/v2\/tags?post=15345"}],"curies":[{"name":"wp","href":"https:\/\/api.w.org\/{rel}","templated":true}]}}