{"id":15361,"date":"2013-09-12T15:54:03","date_gmt":"2013-09-12T15:54:03","guid":{"rendered":"http:\/\/www.marianagurza.ro\/blog\/?p=15361"},"modified":"2013-09-12T15:57:16","modified_gmt":"2013-09-12T15:57:16","slug":"mioara-hususan-unde-esti-tu-oare","status":"publish","type":"post","link":"https:\/\/www.marianagurza.ro\/blog\/2013\/09\/12\/mioara-hususan-unde-esti-tu-oare\/","title":{"rendered":"Mioara Hususan: Unde e\u0219ti tu oare?"},"content":{"rendered":"<p style=\"text-align: center;\"><a href=\"http:\/\/www.marianagurza.ro\/blog\/wp-content\/uploads\/2013\/09\/mioara.jpg\"><img loading=\"lazy\" decoding=\"async\" class=\"size-medium wp-image-15362\" title=\"mioara\" src=\"http:\/\/www.marianagurza.ro\/blog\/wp-content\/uploads\/2013\/09\/mioara-237x300.jpg\" alt=\"\" width=\"237\" height=\"300\" srcset=\"https:\/\/www.marianagurza.ro\/blog\/wp-content\/uploads\/2013\/09\/mioara-237x300.jpg 237w, https:\/\/www.marianagurza.ro\/blog\/wp-content\/uploads\/2013\/09\/mioara.jpg 761w\" sizes=\"auto, (max-width: 237px) 100vw, 237px\" \/><\/a><\/p>\n<p style=\"text-align: left;\"><strong>\u00a0\u00a0\u00a0\u00a0\u00a0\u00a0\u00a0\u00a0\u00a0\u00a0\u00a0\u00a0\u00a0\u00a0\u00a0\u00a0 Unde e\u0219ti tu oare?<\/strong><\/p>\n<div>\n<p>&nbsp;<\/p>\n<p>Un petec de cer\u00a0 \u0219i un col\u021b de rai<\/p>\n<p>O melodie \u0219i un suflet\u00a0 de pai,<\/p>\n<p>\u00centr-o lume cu r\u0103utate \u0219i\u00a0 nimicnicii<\/p>\n<\/div>\n<p>Ajungi la g\u00e2ndul\u00a0 c\u0103, doar ele-s\u00a0 ve\u0219nicii!<\/p>\n<p>&nbsp;<\/p>\n<p>Cu g\u00e2ndul, tu , iam\u0103 \u0219i du-m\u0103\u00a0 departe,<\/p>\n<p>Unde zarea se \u00eent\u00e2lne\u0219te cu marea,<\/p>\n<p>Unde cerul e albastru infinit<\/p>\n<p>Unde sufletul\u00a0 e plin \u0219i \u00eemplinit.<\/p>\n<p>&nbsp;<\/p>\n<p>E greu s\u0103 vezi frumos,<\/p>\n<p>Unde lumea las\u0103 privirea \u00een jos.<\/p>\n<p>E greu s\u0103 vezi curat<\/p>\n<p>Unde lini\u0219tea ajunge un grav p\u0103cat!<\/p>\n<p>&nbsp;<\/p>\n<p>Privind la verdele ce m\u0103 \u00eenconjoar\u0103<\/p>\n<p>La ro\u0219ii \u0219i galbeni trandafiri,<\/p>\n<p>La pas\u0103ri ce plutesc pe cer \u0219i zboar\u0103<\/p>\n<p>Mai este oare loc s\u0103 te miri?<\/p>\n<p>&nbsp;<\/p>\n<p>Un g\u00e2nd pe h\u00e2rtie, astfel coboar\u0103<\/p>\n<p>Umple spa\u021biul \u0219i m\u0103soar\u0103<\/p>\n<p>Un vis cu tr\u0103ire \u0219i\u00a0 culoare,<\/p>\n<p>\u00centr-o zi de aleas\u0103\u00a0 s\u0103rb\u0103toare.<\/p>\n<p>&nbsp;<\/p>\n<p>G\u00e2ndesc, ascult \u0219i privesc,<\/p>\n<p>dorul \u00eencerc s\u0103-l ostoiesc<\/p>\n<p>\u0218i g\u00e2ndul zboar\u0103\u00a0 pe acel petec de cer<\/p>\n<p>Mi-ajunge ziua\u00a0 \u0219i nimic nu mai\u00a0 cer !<\/p>\n<p>&nbsp;<\/p>\n<p>&nbsp;<\/p>\n<p style=\"text-align: left;\"><strong><em>(Mioara Hususan\/1 sept2013) <\/em><\/strong><\/p>\n<p style=\"text-align: left;\"><em><strong>Portret de\u00a0 Ilie Paul<br \/>\n<\/strong><\/em><\/p>\n","protected":false},"excerpt":{"rendered":"<p>\u00a0\u00a0\u00a0\u00a0\u00a0\u00a0\u00a0\u00a0\u00a0\u00a0\u00a0\u00a0\u00a0\u00a0\u00a0\u00a0 Unde e\u0219ti tu oare? &nbsp; Un petec de cer\u00a0 \u0219i un col\u021b de rai O melodie \u0219i un suflet\u00a0 [&#038;hellip<\/p>\n","protected":false},"author":1,"featured_media":0,"comment_status":"closed","ping_status":"closed","sticky":false,"template":"","format":"standard","meta":{"footnotes":""},"categories":[3],"tags":[],"class_list":["post-15361","post","type-post","status-publish","format-standard","hentry","category-articole"],"_links":{"self":[{"href":"https:\/\/www.marianagurza.ro\/blog\/wp-json\/wp\/v2\/posts\/15361","targetHints":{"allow":["GET"]}}],"collection":[{"href":"https:\/\/www.marianagurza.ro\/blog\/wp-json\/wp\/v2\/posts"}],"about":[{"href":"https:\/\/www.marianagurza.ro\/blog\/wp-json\/wp\/v2\/types\/post"}],"author":[{"embeddable":true,"href":"https:\/\/www.marianagurza.ro\/blog\/wp-json\/wp\/v2\/users\/1"}],"replies":[{"embeddable":true,"href":"https:\/\/www.marianagurza.ro\/blog\/wp-json\/wp\/v2\/comments?post=15361"}],"version-history":[{"count":4,"href":"https:\/\/www.marianagurza.ro\/blog\/wp-json\/wp\/v2\/posts\/15361\/revisions"}],"predecessor-version":[{"id":15364,"href":"https:\/\/www.marianagurza.ro\/blog\/wp-json\/wp\/v2\/posts\/15361\/revisions\/15364"}],"wp:attachment":[{"href":"https:\/\/www.marianagurza.ro\/blog\/wp-json\/wp\/v2\/media?parent=15361"}],"wp:term":[{"taxonomy":"category","embeddable":true,"href":"https:\/\/www.marianagurza.ro\/blog\/wp-json\/wp\/v2\/categories?post=15361"},{"taxonomy":"post_tag","embeddable":true,"href":"https:\/\/www.marianagurza.ro\/blog\/wp-json\/wp\/v2\/tags?post=15361"}],"curies":[{"name":"wp","href":"https:\/\/api.w.org\/{rel}","templated":true}]}}