{"id":15449,"date":"2013-09-16T22:22:58","date_gmt":"2013-09-16T22:22:58","guid":{"rendered":"http:\/\/www.marianagurza.ro\/blog\/?p=15449"},"modified":"2013-09-17T14:43:23","modified_gmt":"2013-09-17T14:43:23","slug":"nu-mi-lua-doamne-vazul","status":"publish","type":"post","link":"https:\/\/www.marianagurza.ro\/blog\/2013\/09\/16\/nu-mi-lua-doamne-vazul\/","title":{"rendered":"Nu-mi lua Doamne v\u0103zul&#8230;"},"content":{"rendered":"<p style=\"text-align: center;\"><a href=\"http:\/\/www.marianagurza.ro\/blog\/wp-content\/uploads\/2013\/09\/Lumini-si-umbre.jpg\"><img loading=\"lazy\" decoding=\"async\" class=\"size-medium wp-image-15450\" title=\"Lumini si umbre\" src=\"http:\/\/www.marianagurza.ro\/blog\/wp-content\/uploads\/2013\/09\/Lumini-si-umbre-212x300.jpg\" alt=\"\" width=\"212\" height=\"300\" srcset=\"https:\/\/www.marianagurza.ro\/blog\/wp-content\/uploads\/2013\/09\/Lumini-si-umbre-212x300.jpg 212w, https:\/\/www.marianagurza.ro\/blog\/wp-content\/uploads\/2013\/09\/Lumini-si-umbre-724x1024.jpg 724w, https:\/\/www.marianagurza.ro\/blog\/wp-content\/uploads\/2013\/09\/Lumini-si-umbre.jpg 1101w\" sizes=\"auto, (max-width: 212px) 100vw, 212px\" \/><\/a><\/p>\n<p>&nbsp;<\/p>\n<p style=\"text-align: left;\" align=\"center\"><strong>Nu-mi lua Doamne v\u0103zul<\/strong><\/p>\n<p>&nbsp;<\/p>\n<p><strong>\u00a0<\/strong><\/p>\n<p>Stau, \u00eengenunchiat\u0103 \u00een fa\u0163a Ta, Doamne,<\/p>\n<p>\u015ei te implor s\u0103-mi mai la\u015fi lumina,<\/p>\n<p>S\u0103 m\u0103 mai pot bucura de darurile tale,<\/p>\n<p>S\u0103 mai pot gusta din Sf\u00e2nta Tain\u0103.<\/p>\n<p>&nbsp;<\/p>\n<p>Nu \u015ftiu, Doamne, unde am gre\u015fit<\/p>\n<p>V\u0103lul care acum m\u0103 amenin\u0163\u0103,<\/p>\n<p>\u00cel simt tot mai \u00eentunecos, cumplit,<\/p>\n<p>\u015ei m\u0103 ag\u0103\u0163, de tot ce-n via\u0163\u0103 am iubit.<\/p>\n<p>&nbsp;<\/p>\n<p>Nu-mi lua Doamne v\u0103zul !<\/p>\n<p>Las\u0103-m\u0103, s\u0103-mi mai \u00eencerc privirea,<\/p>\n<p>\u015ei cu iubire, s\u0103-mi sp\u0103l ochii,<\/p>\n<p>Cu dragoste s\u0103-mi alung durerea.<\/p>\n<p>&nbsp;<\/p>\n<p>Ce trist\u0103 sunt, \u015fi-nl\u0103crimat\u0103,<\/p>\n<p>C\u00e2nd stau \u00een fa\u0163a ta, \u00eengenunchiat\u0103,<\/p>\n<p>\u015ei te implor s\u0103-mi dai vederea,<\/p>\n<p>A\u015fa cum ea a fost odat\u0103\u2026<\/p>\n<p>&nbsp;<\/p>\n<p><strong><br \/>\n<\/strong><\/p>\n<p>Mariana Gurza<\/p>\n","protected":false},"excerpt":{"rendered":"<p>&nbsp; Nu-mi lua Doamne v\u0103zul &nbsp; \u00a0 Stau, \u00eengenunchiat\u0103 \u00een fa\u0163a Ta, Doamne, \u015ei te implor s\u0103-mi mai la\u015fi lumina, [&#038;hellip<\/p>\n","protected":false},"author":1,"featured_media":0,"comment_status":"closed","ping_status":"closed","sticky":false,"template":"","format":"standard","meta":{"footnotes":""},"categories":[3],"tags":[],"class_list":["post-15449","post","type-post","status-publish","format-standard","hentry","category-articole"],"_links":{"self":[{"href":"https:\/\/www.marianagurza.ro\/blog\/wp-json\/wp\/v2\/posts\/15449","targetHints":{"allow":["GET"]}}],"collection":[{"href":"https:\/\/www.marianagurza.ro\/blog\/wp-json\/wp\/v2\/posts"}],"about":[{"href":"https:\/\/www.marianagurza.ro\/blog\/wp-json\/wp\/v2\/types\/post"}],"author":[{"embeddable":true,"href":"https:\/\/www.marianagurza.ro\/blog\/wp-json\/wp\/v2\/users\/1"}],"replies":[{"embeddable":true,"href":"https:\/\/www.marianagurza.ro\/blog\/wp-json\/wp\/v2\/comments?post=15449"}],"version-history":[{"count":3,"href":"https:\/\/www.marianagurza.ro\/blog\/wp-json\/wp\/v2\/posts\/15449\/revisions"}],"predecessor-version":[{"id":15452,"href":"https:\/\/www.marianagurza.ro\/blog\/wp-json\/wp\/v2\/posts\/15449\/revisions\/15452"}],"wp:attachment":[{"href":"https:\/\/www.marianagurza.ro\/blog\/wp-json\/wp\/v2\/media?parent=15449"}],"wp:term":[{"taxonomy":"category","embeddable":true,"href":"https:\/\/www.marianagurza.ro\/blog\/wp-json\/wp\/v2\/categories?post=15449"},{"taxonomy":"post_tag","embeddable":true,"href":"https:\/\/www.marianagurza.ro\/blog\/wp-json\/wp\/v2\/tags?post=15449"}],"curies":[{"name":"wp","href":"https:\/\/api.w.org\/{rel}","templated":true}]}}