{"id":15463,"date":"2013-09-18T12:06:32","date_gmt":"2013-09-18T12:06:32","guid":{"rendered":"http:\/\/www.marianagurza.ro\/blog\/?p=15463"},"modified":"2013-09-18T12:10:35","modified_gmt":"2013-09-18T12:10:35","slug":"incertitudini","status":"publish","type":"post","link":"https:\/\/www.marianagurza.ro\/blog\/2013\/09\/18\/incertitudini\/","title":{"rendered":"Incertitudini"},"content":{"rendered":"<p style=\"text-align: center;\"><a href=\"http:\/\/www.marianagurza.ro\/blog\/wp-content\/uploads\/2013\/09\/Ganduri-noscturne1.jpg\"><img loading=\"lazy\" decoding=\"async\" class=\"size-medium wp-image-15464\" title=\"Ganduri noscturne\" src=\"http:\/\/www.marianagurza.ro\/blog\/wp-content\/uploads\/2013\/09\/Ganduri-noscturne1-218x300.jpg\" alt=\"\" width=\"218\" height=\"300\" srcset=\"https:\/\/www.marianagurza.ro\/blog\/wp-content\/uploads\/2013\/09\/Ganduri-noscturne1-218x300.jpg 218w, https:\/\/www.marianagurza.ro\/blog\/wp-content\/uploads\/2013\/09\/Ganduri-noscturne1-747x1024.jpg 747w, https:\/\/www.marianagurza.ro\/blog\/wp-content\/uploads\/2013\/09\/Ganduri-noscturne1.jpg 900w\" sizes=\"auto, (max-width: 218px) 100vw, 218px\" \/><\/a><\/p>\n<p><strong>\u00a0\u00a0\u00a0\u00a0\u00a0\u00a0\u00a0\u00a0\u00a0\u00a0\u00a0\u00a0\u00a0 Incertitudini<\/strong><\/p>\n<p>&nbsp;<\/p>\n<p>&nbsp;<\/p>\n<p style=\"text-align: left;\">Suntem prin\u015fi \u00een incertitudini,<\/p>\n<p style=\"text-align: left;\">\u00a0f\u0103r\u0103 speran\u0163\u0103 \u015fi f\u0103r\u0103 nici un \u0163el<\/p>\n<p style=\"text-align: left;\">teama zbuciumat\u0103 a zilei de m\u00e2ine<\/p>\n<p style=\"text-align: left;\">macin\u0103 intens neamul meu.<\/p>\n<p>&nbsp;<\/p>\n<p>&nbsp;<\/p>\n<p>Cu ce-ai gre\u015fit frumoas\u0103 \u0163ar\u0103,<\/p>\n<p>de tornade e\u015fti \u00eenconjurat\u0103,<\/p>\n<p>\u015fi noi rom\u00e2ni cu inim\u0103 amar\u0103<\/p>\n<p>ne pl\u00e2ngem patria tr\u0103dat\u0103.<\/p>\n<p>&nbsp;<\/p>\n<p>&nbsp;<\/p>\n<p>De vei opri Doamne \u00eendat\u0103<\/p>\n<p>c\u0103derea oropsitului popor,<\/p>\n<p>vom \u015ftii c\u0103 \u0163ara e iertat\u0103<\/p>\n<p>\u015fi temerile se vor duce-n nor.<\/p>\n<p>&nbsp;<\/p>\n<p>&nbsp;<\/p>\n<p><strong>\u00a0\u00a0\u00a0\u00a0\u00a0\u00a0\u00a0\u00a0\u00a0\u00a0\u00a0\u00a0\u00a0\u00a0\u00a0 Plou\u0103 cu lacrimi<\/strong><\/p>\n<p align=\"center\"><strong>\u00a0<\/strong><\/p>\n<p><strong>\u00a0<\/strong><\/p>\n<p>Plou\u0103 cu lacrimi,<\/p>\n<p>\u015fi sfin\u0163ii din cer sunt tri\u015fti,<\/p>\n<p>nici ei nu mai \u00een\u0163eleg<\/p>\n<p>erorile lume\u015fti.<\/p>\n<p>Plou\u0103 cu lacrimi<\/p>\n<p>cu indiferen\u0163\u0103,<\/p>\n<p>cu neputin\u0163\u0103.<\/p>\n<p>Nimeni nu vrea s\u0103 \u00een\u0163eleag\u0103<\/p>\n<p>c\u0103 avem puterea sacr\u0103<\/p>\n<p>de a transforma lacrima<\/p>\n<p>\u00een bucuria adev\u0103rului,<\/p>\n<p>a rena\u015fterii&#8230;<\/p>\n<p>&nbsp;<\/p>\n<p style=\"text-align: left;\"><em>\u00a0Mariana Gurza<\/em><\/p>\n<p style=\"text-align: left;\">\u00a0\u00a0 1998<\/p>\n","protected":false},"excerpt":{"rendered":"<p>\u00a0\u00a0\u00a0\u00a0\u00a0\u00a0\u00a0\u00a0\u00a0\u00a0\u00a0\u00a0\u00a0 Incertitudini &nbsp; &nbsp; Suntem prin\u015fi \u00een incertitudini, \u00a0f\u0103r\u0103 speran\u0163\u0103 \u015fi f\u0103r\u0103 nici un \u0163el teama zbuciumat\u0103 a zilei de [&#038;hellip<\/p>\n","protected":false},"author":1,"featured_media":0,"comment_status":"closed","ping_status":"closed","sticky":false,"template":"","format":"standard","meta":{"footnotes":""},"categories":[3],"tags":[],"class_list":["post-15463","post","type-post","status-publish","format-standard","hentry","category-articole"],"_links":{"self":[{"href":"https:\/\/www.marianagurza.ro\/blog\/wp-json\/wp\/v2\/posts\/15463","targetHints":{"allow":["GET"]}}],"collection":[{"href":"https:\/\/www.marianagurza.ro\/blog\/wp-json\/wp\/v2\/posts"}],"about":[{"href":"https:\/\/www.marianagurza.ro\/blog\/wp-json\/wp\/v2\/types\/post"}],"author":[{"embeddable":true,"href":"https:\/\/www.marianagurza.ro\/blog\/wp-json\/wp\/v2\/users\/1"}],"replies":[{"embeddable":true,"href":"https:\/\/www.marianagurza.ro\/blog\/wp-json\/wp\/v2\/comments?post=15463"}],"version-history":[{"count":6,"href":"https:\/\/www.marianagurza.ro\/blog\/wp-json\/wp\/v2\/posts\/15463\/revisions"}],"predecessor-version":[{"id":15466,"href":"https:\/\/www.marianagurza.ro\/blog\/wp-json\/wp\/v2\/posts\/15463\/revisions\/15466"}],"wp:attachment":[{"href":"https:\/\/www.marianagurza.ro\/blog\/wp-json\/wp\/v2\/media?parent=15463"}],"wp:term":[{"taxonomy":"category","embeddable":true,"href":"https:\/\/www.marianagurza.ro\/blog\/wp-json\/wp\/v2\/categories?post=15463"},{"taxonomy":"post_tag","embeddable":true,"href":"https:\/\/www.marianagurza.ro\/blog\/wp-json\/wp\/v2\/tags?post=15463"}],"curies":[{"name":"wp","href":"https:\/\/api.w.org\/{rel}","templated":true}]}}