{"id":15472,"date":"2013-09-18T12:21:36","date_gmt":"2013-09-18T12:21:36","guid":{"rendered":"http:\/\/www.marianagurza.ro\/blog\/?p=15472"},"modified":"2013-09-18T13:30:30","modified_gmt":"2013-09-18T13:30:30","slug":"rugaciune-2","status":"publish","type":"post","link":"https:\/\/www.marianagurza.ro\/blog\/2013\/09\/18\/rugaciune-2\/","title":{"rendered":"Rug\u0103ciune"},"content":{"rendered":"<p style=\"text-align: center;\"><a href=\"http:\/\/www.marianagurza.ro\/blog\/wp-content\/uploads\/2013\/09\/sf-treime-2.jpg\"><img loading=\"lazy\" decoding=\"async\" class=\"size-medium wp-image-15476\" title=\"sf-treime-2\" src=\"http:\/\/www.marianagurza.ro\/blog\/wp-content\/uploads\/2013\/09\/sf-treime-2-237x300.jpg\" alt=\"\" width=\"237\" height=\"300\" srcset=\"https:\/\/www.marianagurza.ro\/blog\/wp-content\/uploads\/2013\/09\/sf-treime-2-237x300.jpg 237w, https:\/\/www.marianagurza.ro\/blog\/wp-content\/uploads\/2013\/09\/sf-treime-2-810x1024.jpg 810w, https:\/\/www.marianagurza.ro\/blog\/wp-content\/uploads\/2013\/09\/sf-treime-2.jpg 1267w\" sizes=\"auto, (max-width: 237px) 100vw, 237px\" \/><\/a><\/p>\n<p style=\"text-align: left;\" align=\"center\"><strong>\u00a0\u00a0\u00a0\u00a0\u00a0\u00a0\u00a0\u00a0\u00a0\u00a0\u00a0\u00a0\u00a0\u00a0\u00a0\u00a0\u00a0\u00a0\u00a0\u00a0\u00a0\u00a0\u00a0\u00a0\u00a0\u00a0\u00a0\u00a0\u00a0\u00a0\u00a0\u00a0\u00a0\u00a0\u00a0\u00a0\u00a0\u00a0\u00a0\u00a0\u00a0\u00a0\u00a0 Rug\u0103ciune<\/strong><\/p>\n<p>&nbsp;<\/p>\n<p>Doamne , d\u0103-mi puterea Ta divin\u0103,<\/p>\n<p>s\u0103-mi pot cre\u015fte -n pace pruncii,<\/p>\n<p>iart\u0103-m\u0103 de po\u0163i, de orice vin\u0103,<\/p>\n<p>aminte\u015fte-mi\u00a0 de porunci.<\/p>\n<p>Apleac\u0103-\u0163i ochii T\u0103i blajini,<\/p>\n<p>spre n\u0103p\u0103stui\u0163ii p\u0103m\u00e2nteni,<\/p>\n<p>ajut\u0103-i Doamne, f\u0103-i mai buni;<\/p>\n<p>cu to\u0163ii suntem supu\u015fii T\u0103i.<\/p>\n<p>D\u0103-ne iar raze pline de soare,<\/p>\n<p>\u00een sufletele noastre chinuite<\/p>\n<p>fere\u015fte-ne de tot ce doare,<\/p>\n<p>apropie-ne\u00a0 de cele sfinte,<\/p>\n<p>Doamne al meu, bun P\u0103rinte.<\/p>\n<h5><\/h5>\n<p>&nbsp;<\/p>\n","protected":false},"excerpt":{"rendered":"<p>\u00a0\u00a0\u00a0\u00a0\u00a0\u00a0\u00a0\u00a0\u00a0\u00a0\u00a0\u00a0\u00a0\u00a0\u00a0\u00a0\u00a0\u00a0\u00a0\u00a0\u00a0\u00a0\u00a0\u00a0\u00a0\u00a0\u00a0\u00a0\u00a0\u00a0\u00a0\u00a0\u00a0\u00a0\u00a0\u00a0\u00a0\u00a0\u00a0\u00a0\u00a0\u00a0\u00a0 Rug\u0103ciune &nbsp; Doamne , d\u0103-mi puterea Ta divin\u0103, s\u0103-mi pot cre\u015fte -n pace pruncii, iart\u0103-m\u0103 de po\u0163i, de orice [&#038;hellip<\/p>\n","protected":false},"author":1,"featured_media":0,"comment_status":"closed","ping_status":"closed","sticky":false,"template":"","format":"standard","meta":{"footnotes":""},"categories":[3],"tags":[],"class_list":["post-15472","post","type-post","status-publish","format-standard","hentry","category-articole"],"_links":{"self":[{"href":"https:\/\/www.marianagurza.ro\/blog\/wp-json\/wp\/v2\/posts\/15472","targetHints":{"allow":["GET"]}}],"collection":[{"href":"https:\/\/www.marianagurza.ro\/blog\/wp-json\/wp\/v2\/posts"}],"about":[{"href":"https:\/\/www.marianagurza.ro\/blog\/wp-json\/wp\/v2\/types\/post"}],"author":[{"embeddable":true,"href":"https:\/\/www.marianagurza.ro\/blog\/wp-json\/wp\/v2\/users\/1"}],"replies":[{"embeddable":true,"href":"https:\/\/www.marianagurza.ro\/blog\/wp-json\/wp\/v2\/comments?post=15472"}],"version-history":[{"count":3,"href":"https:\/\/www.marianagurza.ro\/blog\/wp-json\/wp\/v2\/posts\/15472\/revisions"}],"predecessor-version":[{"id":15475,"href":"https:\/\/www.marianagurza.ro\/blog\/wp-json\/wp\/v2\/posts\/15472\/revisions\/15475"}],"wp:attachment":[{"href":"https:\/\/www.marianagurza.ro\/blog\/wp-json\/wp\/v2\/media?parent=15472"}],"wp:term":[{"taxonomy":"category","embeddable":true,"href":"https:\/\/www.marianagurza.ro\/blog\/wp-json\/wp\/v2\/categories?post=15472"},{"taxonomy":"post_tag","embeddable":true,"href":"https:\/\/www.marianagurza.ro\/blog\/wp-json\/wp\/v2\/tags?post=15472"}],"curies":[{"name":"wp","href":"https:\/\/api.w.org\/{rel}","templated":true}]}}