{"id":15478,"date":"2013-09-18T13:51:58","date_gmt":"2013-09-18T13:51:58","guid":{"rendered":"http:\/\/www.marianagurza.ro\/blog\/?p=15478"},"modified":"2013-09-18T13:51:58","modified_gmt":"2013-09-18T13:51:58","slug":"doi-ani-fara-parintele-adrian-fageteanu","status":"publish","type":"post","link":"https:\/\/www.marianagurza.ro\/blog\/2013\/09\/18\/doi-ani-fara-parintele-adrian-fageteanu\/","title":{"rendered":"Doi ani f\u0103r\u0103 P\u0103rintele Adrian F\u0103ge\u021beanu&#8230;"},"content":{"rendered":"<p style=\"text-align: center;\"><a href=\"http:\/\/www.marianagurza.ro\/blog\/wp-content\/uploads\/2013\/09\/adrian-fageteanu3.jpg\"><img loading=\"lazy\" decoding=\"async\" class=\"size-full wp-image-15479\" title=\"adrian fageteanu,,,\" src=\"http:\/\/www.marianagurza.ro\/blog\/wp-content\/uploads\/2013\/09\/adrian-fageteanu3.jpg\" alt=\"\" width=\"259\" height=\"194\" \/><\/a><\/p>\n<p style=\"text-align: center;\"><strong>P\u0103rintele Adrian F\u0103ge\u021beanu<\/strong><\/p>\n<p style=\"text-align: center;\"><strong>(16 noiembrie 1912 \u00a0\u2013 27 septembrie 2011)<\/strong><\/p>\n<p style=\"text-align: center;\">\n<p style=\"text-align: justify;\"><strong>\u201e<em>Doamne, I\u021bi zic numai \u0162ie, Tu s\u0103 m\u0103 \u00eenve\u021bi, Tu s\u0103 m\u0103 \u00een\u021belep\u021be\u0219ti, Tu s\u0103 m\u0103 luminezi \u0219i mai ales Tu s\u0103 m\u0103 \u00eent\u0103re\u0219ti s\u0103 r\u0103m\u00e2n cu Tine!<\/em>\u201c.<\/strong><\/p>\n<p style=\"text-align: justify;\">Oamenii \u00eel caut\u0103 pe Dumnezeu numai la necaz, greut\u0103\u021bi \u0219i suferin\u021be. Dumnezeu ne-a spus: \u201c<em>Nu v\u0103 pune\u021bi n\u0103dejdea \u00een oameni<\/em>\u201d \u0219i noi ne aducem aminte de aceasta la nevoie. \u00cei sf\u0103tuiesc pe to\u021bi cre\u0219tinii s\u0103 nu uite de rug\u0103ciune nici c\u00e2nd le este bine \u0219i s\u0103 nu pun\u0103 pe al\u021bii s\u0103 se roage pentru ei \u2013 s\u0103 se roage pentru ei \u00een\u0219\u0103\u0219i.<\/p>\n<p style=\"text-align: justify;\">\n<p style=\"text-align: justify;\"><strong>Adrian F\u0103ge\u021beanu<\/strong><\/p>\n<p style=\"text-align: center;\">\n","protected":false},"excerpt":{"rendered":"<p>P\u0103rintele Adrian F\u0103ge\u021beanu (16 noiembrie 1912 \u00a0\u2013 27 septembrie 2011) \u201eDoamne, I\u021bi zic numai \u0162ie, Tu s\u0103 m\u0103 \u00eenve\u021bi, Tu [&#038;hellip<\/p>\n","protected":false},"author":1,"featured_media":0,"comment_status":"closed","ping_status":"closed","sticky":false,"template":"","format":"standard","meta":{"footnotes":""},"categories":[3],"tags":[],"class_list":["post-15478","post","type-post","status-publish","format-standard","hentry","category-articole"],"_links":{"self":[{"href":"https:\/\/www.marianagurza.ro\/blog\/wp-json\/wp\/v2\/posts\/15478","targetHints":{"allow":["GET"]}}],"collection":[{"href":"https:\/\/www.marianagurza.ro\/blog\/wp-json\/wp\/v2\/posts"}],"about":[{"href":"https:\/\/www.marianagurza.ro\/blog\/wp-json\/wp\/v2\/types\/post"}],"author":[{"embeddable":true,"href":"https:\/\/www.marianagurza.ro\/blog\/wp-json\/wp\/v2\/users\/1"}],"replies":[{"embeddable":true,"href":"https:\/\/www.marianagurza.ro\/blog\/wp-json\/wp\/v2\/comments?post=15478"}],"version-history":[{"count":2,"href":"https:\/\/www.marianagurza.ro\/blog\/wp-json\/wp\/v2\/posts\/15478\/revisions"}],"predecessor-version":[{"id":15481,"href":"https:\/\/www.marianagurza.ro\/blog\/wp-json\/wp\/v2\/posts\/15478\/revisions\/15481"}],"wp:attachment":[{"href":"https:\/\/www.marianagurza.ro\/blog\/wp-json\/wp\/v2\/media?parent=15478"}],"wp:term":[{"taxonomy":"category","embeddable":true,"href":"https:\/\/www.marianagurza.ro\/blog\/wp-json\/wp\/v2\/categories?post=15478"},{"taxonomy":"post_tag","embeddable":true,"href":"https:\/\/www.marianagurza.ro\/blog\/wp-json\/wp\/v2\/tags?post=15478"}],"curies":[{"name":"wp","href":"https:\/\/api.w.org\/{rel}","templated":true}]}}