{"id":15489,"date":"2013-09-27T16:44:25","date_gmt":"2013-09-27T16:44:25","guid":{"rendered":"http:\/\/www.marianagurza.ro\/blog\/?p=15489"},"modified":"2013-09-27T16:46:31","modified_gmt":"2013-09-27T16:46:31","slug":"vasile-voiculescu-cantecul-calatorului-in-toamna","status":"publish","type":"post","link":"https:\/\/www.marianagurza.ro\/blog\/2013\/09\/27\/vasile-voiculescu-cantecul-calatorului-in-toamna\/","title":{"rendered":"Vasile Voiculescu &#8211; C\u00e2ntecul c\u0103l\u0103torului \u00een toamn\u0103"},"content":{"rendered":"<p style=\"text-align: center;\"><a href=\"http:\/\/www.marianagurza.ro\/blog\/wp-content\/uploads\/2013\/09\/IMG_6981.jpg\"><img loading=\"lazy\" decoding=\"async\" class=\"size-medium wp-image-15490\" title=\"cantec\" src=\"http:\/\/www.marianagurza.ro\/blog\/wp-content\/uploads\/2013\/09\/IMG_6981-300x184.jpg\" alt=\"\" width=\"300\" height=\"184\" srcset=\"https:\/\/www.marianagurza.ro\/blog\/wp-content\/uploads\/2013\/09\/IMG_6981-300x184.jpg 300w, https:\/\/www.marianagurza.ro\/blog\/wp-content\/uploads\/2013\/09\/IMG_6981.jpg 640w\" sizes=\"auto, (max-width: 300px) 100vw, 300px\" \/><\/a><\/p>\n<p><strong>\u00a0\u00a0\u00a0\u00a0\u00a0\u00a0\u00a0\u00a0\u00a0\u00a0\u00a0\u00a0 C\u00e2ntecul c\u0103l\u0103torului \u00een toamn\u0103<\/strong><\/p>\n<p>&nbsp;<\/p>\n<p>Piere zvon subt zariste,<br \/>\ntalanga in rariste.<\/p>\n<p>Vine toamna oilor<br \/>\nprin panzele ploilor.<\/p>\n<p>Glas dau cetii, patimii<br \/>\ncu frunza lor paltinii.<\/p>\n<p>Jalea ratacirilor,<br \/>\nmohorul mahnirilor,<\/p>\n<p>ale cui sunt, ale cui?<br \/>\nParc-ar fi a nimanui.<\/p>\n<p>Mi-au secat pleoapele<br \/>\nsi-n inima apele.<\/p>\n<p>Doar cand urc poienele<br \/>\nmi se-ncarca genele<\/p>\n<p>subt amiaza fierului<br \/>\nde picurii cerului.<\/p>\n<p>Plang spre zarea dorului<br \/>\ncu lacrima norului.<\/p>\n","protected":false},"excerpt":{"rendered":"<p>\u00a0\u00a0\u00a0\u00a0\u00a0\u00a0\u00a0\u00a0\u00a0\u00a0\u00a0\u00a0 C\u00e2ntecul c\u0103l\u0103torului \u00een toamn\u0103 &nbsp; Piere zvon subt zariste, talanga in rariste. Vine toamna oilor prin panzele ploilor. Glas [&#038;hellip<\/p>\n","protected":false},"author":1,"featured_media":0,"comment_status":"closed","ping_status":"closed","sticky":false,"template":"","format":"standard","meta":{"footnotes":""},"categories":[3],"tags":[],"class_list":["post-15489","post","type-post","status-publish","format-standard","hentry","category-articole"],"_links":{"self":[{"href":"https:\/\/www.marianagurza.ro\/blog\/wp-json\/wp\/v2\/posts\/15489","targetHints":{"allow":["GET"]}}],"collection":[{"href":"https:\/\/www.marianagurza.ro\/blog\/wp-json\/wp\/v2\/posts"}],"about":[{"href":"https:\/\/www.marianagurza.ro\/blog\/wp-json\/wp\/v2\/types\/post"}],"author":[{"embeddable":true,"href":"https:\/\/www.marianagurza.ro\/blog\/wp-json\/wp\/v2\/users\/1"}],"replies":[{"embeddable":true,"href":"https:\/\/www.marianagurza.ro\/blog\/wp-json\/wp\/v2\/comments?post=15489"}],"version-history":[{"count":4,"href":"https:\/\/www.marianagurza.ro\/blog\/wp-json\/wp\/v2\/posts\/15489\/revisions"}],"predecessor-version":[{"id":15492,"href":"https:\/\/www.marianagurza.ro\/blog\/wp-json\/wp\/v2\/posts\/15489\/revisions\/15492"}],"wp:attachment":[{"href":"https:\/\/www.marianagurza.ro\/blog\/wp-json\/wp\/v2\/media?parent=15489"}],"wp:term":[{"taxonomy":"category","embeddable":true,"href":"https:\/\/www.marianagurza.ro\/blog\/wp-json\/wp\/v2\/categories?post=15489"},{"taxonomy":"post_tag","embeddable":true,"href":"https:\/\/www.marianagurza.ro\/blog\/wp-json\/wp\/v2\/tags?post=15489"}],"curies":[{"name":"wp","href":"https:\/\/api.w.org\/{rel}","templated":true}]}}