{"id":15497,"date":"2013-09-28T04:57:42","date_gmt":"2013-09-28T04:57:42","guid":{"rendered":"http:\/\/www.marianagurza.ro\/blog\/?p=15497"},"modified":"2013-09-28T04:57:42","modified_gmt":"2013-09-28T04:57:42","slug":"iarasi%e2%80%a6de-boris-david","status":"publish","type":"post","link":"https:\/\/www.marianagurza.ro\/blog\/2013\/09\/28\/iarasi%e2%80%a6de-boris-david\/","title":{"rendered":"Iar\u0103\u015fi\u2026de Boris David"},"content":{"rendered":"<p style=\"text-align: center;\"><a href=\"http:\/\/www.marianagurza.ro\/blog\/wp-content\/uploads\/2013\/09\/toamna2.jpg\"><img loading=\"lazy\" decoding=\"async\" class=\"size-medium wp-image-15498\" title=\"toamna2\" src=\"http:\/\/www.marianagurza.ro\/blog\/wp-content\/uploads\/2013\/09\/toamna2-300x240.jpg\" alt=\"\" width=\"300\" height=\"240\" srcset=\"https:\/\/www.marianagurza.ro\/blog\/wp-content\/uploads\/2013\/09\/toamna2-300x240.jpg 300w, https:\/\/www.marianagurza.ro\/blog\/wp-content\/uploads\/2013\/09\/toamna2-1024x819.jpg 1024w, https:\/\/www.marianagurza.ro\/blog\/wp-content\/uploads\/2013\/09\/toamna2.jpg 1280w\" sizes=\"auto, (max-width: 300px) 100vw, 300px\" \/><\/a><\/p>\n<p style=\"text-align: center;\">\n<p style=\"text-align: left;\"><strong>Iar\u0103\u015fi&#8230;<\/strong><\/p>\n<p style=\"text-align: left;\">\u00a0\u00a0\u00a0\u00a0\u00a0\u00a0\u00a0\u00a0\u00a0\u00a0\u00a0\u00a0\u00a0 <em>de Boris David<\/em><\/p>\n<p style=\"text-align: left;\">\n<p>Iar\u0103\u015fi toamna m\u0103 \u00eembat\u0103<\/p>\n<p>Cu-al ei galben-auriu<\/p>\n<p>Calc covorul de m\u0103tase<\/p>\n<p>Ce se-a\u015fterne timpuriu.<\/p>\n<p>&nbsp;<\/p>\n<p>N-a trecut m\u0103car septembre<\/p>\n<p>Cimitirul a pierdut<\/p>\n<p>Verdele ce-l \u00eenconjoar\u0103<\/p>\n<p>Iz de via\u0163\u0103 ce-a avut<\/p>\n<p>&nbsp;<\/p>\n<p>Fo\u015fnetul parc\u0103-mi \u015fopte\u015fte<\/p>\n<p>Nu c\u0103lca, nu-i de strivit<\/p>\n<p>Tot ce ast\u0103zi, d\u0103 s\u0103 moar\u0103<\/p>\n<p>E doar pentru-a fi privit.<\/p>\n<p>&nbsp;<\/p>\n<p>&nbsp;<\/p>\n<p>Ce-a plecat e dus de timpul<\/p>\n<p>Care secer\u0103 cumplit<\/p>\n<p>Dac\u0103 e s\u0103 pleci, te-mbat\u0103<\/p>\n<p>De frumosul d\u0103ruit.<\/p>\n<p>&nbsp;<\/p>\n<p>&nbsp;<\/p>\n<p>Din ce-\u0163i spun tu \u00een\u0163elege<\/p>\n<p>Rostul vie\u0163ii pe p\u0103m\u00e2nt<\/p>\n<p>Cimitiru-i doar pictur\u0103<\/p>\n<p>Nu te cheam\u0103 \u00een morm\u00e2nt\u2026<\/p>\n<p>&nbsp;<\/p>\n<p>21 septembrie 2013<\/p>\n<p>Boris David<\/p>\n<p>Bucuresti<\/p>\n","protected":false},"excerpt":{"rendered":"<p>Iar\u0103\u015fi&#8230; \u00a0\u00a0\u00a0\u00a0\u00a0\u00a0\u00a0\u00a0\u00a0\u00a0\u00a0\u00a0\u00a0 de Boris David Iar\u0103\u015fi toamna m\u0103 \u00eembat\u0103 Cu-al ei galben-auriu Calc covorul de m\u0103tase Ce se-a\u015fterne timpuriu. &nbsp; [&#038;hellip<\/p>\n","protected":false},"author":1,"featured_media":0,"comment_status":"closed","ping_status":"closed","sticky":false,"template":"","format":"standard","meta":{"footnotes":""},"categories":[3],"tags":[],"class_list":["post-15497","post","type-post","status-publish","format-standard","hentry","category-articole"],"_links":{"self":[{"href":"https:\/\/www.marianagurza.ro\/blog\/wp-json\/wp\/v2\/posts\/15497","targetHints":{"allow":["GET"]}}],"collection":[{"href":"https:\/\/www.marianagurza.ro\/blog\/wp-json\/wp\/v2\/posts"}],"about":[{"href":"https:\/\/www.marianagurza.ro\/blog\/wp-json\/wp\/v2\/types\/post"}],"author":[{"embeddable":true,"href":"https:\/\/www.marianagurza.ro\/blog\/wp-json\/wp\/v2\/users\/1"}],"replies":[{"embeddable":true,"href":"https:\/\/www.marianagurza.ro\/blog\/wp-json\/wp\/v2\/comments?post=15497"}],"version-history":[{"count":2,"href":"https:\/\/www.marianagurza.ro\/blog\/wp-json\/wp\/v2\/posts\/15497\/revisions"}],"predecessor-version":[{"id":15500,"href":"https:\/\/www.marianagurza.ro\/blog\/wp-json\/wp\/v2\/posts\/15497\/revisions\/15500"}],"wp:attachment":[{"href":"https:\/\/www.marianagurza.ro\/blog\/wp-json\/wp\/v2\/media?parent=15497"}],"wp:term":[{"taxonomy":"category","embeddable":true,"href":"https:\/\/www.marianagurza.ro\/blog\/wp-json\/wp\/v2\/categories?post=15497"},{"taxonomy":"post_tag","embeddable":true,"href":"https:\/\/www.marianagurza.ro\/blog\/wp-json\/wp\/v2\/tags?post=15497"}],"curies":[{"name":"wp","href":"https:\/\/api.w.org\/{rel}","templated":true}]}}