{"id":15530,"date":"2013-09-28T09:43:18","date_gmt":"2013-09-28T09:43:18","guid":{"rendered":"http:\/\/www.marianagurza.ro\/blog\/?p=15530"},"modified":"2013-09-28T09:43:18","modified_gmt":"2013-09-28T09:43:18","slug":"boris-david-neantului-din-mine%e2%80%a6","status":"publish","type":"post","link":"https:\/\/www.marianagurza.ro\/blog\/2013\/09\/28\/boris-david-neantului-din-mine%e2%80%a6\/","title":{"rendered":"Boris David: Neantului din mine\u2026"},"content":{"rendered":"<p style=\"text-align: center;\"><a href=\"http:\/\/www.marianagurza.ro\/blog\/wp-content\/uploads\/2013\/09\/51eb4cc4d2111260aed8a86e13f7db89.jpg\"><img loading=\"lazy\" decoding=\"async\" class=\"size-medium wp-image-15533\" title=\"ai aparut,,,\" src=\"http:\/\/www.marianagurza.ro\/blog\/wp-content\/uploads\/2013\/09\/51eb4cc4d2111260aed8a86e13f7db89-300x300.jpg\" alt=\"\" width=\"300\" height=\"300\" srcset=\"https:\/\/www.marianagurza.ro\/blog\/wp-content\/uploads\/2013\/09\/51eb4cc4d2111260aed8a86e13f7db89-300x300.jpg 300w, https:\/\/www.marianagurza.ro\/blog\/wp-content\/uploads\/2013\/09\/51eb4cc4d2111260aed8a86e13f7db89-150x150.jpg 150w, https:\/\/www.marianagurza.ro\/blog\/wp-content\/uploads\/2013\/09\/51eb4cc4d2111260aed8a86e13f7db89.jpg 601w\" sizes=\"auto, (max-width: 300px) 100vw, 300px\" \/><\/a><\/p>\n<p>&nbsp;<\/p>\n<p><strong> Ai ap\u0103rut\u2026<\/strong><\/p>\n<p>(<em>dedicatie pt. mg<\/em>)<\/p>\n<p>&nbsp;<\/p>\n<p>Ai ap\u0103rut \u00een via\u0163a mea<\/p>\n<p>T\u00e2rziu, a\u015f spune-n miez de noapte,<\/p>\n<p>C\u00e2nd nu aud a vie\u0163ii \u015foapte,<\/p>\n<p>\u015ei nu mai v\u0103d lumina ta.<\/p>\n<p>&nbsp;<\/p>\n<p>Eu m\u0103 \u00eendrept \u00eenspre o tain\u0103<\/p>\n<p>Ce n-o-n\u0163elege nimenea \u2013<\/p>\n<p>\u015ei eu m\u0103-ntreb ce-o fi cu ea \u2013<\/p>\n<p>Unde dispare via\u0163a-mi fain\u0103?!<\/p>\n<p>&nbsp;<\/p>\n<p>Tu, te prefaci a nu-n\u0163elege,<\/p>\n<p>Ce cred c\u0103 to\u0163i au \u00een\u0163eles \u2013<\/p>\n<p>Din tot ce spui, bine-n\u0163eles,<\/p>\n<p>Eu \u015ftiu, ce-n fond, se va alege.<\/p>\n<p>&nbsp;<\/p>\n<p>\u015ei-a\u015fa \u00eemi umplu drumul greu,<\/p>\n<p>Cu doruri din f\u0103ptura-mi toat\u0103 \u2013<\/p>\n<p>Dar vine-o raz\u0103, deodat\u0103,<\/p>\n<p>Trezind ce-a fost, doar, visul meu\u2026<\/p>\n<p>&nbsp;<\/p>\n<p>Boris David<\/p>\n<p>28 septembrie 2013<\/p>\n","protected":false},"excerpt":{"rendered":"<p>&nbsp; Ai ap\u0103rut\u2026 (dedicatie pt. mg) &nbsp; Ai ap\u0103rut \u00een via\u0163a mea T\u00e2rziu, a\u015f spune-n miez de noapte, C\u00e2nd nu [&#038;hellip<\/p>\n","protected":false},"author":1,"featured_media":0,"comment_status":"closed","ping_status":"closed","sticky":false,"template":"","format":"standard","meta":{"footnotes":""},"categories":[3],"tags":[],"class_list":["post-15530","post","type-post","status-publish","format-standard","hentry","category-articole"],"_links":{"self":[{"href":"https:\/\/www.marianagurza.ro\/blog\/wp-json\/wp\/v2\/posts\/15530","targetHints":{"allow":["GET"]}}],"collection":[{"href":"https:\/\/www.marianagurza.ro\/blog\/wp-json\/wp\/v2\/posts"}],"about":[{"href":"https:\/\/www.marianagurza.ro\/blog\/wp-json\/wp\/v2\/types\/post"}],"author":[{"embeddable":true,"href":"https:\/\/www.marianagurza.ro\/blog\/wp-json\/wp\/v2\/users\/1"}],"replies":[{"embeddable":true,"href":"https:\/\/www.marianagurza.ro\/blog\/wp-json\/wp\/v2\/comments?post=15530"}],"version-history":[{"count":2,"href":"https:\/\/www.marianagurza.ro\/blog\/wp-json\/wp\/v2\/posts\/15530\/revisions"}],"predecessor-version":[{"id":15535,"href":"https:\/\/www.marianagurza.ro\/blog\/wp-json\/wp\/v2\/posts\/15530\/revisions\/15535"}],"wp:attachment":[{"href":"https:\/\/www.marianagurza.ro\/blog\/wp-json\/wp\/v2\/media?parent=15530"}],"wp:term":[{"taxonomy":"category","embeddable":true,"href":"https:\/\/www.marianagurza.ro\/blog\/wp-json\/wp\/v2\/categories?post=15530"},{"taxonomy":"post_tag","embeddable":true,"href":"https:\/\/www.marianagurza.ro\/blog\/wp-json\/wp\/v2\/tags?post=15530"}],"curies":[{"name":"wp","href":"https:\/\/api.w.org\/{rel}","templated":true}]}}