{"id":15569,"date":"2013-09-30T14:09:40","date_gmt":"2013-09-30T14:09:40","guid":{"rendered":"http:\/\/www.marianagurza.ro\/blog\/?p=15569"},"modified":"2013-09-30T14:16:24","modified_gmt":"2013-09-30T14:16:24","slug":"a-aparut-albumul-de-fotografie-si-vorbe-de-duh-%e2%80%9cparintele-justin-marturisitorul%e2%80%9d-%e2%80%93-de-cristina-nichitus-roncea-o-lucrare-de-suflet-inchinata-tuturor-celor-care-iubesc-romani","status":"publish","type":"post","link":"https:\/\/www.marianagurza.ro\/blog\/2013\/09\/30\/a-aparut-albumul-de-fotografie-si-vorbe-de-duh-%e2%80%9cparintele-justin-marturisitorul%e2%80%9d-%e2%80%93-de-cristina-nichitus-roncea-o-lucrare-de-suflet-inchinata-tuturor-celor-care-iubesc-romani\/","title":{"rendered":"Victor Roncea: &#8220;A ap\u0103rut Albumul de fotografie \u0219i vorbe de duh \u201cP\u0103rintele Justin M\u0103rturisitorul\u201d \u2013 de Cristina Nichitu\u0219 Roncea. O lucrare de suflet \u00eenchinat\u0103 tuturor celor care iubesc Rom\u00e2nia&#8221;"},"content":{"rendered":"<p style=\"text-align: center;\"><a href=\"http:\/\/www.marianagurza.ro\/blog\/wp-content\/uploads\/2013\/09\/644113_650917174942580_2107049385_n.jpg\"><img loading=\"lazy\" decoding=\"async\" class=\"size-medium wp-image-15570\" title=\"album cristina nichitus roncea\" src=\"http:\/\/www.marianagurza.ro\/blog\/wp-content\/uploads\/2013\/09\/644113_650917174942580_2107049385_n-300x274.jpg\" alt=\"\" width=\"300\" height=\"274\" srcset=\"https:\/\/www.marianagurza.ro\/blog\/wp-content\/uploads\/2013\/09\/644113_650917174942580_2107049385_n-300x274.jpg 300w, https:\/\/www.marianagurza.ro\/blog\/wp-content\/uploads\/2013\/09\/644113_650917174942580_2107049385_n.jpg 524w\" sizes=\"auto, (max-width: 300px) 100vw, 300px\" \/><\/a><\/p>\n<p style=\"text-align: justify;\"><strong>&#8220;Intr-o lume napadita de rau, de politicianisme ieftine, ticalosie si tradare, demagogie strigatoare la cer si mizerie morala, va propun sa luati o gura de aer. Aer curat, de munte, taios. Uitati, macar pentru cateva clipe, de toate nenorocirile cotidiene, de televizor, de guvern, de mitocania publica cu care va veti confrunta inevitabil in noua saptamana. Puneti-le un \u201cstop\u201d. Si bucurati-va de frumos. Bucurati-va de iubirea lasata in urma sa de un sfant Parinte: Parintele Justin Parvu. Iubire surprinsa si redata lumii de fotografa Cristina Nichitus Roncea, in noul ei Albumul dedicat vietii, mortii si iar vietii celui ce a fost, este si va fi \u201cParintele Justin Marturisitorul\u201d. Programat initial sa apara la pomenirea de 40 de zile de la trecerea la Ceruri a Duhovnicului Neamului, dupa ispitele inerente pentru o asemenea lucrare, cu ajutorul rugaciunilor Parintelui Albumul a iesit din tipar in cetatea de scaun a lui Stefan cel Mare si Sfant din gradina Mitropoliei Moldovei si Bucovinei pe 13 septembrie, urmand sa intre in librarii pe 1 octombrie, la sarbatoarea Acoperamantului Maicii Domnului. Aflati mai jos cuprinsul Albumului si gasiti legaturi catre numeroase fotografii memorabile care sa va bucure ochii si sufletul, fotografii insotite in Album de cuvinte de duh, cuvintele de foc ale Voievodului Ortodoxiei Romanesti, Parintele Inimilor, Sfantul de la Petru Voda.&#8221; <\/strong><\/p>\n<p style=\"text-align: justify;\"><strong>Victor Roncea<\/strong><\/p>\n<p style=\"text-align: justify;\"><strong><a title=\"Permalink to P\u0103rintele Justin M\u0103rturisitorul \u2013 Album Foto de Cristina Nichitu\u0219 Roncea. Despre o lucrare de suflet \u00eenchinat\u0103 tuturor celor care iubesc Rom\u00e2nia\" href=\"http:\/\/www.parintelejustinparvu.ro\/2013\/09\/28\/parintele-justin-marturisitorul-album-foto-de-cristina-nichitus-roncea\/\" rel=\"bookmark\">P\u0103rintele Justin M\u0103rturisitorul \u2013 Album Foto de Cristina Nichitu\u0219 Roncea. Despre o lucrare de suflet \u00eenchinat\u0103 tuturor celor care iubesc Rom\u00e2nia<\/a><\/strong><\/p>\n<p style=\"text-align: justify;\"><strong>Despre o lucrare de suflet \u00eenchinat\u0103 tuturor celor care iubesc Rom\u00e2nia<\/strong>, de citit :<a href=\"http:\/\/roncea.ro\/2013\/09\/29\/a-aparut-albumul-de-fotografie-si-vorbe-de-duh-parintele-justin-marturisitorul-de-cristina-nichitus-roncea-o-lucrare-de-suflet-inchinata-tuturor-celor-care-iubesc-romania\/\"> http:\/\/roncea.ro\/2013\/09\/29\/a-aparut-albumul-de-fotografie-si-vorbe-de-duh-parintele-justin-marturisitorul-de-cristina-nichitus-roncea-o-lucrare-de-suflet-inchinata-tuturor-celor-care-iubesc-romania\/<\/a><\/p>\n<p style=\"text-align: left;\"><strong>Felicit\u0103ri Cristina Nichitu\u0219 Roncea!<\/strong><\/p>\n<p style=\"text-align: left;\">mg<\/p>\n","protected":false},"excerpt":{"rendered":"<p>&#8220;Intr-o lume napadita de rau, de politicianisme ieftine, ticalosie si tradare, demagogie strigatoare la cer si mizerie morala, va propun [&#038;hellip<\/p>\n","protected":false},"author":1,"featured_media":0,"comment_status":"closed","ping_status":"closed","sticky":false,"template":"","format":"standard","meta":{"footnotes":""},"categories":[3,6],"tags":[],"class_list":["post-15569","post","type-post","status-publish","format-standard","hentry","category-articole","category-linkuri-externe"],"_links":{"self":[{"href":"https:\/\/www.marianagurza.ro\/blog\/wp-json\/wp\/v2\/posts\/15569","targetHints":{"allow":["GET"]}}],"collection":[{"href":"https:\/\/www.marianagurza.ro\/blog\/wp-json\/wp\/v2\/posts"}],"about":[{"href":"https:\/\/www.marianagurza.ro\/blog\/wp-json\/wp\/v2\/types\/post"}],"author":[{"embeddable":true,"href":"https:\/\/www.marianagurza.ro\/blog\/wp-json\/wp\/v2\/users\/1"}],"replies":[{"embeddable":true,"href":"https:\/\/www.marianagurza.ro\/blog\/wp-json\/wp\/v2\/comments?post=15569"}],"version-history":[{"count":4,"href":"https:\/\/www.marianagurza.ro\/blog\/wp-json\/wp\/v2\/posts\/15569\/revisions"}],"predecessor-version":[{"id":15572,"href":"https:\/\/www.marianagurza.ro\/blog\/wp-json\/wp\/v2\/posts\/15569\/revisions\/15572"}],"wp:attachment":[{"href":"https:\/\/www.marianagurza.ro\/blog\/wp-json\/wp\/v2\/media?parent=15569"}],"wp:term":[{"taxonomy":"category","embeddable":true,"href":"https:\/\/www.marianagurza.ro\/blog\/wp-json\/wp\/v2\/categories?post=15569"},{"taxonomy":"post_tag","embeddable":true,"href":"https:\/\/www.marianagurza.ro\/blog\/wp-json\/wp\/v2\/tags?post=15569"}],"curies":[{"name":"wp","href":"https:\/\/api.w.org\/{rel}","templated":true}]}}