{"id":15735,"date":"2013-10-09T09:31:22","date_gmt":"2013-10-09T09:31:22","guid":{"rendered":"http:\/\/www.marianagurza.ro\/blog\/?p=15735"},"modified":"2013-10-09T09:32:16","modified_gmt":"2013-10-09T09:32:16","slug":"trestia-lui-pascal","status":"publish","type":"post","link":"https:\/\/www.marianagurza.ro\/blog\/2013\/10\/09\/trestia-lui-pascal\/","title":{"rendered":"Trestia lui Pascal"},"content":{"rendered":"<p style=\"text-align: center;\"><a href=\"http:\/\/www.marianagurza.ro\/blog\/wp-content\/uploads\/2013\/10\/mariana.jpg\"><img loading=\"lazy\" decoding=\"async\" class=\"size-full wp-image-15736\" title=\"mariana\" src=\"http:\/\/www.marianagurza.ro\/blog\/wp-content\/uploads\/2013\/10\/mariana.jpg\" alt=\"\" width=\"126\" height=\"195\" \/><\/a><\/p>\n<p><strong>TRESTIA LUI PASCAL<\/strong><\/p>\n<p>&nbsp;<\/p>\n<p>Ca trestia m\u0103 \u00eendoiesc<\/p>\n<p>de tot ce v\u0103d.<\/p>\n<p>Dar sufletul meu plimb\u0103 renii<\/p>\n<p>prin de\u015fertul Polului Nord,<\/p>\n<p>&nbsp;<\/p>\n<p>locuit de fantasmele malefice,<\/p>\n<p>f\u0103r\u0103 s\u0103 \u015ftie c\u0103 dincolo de toate<\/p>\n<p>noi suntem noi,<\/p>\n<p>trestiile r\u00e2urilor<\/p>\n<p>cu g\u00e2nd spre izvoare.<\/p>\n<p>&nbsp;<\/p>\n<p><strong>SFIDARE<\/strong><\/p>\n<p>&nbsp;<\/p>\n<p>Pe malurile timpului,<\/p>\n<p>vremea rece \u015fi ploaia<\/p>\n<p>r\u0103coresc suflete.<\/p>\n<p>Unii zidesc palate \u00een sfidare<\/p>\n<p>f\u0103r\u0103 s\u0103 \u00eentoarc\u0103 privirea,<\/p>\n<p>f\u0103r\u0103 s\u0103 le pese de molim\u0103,<\/p>\n<p>de cancer, de tot ce ucide<\/p>\n<p>\u00een noi \u015fi printre noi.<\/p>\n<p>iar eu, cu rugul \u00eentreb\u0103rii<\/p>\n<p>\u00eencotro<\/p>\n<p>prea rar<\/p>\n<p>pricep sensul cuvintelor<\/p>\n<p>care scriu<\/p>\n<p>numele pomeni\u0163ilor.<\/p>\n<p>&nbsp;<\/p>\n<p><strong>ALEG \u015eI TOT ALEG\u2026<\/strong><\/p>\n<p>&nbsp;<\/p>\n<p>Nu \u015ftiu ce drumuri s\u0103 aleg.<\/p>\n<p>Ba sunt netede<\/p>\n<p>\u015fi mi s-au obi\u015fnuit<\/p>\n<p>picioarele cu ele,<\/p>\n<p>ba b\u0103t\u0103torite de alte picioare\u2026<\/p>\n<p>Mai \u00eencolo nici nu cunosc<\/p>\n<p>ce m-a\u015fteapt\u0103<\/p>\n<p>E lumin\u0103<\/p>\n<p>dincolo de lumin\u0103 ?<\/p>\n<p>sau \u00eentuneric<\/p>\n<p>dincolo de \u00eentuneric ?<\/p>\n<p>&nbsp;<\/p>\n<p>Mariana Gurza<\/p>\n","protected":false},"excerpt":{"rendered":"<p>TRESTIA LUI PASCAL &nbsp; Ca trestia m\u0103 \u00eendoiesc de tot ce v\u0103d. Dar sufletul meu plimb\u0103 renii prin de\u015fertul Polului [&#038;hellip<\/p>\n","protected":false},"author":1,"featured_media":0,"comment_status":"closed","ping_status":"closed","sticky":false,"template":"","format":"standard","meta":{"footnotes":""},"categories":[3],"tags":[],"class_list":["post-15735","post","type-post","status-publish","format-standard","hentry","category-articole"],"_links":{"self":[{"href":"https:\/\/www.marianagurza.ro\/blog\/wp-json\/wp\/v2\/posts\/15735","targetHints":{"allow":["GET"]}}],"collection":[{"href":"https:\/\/www.marianagurza.ro\/blog\/wp-json\/wp\/v2\/posts"}],"about":[{"href":"https:\/\/www.marianagurza.ro\/blog\/wp-json\/wp\/v2\/types\/post"}],"author":[{"embeddable":true,"href":"https:\/\/www.marianagurza.ro\/blog\/wp-json\/wp\/v2\/users\/1"}],"replies":[{"embeddable":true,"href":"https:\/\/www.marianagurza.ro\/blog\/wp-json\/wp\/v2\/comments?post=15735"}],"version-history":[{"count":3,"href":"https:\/\/www.marianagurza.ro\/blog\/wp-json\/wp\/v2\/posts\/15735\/revisions"}],"predecessor-version":[{"id":15738,"href":"https:\/\/www.marianagurza.ro\/blog\/wp-json\/wp\/v2\/posts\/15735\/revisions\/15738"}],"wp:attachment":[{"href":"https:\/\/www.marianagurza.ro\/blog\/wp-json\/wp\/v2\/media?parent=15735"}],"wp:term":[{"taxonomy":"category","embeddable":true,"href":"https:\/\/www.marianagurza.ro\/blog\/wp-json\/wp\/v2\/categories?post=15735"},{"taxonomy":"post_tag","embeddable":true,"href":"https:\/\/www.marianagurza.ro\/blog\/wp-json\/wp\/v2\/tags?post=15735"}],"curies":[{"name":"wp","href":"https:\/\/api.w.org\/{rel}","templated":true}]}}