{"id":15740,"date":"2013-10-13T08:49:11","date_gmt":"2013-10-13T08:49:11","guid":{"rendered":"http:\/\/www.marianagurza.ro\/blog\/?p=15740"},"modified":"2013-10-13T08:49:11","modified_gmt":"2013-10-13T08:49:11","slug":"popor-martir-de-sf-ioan-iacob-hozevitul","status":"publish","type":"post","link":"https:\/\/www.marianagurza.ro\/blog\/2013\/10\/13\/popor-martir-de-sf-ioan-iacob-hozevitul\/","title":{"rendered":"Popor martir de  Sf. Ioan Iacob Hozevitul"},"content":{"rendered":"<p style=\"text-align: center;\"><a href=\"http:\/\/www.marianagurza.ro\/blog\/wp-content\/uploads\/2013\/10\/iacobhozevitul3-01-03.jpg\"><img loading=\"lazy\" decoding=\"async\" class=\"size-medium wp-image-15741\" title=\"iacobhozevitul3-01-03\" src=\"http:\/\/www.marianagurza.ro\/blog\/wp-content\/uploads\/2013\/10\/iacobhozevitul3-01-03-184x300.jpg\" alt=\"\" width=\"184\" height=\"300\" srcset=\"https:\/\/www.marianagurza.ro\/blog\/wp-content\/uploads\/2013\/10\/iacobhozevitul3-01-03-184x300.jpg 184w, https:\/\/www.marianagurza.ro\/blog\/wp-content\/uploads\/2013\/10\/iacobhozevitul3-01-03.jpg 400w\" sizes=\"auto, (max-width: 184px) 100vw, 184px\" \/><\/a><\/p>\n<p style=\"text-align: left;\">\n<p><strong>\u00a0\u00a0\u00a0\u00a0\u00a0\u00a0\u00a0\u00a0 Popor martir<\/strong><\/p>\n<p><strong>\u00a0\u00a0\u00a0\u00a0\u00a0\u00a0\u00a0\u00a0\u00a0 \u00a0\u00a0\u00a0\u00a0\u00a0\u00a0\u00a0\u00a0\u00a0\u00a0\u00a0\u00a0\u00a0\u00a0\u00a0 <\/strong>de<strong> \u00a0<\/strong>Sf. Ioan Iacob Hozevitul<\/p>\n<p>&nbsp;<\/p>\n<p>Din via\u0163a ta \u2013 cum v\u0103d \u2013 \u00eenseamn\u0103<br \/>\nPoporule mult zbuciumat<br \/>\nC\u0103 e\u015fti ca gr\u00e2ul cel de toamn\u0103:<br \/>\n\u00cen ploi \u015fi v\u00e2nturi sem\u0103nat.<\/p>\n<p>&nbsp;<\/p>\n<p>Tu e\u015fti odrasla cea mezin\u0103<br \/>\nA trunchiului daco-roman,<br \/>\nN\u0103scut cu sabia \u00een m\u00e2n\u0103<br \/>\nAici, \u00een c\u00e2mpul dun\u0103rean.<\/p>\n<p>&nbsp;<\/p>\n<p>Ca leag\u0103n scump tu ai doar mun\u0163ii<br \/>\n\u015ei sc\u0103ld\u0103toare Dun\u0103rea,<br \/>\nP\u0103durile cununa frun\u0163ii,<br \/>\nIar holdele sunt haina ta.<\/p>\n<p>&nbsp;<\/p>\n<p>\u00cen s\u00e2ngele muceniciei<br \/>\nAi fost prin veacuri botezat<br \/>\n\u015ei-n v\u00e2rsta crud\u0103 a prunciei<br \/>\nN-ai fost ca al\u0163ii alintat.<\/p>\n<p>&nbsp;<\/p>\n<p>C\u0103ci tu fiind abia \u00een fa\u015f\u0103<br \/>\nP\u0103rin\u0163ii te-au l\u0103sat orfan<br \/>\n\u015ei spre fiin\u0163a ta ginga\u015f\u0103<br \/>\nS-arunc\u0103 barbarul tiran.<\/p>\n<p>&nbsp;<\/p>\n<p>Lu\u00e2ndu-\u0163i drumul pribegiei<br \/>\nTr\u0103ie\u015fti prin mun\u0163i \u015fi prin p\u0103duri<br \/>\n\u015ei \u201cveacuri de mucenicie\u201d<br \/>\nDe la s\u0103lbatici tu \u00eenduri.<\/p>\n<p>&nbsp;<\/p>\n<p>C\u00e2nd negura p\u0103g\u00e2n\u0103t\u0103\u0163ii<br \/>\nSe n\u0103pustea c\u0103tre Apus<br \/>\nAi fost atunci Cre\u015ftin\u0103t\u0103\u0163ii<br \/>\nCa scut de paz\u0103 ner\u0103pus.<\/p>\n<p>&nbsp;<\/p>\n<p>C\u00e2nd na\u0163iile apusene<br \/>\nUrzesc \u201cprogresul\u201d \u0163\u0103rii lor<br \/>\n\u00cen \u015fesurile dun\u0103rene<br \/>\nTu rabzi potop cotropitor.<\/p>\n<p>&nbsp;<\/p>\n<p>La \u201ccuibul\u201d proasp\u0103t din c\u00e2mpie<br \/>\nAbia atunci \u00eenfiripat<br \/>\nS-arunc\u0103 valuri din pustie<br \/>\nDe go\u0163i \u015fi huni ne\u00eencetat.<\/p>\n<p>&nbsp;<\/p>\n<p>Tu st\u00e2nd cu ghioaga nestrujit\u0103<br \/>\nLa trec\u0103toare \u00eentre mun\u0163i,<br \/>\nCa santinel\u0103 neclintit\u0103<br \/>\nA lor n\u0103val\u0103 o \u00eenfrun\u0163i.<\/p>\n<p>&nbsp;<\/p>\n<p>Deci tu de mic, o, mucenice,<br \/>\nAi fost z\u0103gazul nemi\u015fcat<br \/>\nA valurilor inamice<br \/>\n\u015ei tu pe to\u0163i i-ai ap\u0103rat.<\/p>\n<p>&nbsp;<\/p>\n<p>\u00cen vremea cea de suferin\u0163\u0103<br \/>\nBiserica te-a \u00eendulcit<br \/>\nCu laptele bunei credin\u0163e<br \/>\n\u015ei pa\u015fii \u0163i-a c\u0103l\u0103uzit.<\/p>\n<p>&nbsp;<\/p>\n<p>Din gura ei \u00eenve\u0163i tu graiul<br \/>\nFrumos ca imnul \u00eengeresc<br \/>\n\u015ei ea \u00ee\u0163i preg\u0103te\u015fte Raiul<br \/>\n\u00cen slava Tat\u0103lui Ceresc.<\/p>\n<p>&nbsp;<\/p>\n<p>Cuv\u00e2ntul ei \u0163i-a dat t\u0103rie<br \/>\nC\u00e2nd sufletul era m\u00e2hnit<br \/>\n\u015ei-av\u00e2nd n\u0103dejdea-n ve\u015fnicie<br \/>\nNecazul nu te-a biruit.<\/p>\n<p>&nbsp;<\/p>\n<p>De c\u00e2te ori te-ngenuncheaz\u0103<br \/>\nVr\u0103jma\u015fii cei cotropitori,<br \/>\n\u201cB\u0103tr\u00e2na\u201d te \u00eemb\u0103rb\u0103teaz\u0103<br \/>\n\u015ei nu te las\u0103 ca s\u0103 mori.<\/p>\n<p>&nbsp;<\/p>\n<p>Deci nu sl\u0103bi \u015fi crede numa<br \/>\nC\u0103 \u201cMaica\u201d nu te-a p\u0103r\u0103sit,<br \/>\nCi darul ei, \u00eent\u00e2i \u015fi-acuma,<br \/>\nTe sprijin\u0103 necontenit.<\/p>\n<p>&nbsp;<\/p>\n<p>De vei p\u0103zi, \u201ccredin\u0163a tare\u201d<br \/>\nPrecum din veac s-a mo\u015ftenit<br \/>\nVei fi sl\u0103vit din nou sub soare<br \/>\nMai mult de cum ai fost sl\u0103vit.<\/p>\n<p>&nbsp;<\/p>\n<p>Iar dac\u0103 tu dispre\u0163ui-vei<br \/>\nPredaniile p\u0103rinte\u015fti,<br \/>\nAtuncia gr\u00e2u vei fi colivei<br \/>\n\u015ei ve\u015fnic nu mai odr\u0103sle\u015fti.<\/p>\n<p>&nbsp;<\/p>\n<p>Vei fi ca pleava cea u\u015foar\u0103<br \/>\nPurtat\u0103 pururea de v\u00e2nt<br \/>\nPierindu-\u0163i urmele din \u0163ar\u0103<br \/>\n\u015ei numele de pe p\u0103m\u00e2nt!<\/p>\n<p>&nbsp;<\/p>\n<p>Atunci vei mo\u015fteni blestemul<br \/>\nCa fiul r\u0103u de la p\u0103rin\u0163i<br \/>\nPierz\u00e2nd ogorul \u2013 ca Edenul &#8211;<br \/>\nR\u0103scump\u0103rat de-at\u00e2\u0163ia Sfin\u0163i!<\/p>\n","protected":false},"excerpt":{"rendered":"<p>\u00a0\u00a0\u00a0\u00a0\u00a0\u00a0\u00a0\u00a0 Popor martir \u00a0\u00a0\u00a0\u00a0\u00a0\u00a0\u00a0\u00a0\u00a0 \u00a0\u00a0\u00a0\u00a0\u00a0\u00a0\u00a0\u00a0\u00a0\u00a0\u00a0\u00a0\u00a0\u00a0\u00a0 de \u00a0Sf. Ioan Iacob Hozevitul &nbsp; Din via\u0163a ta \u2013 cum v\u0103d \u2013 \u00eenseamn\u0103 Poporule [&#038;hellip<\/p>\n","protected":false},"author":1,"featured_media":0,"comment_status":"closed","ping_status":"closed","sticky":false,"template":"","format":"standard","meta":{"footnotes":""},"categories":[3],"tags":[],"class_list":["post-15740","post","type-post","status-publish","format-standard","hentry","category-articole"],"_links":{"self":[{"href":"https:\/\/www.marianagurza.ro\/blog\/wp-json\/wp\/v2\/posts\/15740","targetHints":{"allow":["GET"]}}],"collection":[{"href":"https:\/\/www.marianagurza.ro\/blog\/wp-json\/wp\/v2\/posts"}],"about":[{"href":"https:\/\/www.marianagurza.ro\/blog\/wp-json\/wp\/v2\/types\/post"}],"author":[{"embeddable":true,"href":"https:\/\/www.marianagurza.ro\/blog\/wp-json\/wp\/v2\/users\/1"}],"replies":[{"embeddable":true,"href":"https:\/\/www.marianagurza.ro\/blog\/wp-json\/wp\/v2\/comments?post=15740"}],"version-history":[{"count":2,"href":"https:\/\/www.marianagurza.ro\/blog\/wp-json\/wp\/v2\/posts\/15740\/revisions"}],"predecessor-version":[{"id":15743,"href":"https:\/\/www.marianagurza.ro\/blog\/wp-json\/wp\/v2\/posts\/15740\/revisions\/15743"}],"wp:attachment":[{"href":"https:\/\/www.marianagurza.ro\/blog\/wp-json\/wp\/v2\/media?parent=15740"}],"wp:term":[{"taxonomy":"category","embeddable":true,"href":"https:\/\/www.marianagurza.ro\/blog\/wp-json\/wp\/v2\/categories?post=15740"},{"taxonomy":"post_tag","embeddable":true,"href":"https:\/\/www.marianagurza.ro\/blog\/wp-json\/wp\/v2\/tags?post=15740"}],"curies":[{"name":"wp","href":"https:\/\/api.w.org\/{rel}","templated":true}]}}