{"id":15759,"date":"2013-10-13T14:22:25","date_gmt":"2013-10-13T14:22:25","guid":{"rendered":"http:\/\/www.marianagurza.ro\/blog\/?p=15759"},"modified":"2013-10-13T14:22:25","modified_gmt":"2013-10-13T14:22:25","slug":"colocviucolloquium-15-10-2013-5pm-calderon-39","status":"publish","type":"post","link":"https:\/\/www.marianagurza.ro\/blog\/2013\/10\/13\/colocviucolloquium-15-10-2013-5pm-calderon-39\/","title":{"rendered":"Colocviu\/Colloquium, 15.10.2013, 5pm, Calderon 39"},"content":{"rendered":"<p style=\"text-align: center;\"><a href=\"http:\/\/www.marianagurza.ro\/blog\/wp-content\/uploads\/2013\/10\/george-anca2.jpg\"><img loading=\"lazy\" decoding=\"async\" class=\"size-medium wp-image-15760\" title=\"george anca2\" src=\"http:\/\/www.marianagurza.ro\/blog\/wp-content\/uploads\/2013\/10\/george-anca2-225x300.jpg\" alt=\"\" width=\"225\" height=\"300\" srcset=\"https:\/\/www.marianagurza.ro\/blog\/wp-content\/uploads\/2013\/10\/george-anca2-225x300.jpg 225w, https:\/\/www.marianagurza.ro\/blog\/wp-content\/uploads\/2013\/10\/george-anca2.jpg 720w\" sizes=\"auto, (max-width: 225px) 100vw, 225px\" \/><\/a><\/p>\n<p style=\"text-align: center;\">\n<p style=\"text-align: justify;\"><span style=\"color: #000000;\"><strong>COLOCVIILE DE MAR\u021aI \/ The Tuesday Colloquiums <\/strong>15 octombrie 2013, 5 pm, Calderon 39<\/span><\/p>\n<p style=\"text-align: justify;\"><span style=\"color: #000000;\"><a href=\"http:\/\/www.sasnet.lu.se\/content\/kolkata-conference-vivekananda-grundtvig-rolland-gramsci-and-freire\" target=\"_blank\"><span style=\"color: #000000;\"><em>Anul IV, nr. 11 (49). <\/em><\/span><\/a><a href=\"http:\/\/www.sasnet.lu.se\/content\/kolkata-conference-vivekananda-grundtvig-rolland-gramsci-and-freire\" target=\"_blank\"><span style=\"color: #000000;\">Auspicii: Asocia\u021bia Cultural\u0103 Rom\u00e2no-Indian\u0103, Academia Interna\u021bional\u0103 Mihai Eminescu, Soceitatea de Etnologie din Rom\u00e2nia. <\/span><\/a><a href=\"http:\/\/www.sasnet.lu.se\/content\/kolkata-conference-vivekananda-grundtvig-rolland-gramsci-and-freire\" target=\"_blank\"><span style=\"color: #000000;\">Addresses, Interven\u021bii, Teatru de poezie, (Re)lans\u0103ri de c\u0103r\u021bi, Proiecte, Portrete<\/span><\/a><a href=\"http:\/\/www.sasnet.lu.se\/content\/kolkata-conference-vivekananda-grundtvig-rolland-gramsci-and-freire\" target=\"_blank\"><span style=\"color: #000000;\">, <\/span><\/a><a href=\"http:\/\/www.sasnet.lu.se\/content\/kolkata-conference-vivekananda-grundtvig-rolland-gramsci-and-freire\" target=\"_blank\"><span style=\"color: #000000;\">\u00cent\u00e2lniri<\/span><\/a><\/span><\/p>\n<p style=\"text-align: justify;\"><span style=\"color: #000000;\"><a href=\"http:\/\/www.sasnet.lu.se\/content\/kolkata-conference-vivekananda-grundtvig-rolland-gramsci-and-freire\" target=\"_blank\"><span style=\"color: #000000;\">Tema:<\/span><\/a><a href=\"http:\/\/www.sasnet.lu.se\/content\/kolkata-conference-vivekananda-grundtvig-rolland-gramsci-and-freire\" target=\"_blank\"><span style=\"color: #000000;\"><strong><em> Scrisori c\u0103tre lumea din noi.<\/em><\/strong><\/span><\/a><a href=\"http:\/\/www.sasnet.lu.se\/content\/kolkata-conference-vivekananda-grundtvig-rolland-gramsci-and-freire\" target=\"_blank\"><span style=\"color: #000000;\"><em> <\/em>\u00cent\u00e2lnire cu doamna Mihaela Georgescu-Delafras <em>(Portugalia)<\/em><\/span><\/a><\/span><\/p>\n<p style=\"text-align: justify;\"><span style=\"color: #000000;\"><a href=\"http:\/\/www.sasnet.lu.se\/content\/kolkata-conference-vivekananda-grundtvig-rolland-gramsci-and-freire\" target=\"_blank\"><span style=\"color: #000000;\">Doamna Mihaela Nora Rogalski, nepoata celebrului editor Petru Georgescu-Delafras, este singura rom\u00e2nc\u0103 proprietar\u0103 a unui apartament \u00een condominiul &#8216;Rei Carol&#8217; din Lisabona. Plecat\u0103 din Rom\u00e2nia \u00een 1971, a fost profesoar\u0103 de englez\u0103 \u00een Suedia, a predat literatur\u0103 \u0219i istorie \u00een America, unde a absolvit \u0219i un masterat la Universitatea Harvard, a continuat pe p\u0103m\u00e2nt lusitan activitatea educa\u021bional\u0103 \u0219i de cercetare a istoriei.<\/span><\/a><a href=\"http:\/\/www.sasnet.lu.se\/content\/kolkata-conference-vivekananda-grundtvig-rolland-gramsci-and-freire\" target=\"_blank\"><span style=\"color: #000000;\"><em> Scrisori c\u0103tre lumea din noi <\/em><\/span><\/a><a href=\"http:\/\/www.sasnet.lu.se\/content\/kolkata-conference-vivekananda-grundtvig-rolland-gramsci-and-freire\" target=\"_blank\"><span style=\"color: #000000;\">intersecteaz\u0103 tr\u0103irile unei vie\u021bi pline de evenimente spirituale, sociale, politice. Autoarea va citi \u00een premier\u0103 absolut\u0103 din acest roman epistolar.<\/span><\/a><\/span><\/p>\n<p style=\"text-align: justify;\"><span style=\"color: #000000;\"><a href=\"http:\/\/www.sasnet.lu.se\/content\/kolkata-conference-vivekananda-grundtvig-rolland-gramsci-and-freire\" target=\"_blank\"><span style=\"color: #000000;\"><em>Invita\u021bi<\/em><\/span><\/a><a href=\"http:\/\/www.sasnet.lu.se\/content\/kolkata-conference-vivekananda-grundtvig-rolland-gramsci-and-freire\" target=\"_blank\"><span style=\"color: #000000;\">:<\/span><\/a><\/span><\/p>\n<p style=\"text-align: justify;\"><span style=\"color: #000000;\"><a href=\"http:\/\/www.sasnet.lu.se\/content\/kolkata-conference-vivekananda-grundtvig-rolland-gramsci-and-freire\" target=\"_blank\"><span style=\"color: #000000;\">Ion Andrei\u021b\u0103, Vasile Andru, Erika B\u0103ie\u0219u, Constantin B\u0103l\u0103ceanu-Stolnici, Aluna Bejan-Nottara, Angela Bilcea, Doina Boriceanu, Dumitru Bor\u021bon, Adrian Botez, Anca Brezean, <em>Anne-Marie Codrescu, <\/em>Lumini\u021ba Cosma, Florin Costinescu, Petru Costinescu, Daniela Wanda Deca, Pu\u0219i Dinulescu, Isabella Dr\u0103ghici, Nicolae Dr\u0103gul\u0103nescu, Adina Dumitrescu, <\/span><\/a><a href=\"http:\/\/www.sasnet.lu.se\/content\/kolkata-conference-vivekananda-grundtvig-rolland-gramsci-and-freire\" target=\"_blank\"><span style=\"color: #000000;\">Doina Ghi\u021bescu, Monica Grigorescu, Omprakash Gupta, Neculai Hilohi, Mihaela Georgescu-Delafras, Sorana Georgescu-Gorjan, Mariana Gurza, Elisabeta Isanos, George Lupa\u0219cu, Toma George Maiorescu, Dan Mateescu, Ion M\u00e2nzat, Vasile Menzel, Bianca Beatrice Michi, Doru Mo\u021boc, Ana Munteanu, Mircea Muntenescu, Gheorghe Neagu, Tudor Nedelcea, Lucia Negoi\u021b\u0103, Claudia Negroiu, Radu Cristian Nema, Carmen Pesantes, Constantin Poenaru, Mitic\u0103 Popescu, <\/span><\/a><a href=\"http:\/\/www.sasnet.lu.se\/content\/kolkata-conference-vivekananda-grundtvig-rolland-gramsci-and-freire\" target=\"_blank\"><span style=\"color: #000000;\">Vasile Pupeza, Andrei Radu, Arghira Ravanis, Arun Sharma, Coralia Roman, Cornelia Rotaru, Ana Sandu, \u0218tefan Sileanu, Felix Sima, Florentin Smarandache, Ion Soare, Viorel Speteanu, Mihai Stan, Marius St\u0103nescu, Sorin Stratilat, Marian Stroia, Constantin-Dumitru Surdu, Aurel \u0218tefanachi, Mihai Teodorescu,<\/span><\/a><a href=\"http:\/\/www.sasnet.lu.se\/content\/kolkata-conference-vivekananda-grundtvig-rolland-gramsci-and-freire\" target=\"_blank\"><span style=\"color: #000000;\">Ben Todic\u0103, Nicolae Tomoniu, Victor \u021a\u0103peanu, Neagu Udroiu, Vladimir Ungureanu, Ion Iancu Vale, <\/span><\/a><a href=\"http:\/\/www.sasnet.lu.se\/content\/kolkata-conference-vivekananda-grundtvig-rolland-gramsci-and-freire\" target=\"_blank\"><span style=\"color: #000000;\">Viorica Vatamanu,<\/span><\/a><a href=\"http:\/\/www.sasnet.lu.se\/content\/kolkata-conference-vivekananda-grundtvig-rolland-gramsci-and-freire\" target=\"_blank\"><span style=\"color: #000000;\"> Gelu Voican Voiculescu, Eugen Zainea, Corneliu Zeana<\/span><\/a><\/span><\/p>\n<p style=\"text-align: justify;\"><span style=\"color: #000000;\"><a href=\"http:\/\/www.sasnet.lu.se\/content\/kolkata-conference-vivekananda-grundtvig-rolland-gramsci-and-freire\" target=\"_blank\"><span style=\"color: #000000;\">Amfitrion: Dr. George Anca<\/span><\/a><\/span><\/p>\n<p style=\"text-align: justify;\"><span style=\"color: #000000;\"><a href=\"http:\/\/www.sasnet.lu.se\/content\/kolkata-conference-vivekananda-grundtvig-rolland-gramsci-and-freire\" target=\"_blank\"><span style=\"color: #000000;\"><strong><em>Scrisori c\u0103tre lumea din noi<\/em><\/strong><\/span><\/a><\/span><\/p>\n<p style=\"text-align: justify;\"><span style=\"color: #000000;\"><a href=\"http:\/\/www.sasnet.lu.se\/content\/kolkata-conference-vivekananda-grundtvig-rolland-gramsci-and-freire\" target=\"_blank\"><span style=\"color: #000000;\">*<\/span><\/a><\/span><\/p>\n<p style=\"text-align: justify;\"><span style=\"color: #000000;\"><a href=\"http:\/\/www.sasnet.lu.se\/content\/kolkata-conference-vivekananda-grundtvig-rolland-gramsci-and-freire\" target=\"_blank\"><span style=\"color: #000000;\">Frunzele mele de New England cu faim\u0103 policrom\u0103 au \u00eenghi\u0163it de c\u00e2teva zile trotuarul sub un ve\u015fm\u00e2nt dens \u015fi greu, \u015fi, \u00een b\u0103taia v\u00e2ntului, \u00eemi danseaz\u0103 rotocoale matisseene la picioare, antren\u00e2ndu-mi g\u00e2nduri \u00eentr-un v\u00e2rtej de sentimente, culori, tr\u0103iri \u015fi aduceri-aminte din ce \u00een ce mai clare. Mi se ofer\u0103, alteori, sub talpa pantofului, pur \u015fi simplu obosite, umede \u015fi moi, p\u0103trunz\u00e2ndu-mi doar sim\u0163ul mirosului\u2014c\u0103ci sunt mereu at\u00e2t de \u00eenmiresmate! C\u00e2nd frunze galbene \u015fi ro\u015fii de ar\u0163ar suedez se adunau \u00een fa\u0163a casei din Stockholm, le greblam cu zel gospod\u0103resc, c\u0103ci a\u015fa cereau sensibilit\u0103\u0163ile estetice ale cartierului. O anonim\u0103 de apartament ce sunt acum, \u00eentr-un imobil \u00een grija proprietarului \u015fi pe o strad\u0103 de care nu are grij\u0103 ora\u015ful, \u00ee\u015fi permite luxul s\u0103 savureze acest spectacol apoteotic ce miroase tot mai puternic a toamn\u0103 bucure\u015ftean\u0103. \u00centr-un fel, <em>c\u00e2ntecul lui Hru\u015fc\u0103, sosit \u00een inima sezonului meu h\u0103r\u0103zit, nu a f\u0103cut dec\u00e2t s\u0103-mi \u00eente\u0163easc\u0103 emo\u0163ii sub al c\u0103ror imperiu m\u0103 aflam deja de ceva vreme&#8230;\u00a0<\/em><\/span><\/a><\/span><\/p>\n<p style=\"text-align: justify;\"><span style=\"color: #000000;\"><a href=\"http:\/\/www.sasnet.lu.se\/content\/kolkata-conference-vivekananda-grundtvig-rolland-gramsci-and-freire\" target=\"_blank\"><span style=\"color: #000000;\"><em>*<\/em><\/span><\/a><\/span><\/p>\n<p style=\"text-align: justify;\"><span style=\"color: #000000;\"><a href=\"http:\/\/www.sasnet.lu.se\/content\/kolkata-conference-vivekananda-grundtvig-rolland-gramsci-and-freire\" target=\"_blank\"><span style=\"color: #000000;\"><em>\u015ei totu\u015fi\u2026<\/em><\/span><\/a><a href=\"http:\/\/www.sasnet.lu.se\/content\/kolkata-conference-vivekananda-grundtvig-rolland-gramsci-and-freire\" target=\"_blank\"><span style=\"color: #000000;\"><em>dac\u0103<\/em><\/span><\/a><a href=\"http:\/\/www.sasnet.lu.se\/content\/kolkata-conference-vivekananda-grundtvig-rolland-gramsci-and-freire\" target=\"_blank\"><span style=\"color: #000000;\"><em>aveam azi \u00een spate o<\/em><\/span><\/a><a href=\"http:\/\/www.sasnet.lu.se\/content\/kolkata-conference-vivekananda-grundtvig-rolland-gramsci-and-freire\" target=\"_blank\"><span style=\"color: #000000;\"><em>c\u0103s\u0103<\/em><\/span><\/a><a href=\"http:\/\/www.sasnet.lu.se\/content\/kolkata-conference-vivekananda-grundtvig-rolland-gramsci-and-freire\" target=\"_blank\"><span style=\"color: #000000;\"><em>torie de treizeci de ani, am fi ajuns \u015fi noi, poate, blaza\u0163i ca majoritatea cuplurilor, coment\u0103 Cristina pentru sine. O aprindere sentimentala asemenea celei prin care treceau ei acum, era rara, oricum. Rar\u0103 oriunde, \u00eentre so\u0163i trecu\u0163i prin \u00eencerc\u0103rile vie\u0163ii, a\u015fa cum fuseser\u0103 chiar ea \u015fi cu Eric sau majoritatea prietenilor pe care \u00eei acumulase de-a lungul anilor. Cuno\u015ftea at\u00e2t de pu\u0163ine cupluri r\u0103mase intacte. Nu avea nici o indoial\u0103 ca, \u00een Rom\u00e2nia ceau\u015fist\u0103 unde omul era pe deasupra cople\u015fit de nedrept\u0103\u0163i \u015fi frustrat de neajunsuri materiale, sor\u0163ii de izb\u00e2nd\u0103 ar fi fost si mai improbabili. Apoi, Cristina avea puternice \u00eendoieli c\u0103, pe timpul cre\u015fterii copiilor, personalitatea ei destul de independent\u0103 \u015fi voluntar\u0103 s-ar fi armonizat suficient cu a lui Victor, sau c\u0103 zbaterile dintre ei ar fi putut coexista senin cu interven\u0163iile p\u0103rtinitoare ale mamelor lor, cele mai minunate din lume dar \u00eenc\u0103 \u015fi mai voluntare, a\u015fa cum bine le \u015ftia ast\u0103zi pe am\u00e2ndou\u0103. Nu ar fi f\u0103cut fa\u0163\u0103, de altfel, nici tendin\u0163elor lui posesive evidente \u00eenc\u0103 de pe atunci, \u015fi care cu siguran\u0163\u0103 c\u0103 s-ar fi accentuat mai ales \u00een anii c\u00e2nd copiii erau \u00eendeajuns de mici ca s\u0103 ocupe tot centrul vie\u0163ii Cristinei\u2014fire\u015fte, \u00een defavoarea so\u0163ului.<\/em><\/span><\/a><\/span><\/p>\n<p style=\"text-align: justify;\"><span style=\"color: #000000;\"><a href=\"http:\/\/www.sasnet.lu.se\/content\/kolkata-conference-vivekananda-grundtvig-rolland-gramsci-and-freire\" target=\"_blank\"><span style=\"color: #000000;\"><em>*<\/em><\/span><\/a><\/span><\/p>\n<p style=\"text-align: justify;\"><span style=\"color: #000000;\"><a href=\"http:\/\/www.sasnet.lu.se\/content\/kolkata-conference-vivekananda-grundtvig-rolland-gramsci-and-freire\" target=\"_blank\"><span style=\"color: #000000;\"><em>Tu crezi c\u0103 \u0103sta ar fi &#8220;un punct mort&#8221;? Dac\u0103 da, ce l-ar reanima? <\/em><\/span><\/a><em><a href=\"http:\/\/www.sasnet.lu.se\/content\/kolkata-conference-vivekananda-grundtvig-rolland-gramsci-and-freire\" target=\"_blank\"><span style=\"color: #000000;\">Am s\u0103 fac tot posibilul s\u0103 vin \u00een \u0163ar\u0103 de Pa\u015fte. <\/span><\/a><a href=\"http:\/\/www.sasnet.lu.se\/content\/kolkata-conference-vivekananda-grundtvig-rolland-gramsci-and-freire\" target=\"_blank\"><span style=\"color: #000000;\">Poate vin \u015fi la var\u0103 cu Michael. \u015ei la Floren\u0163a. Timpul trece repede, \u00eemi iau diploma in iunie dup\u0103 care sunt libera s\u0103 decid \u00eencotro s\u0103 o apuc. A\u015fa cum simt azi, recunostin\u0163\u0103 \u015fi bucurie pentru \u015fansa ce ni se ofer\u0103 (c\u0103ci nu cred s\u0103 fe vorba de vreo \u015fans\u0103 ce \u0163i-o dau eu \u0163ie ori tu mie) mi se pare starea cea mai reala din toate prin care trec. M-a apucat \u015fi pl\u00e2nsul, dar nu de ciud\u0103 ci de dor \u015fi drag \u015fi ner\u0103bdare. \u00cemi pare bine c\u0103-mi por\u0163i ochii l\u00e2ng\u0103 inim\u0103. Ei au harul \u015fi tot darul.\u201d<\/span><\/a><\/em><\/span><\/p>\n","protected":false},"excerpt":{"rendered":"<p>COLOCVIILE DE MAR\u021aI \/ The Tuesday Colloquiums 15 octombrie 2013, 5 pm, Calderon 39 Anul IV, nr. 11 (49). Auspicii: [&#038;hellip<\/p>\n","protected":false},"author":1,"featured_media":0,"comment_status":"closed","ping_status":"closed","sticky":false,"template":"","format":"standard","meta":{"footnotes":""},"categories":[3],"tags":[],"class_list":["post-15759","post","type-post","status-publish","format-standard","hentry","category-articole"],"_links":{"self":[{"href":"https:\/\/www.marianagurza.ro\/blog\/wp-json\/wp\/v2\/posts\/15759","targetHints":{"allow":["GET"]}}],"collection":[{"href":"https:\/\/www.marianagurza.ro\/blog\/wp-json\/wp\/v2\/posts"}],"about":[{"href":"https:\/\/www.marianagurza.ro\/blog\/wp-json\/wp\/v2\/types\/post"}],"author":[{"embeddable":true,"href":"https:\/\/www.marianagurza.ro\/blog\/wp-json\/wp\/v2\/users\/1"}],"replies":[{"embeddable":true,"href":"https:\/\/www.marianagurza.ro\/blog\/wp-json\/wp\/v2\/comments?post=15759"}],"version-history":[{"count":2,"href":"https:\/\/www.marianagurza.ro\/blog\/wp-json\/wp\/v2\/posts\/15759\/revisions"}],"predecessor-version":[{"id":15762,"href":"https:\/\/www.marianagurza.ro\/blog\/wp-json\/wp\/v2\/posts\/15759\/revisions\/15762"}],"wp:attachment":[{"href":"https:\/\/www.marianagurza.ro\/blog\/wp-json\/wp\/v2\/media?parent=15759"}],"wp:term":[{"taxonomy":"category","embeddable":true,"href":"https:\/\/www.marianagurza.ro\/blog\/wp-json\/wp\/v2\/categories?post=15759"},{"taxonomy":"post_tag","embeddable":true,"href":"https:\/\/www.marianagurza.ro\/blog\/wp-json\/wp\/v2\/tags?post=15759"}],"curies":[{"name":"wp","href":"https:\/\/api.w.org\/{rel}","templated":true}]}}