{"id":15777,"date":"2013-10-15T09:56:35","date_gmt":"2013-10-15T09:56:35","guid":{"rendered":"http:\/\/www.marianagurza.ro\/blog\/?p=15777"},"modified":"2013-10-15T10:00:10","modified_gmt":"2013-10-15T10:00:10","slug":"sandu-catinean-ce-trista-i-toamna-fara-tine","status":"publish","type":"post","link":"https:\/\/www.marianagurza.ro\/blog\/2013\/10\/15\/sandu-catinean-ce-trista-i-toamna-fara-tine\/","title":{"rendered":"Sandu C\u0103tinean: Ce trist\u0103-i toamna f\u0103r\u0103 tine"},"content":{"rendered":"<p style=\"text-align: center;\"><a href=\"http:\/\/www.marianagurza.ro\/blog\/wp-content\/uploads\/2013\/10\/Brazii-mei-vedere-din-curtea-case.sandu-catinean.jpg\"><img loading=\"lazy\" decoding=\"async\" class=\"size-medium wp-image-15778\" title=\"Brazii mei -vedere din curtea case.sandu catinean\" src=\"http:\/\/www.marianagurza.ro\/blog\/wp-content\/uploads\/2013\/10\/Brazii-mei-vedere-din-curtea-case.sandu-catinean-300x225.jpg\" alt=\"\" width=\"300\" height=\"225\" srcset=\"https:\/\/www.marianagurza.ro\/blog\/wp-content\/uploads\/2013\/10\/Brazii-mei-vedere-din-curtea-case.sandu-catinean-300x225.jpg 300w, https:\/\/www.marianagurza.ro\/blog\/wp-content\/uploads\/2013\/10\/Brazii-mei-vedere-din-curtea-case.sandu-catinean-1024x768.jpg 1024w, https:\/\/www.marianagurza.ro\/blog\/wp-content\/uploads\/2013\/10\/Brazii-mei-vedere-din-curtea-case.sandu-catinean.jpg 2048w\" sizes=\"auto, (max-width: 300px) 100vw, 300px\" \/><\/a><\/p>\n<p>\u00a0\u00a0\u00a0\u00a0\u00a0\u00a0\u00a0\u00a0 <strong>Ce trist\u0103-i toamna f\u0103r\u0103 tine<\/strong><\/p>\n<p style=\"text-align: left;\">\u00a0\u00a0\u00a0\u00a0\u00a0\u00a0\u00a0\u00a0\u00a0\u00a0\u00a0\u00a0\u00a0\u00a0\u00a0\u00a0\u00a0\u00a0\u00a0\u00a0\u00a0\u00a0\u00a0\u00a0\u00a0\u00a0\u00a0\u00a0\u00a0\u00a0\u00a0\u00a0\u00a0\u00a0\u00a0\u00a0\u00a0\u00a0\u00a0\u00a0\u00a0\u00a0\u00a0\u00a0\u00a0\u00a0\u00a0\u00a0\u00a0\u00a0 de Sandu C\u0103tinean<\/p>\n<p>&nbsp;<\/p>\n<p>Ce trist\u0103-i toamna f\u0103r\u0103 tine<br \/>\nApusuri reci \u015fi frunze moarte<br \/>\n\u00cen foc etern culori divine<br \/>\nS\u0103ruturi calde, v\u00e2ntul poarte.<\/p>\n<p>Ce trist r\u0103m\u00e2n copacii goi<br \/>\nDoar umbre r\u0103t\u0103cesc alene<br \/>\nVorbesc \u015fi brazii despre noi<br \/>\nAdulmec\u00e2nd iubiri eterne.<\/p>\n<p>Ce trist \u015fi fazi ne risipim<br \/>\nAh, unde e\u015fti tu cald\u0103 rou\u0103?<br \/>\nCe-a\u015f vrea din nou s\u0103 ne iubim<br \/>\nSub brazii reci pe lun\u0103 nou\u0103.<\/p>\n<p>Mai trist\u0103-i toamna f\u0103r\u0103 tine<br \/>\n\u015ei apele mai triste curg<br \/>\nS\u0103 smulg alen din dor \u00eemi vine<br \/>\nIubirea mea, c\u0103nd v\u0103d amurg.<\/p>\n<p>Ce trist m\u0103 simt c\u00e2nd vine seara<br \/>\nDe parc\u0103 toamna-ar fii de vin\u0103<br \/>\nPrin inim\u0103 m\u0103 str\u00e2nge gheara<br \/>\nDoar brumele, de cald, \u00eemi \u0163in\u0103.<\/p>\n<p>Ce trist\u0103-i toamna f\u0103r\u0103 tine<br \/>\nCe risipi\u0163i v-om fii de-acum !<br \/>\nPrin mun\u0163i, curg ape tot mai line<br \/>\nIar din iubiri&#8230;se-alege scrum&#8230;<\/p>\n<p>&nbsp;<\/p>\n<p>Sandu C\u0103tinean din Bon\u0163ida<\/p>\n<p>Foto: Sandu C\u0103tinean (casa p\u0103rinteasc\u0103)<\/p>\n","protected":false},"excerpt":{"rendered":"<p>\u00a0\u00a0\u00a0\u00a0\u00a0\u00a0\u00a0\u00a0 Ce trist\u0103-i toamna f\u0103r\u0103 tine \u00a0\u00a0\u00a0\u00a0\u00a0\u00a0\u00a0\u00a0\u00a0\u00a0\u00a0\u00a0\u00a0\u00a0\u00a0\u00a0\u00a0\u00a0\u00a0\u00a0\u00a0\u00a0\u00a0\u00a0\u00a0\u00a0\u00a0\u00a0\u00a0\u00a0\u00a0\u00a0\u00a0\u00a0\u00a0\u00a0\u00a0\u00a0\u00a0\u00a0\u00a0\u00a0\u00a0\u00a0\u00a0\u00a0\u00a0\u00a0\u00a0\u00a0 de Sandu C\u0103tinean &nbsp; Ce trist\u0103-i toamna f\u0103r\u0103 tine Apusuri reci \u015fi frunze [&#038;hellip<\/p>\n","protected":false},"author":1,"featured_media":0,"comment_status":"closed","ping_status":"closed","sticky":false,"template":"","format":"standard","meta":{"footnotes":""},"categories":[3],"tags":[],"class_list":["post-15777","post","type-post","status-publish","format-standard","hentry","category-articole"],"_links":{"self":[{"href":"https:\/\/www.marianagurza.ro\/blog\/wp-json\/wp\/v2\/posts\/15777","targetHints":{"allow":["GET"]}}],"collection":[{"href":"https:\/\/www.marianagurza.ro\/blog\/wp-json\/wp\/v2\/posts"}],"about":[{"href":"https:\/\/www.marianagurza.ro\/blog\/wp-json\/wp\/v2\/types\/post"}],"author":[{"embeddable":true,"href":"https:\/\/www.marianagurza.ro\/blog\/wp-json\/wp\/v2\/users\/1"}],"replies":[{"embeddable":true,"href":"https:\/\/www.marianagurza.ro\/blog\/wp-json\/wp\/v2\/comments?post=15777"}],"version-history":[{"count":6,"href":"https:\/\/www.marianagurza.ro\/blog\/wp-json\/wp\/v2\/posts\/15777\/revisions"}],"predecessor-version":[{"id":15780,"href":"https:\/\/www.marianagurza.ro\/blog\/wp-json\/wp\/v2\/posts\/15777\/revisions\/15780"}],"wp:attachment":[{"href":"https:\/\/www.marianagurza.ro\/blog\/wp-json\/wp\/v2\/media?parent=15777"}],"wp:term":[{"taxonomy":"category","embeddable":true,"href":"https:\/\/www.marianagurza.ro\/blog\/wp-json\/wp\/v2\/categories?post=15777"},{"taxonomy":"post_tag","embeddable":true,"href":"https:\/\/www.marianagurza.ro\/blog\/wp-json\/wp\/v2\/tags?post=15777"}],"curies":[{"name":"wp","href":"https:\/\/api.w.org\/{rel}","templated":true}]}}