{"id":15803,"date":"2013-10-16T16:52:00","date_gmt":"2013-10-16T16:52:00","guid":{"rendered":"http:\/\/www.marianagurza.ro\/blog\/?p=15803"},"modified":"2013-10-18T08:59:55","modified_gmt":"2013-10-18T08:59:55","slug":"un-dar-pentru-gabriela","status":"publish","type":"post","link":"https:\/\/www.marianagurza.ro\/blog\/2013\/10\/16\/un-dar-pentru-gabriela\/","title":{"rendered":"Un dar pentru Gabriela"},"content":{"rendered":"<p style=\"text-align: center;\"><a href=\"http:\/\/www.marianagurza.ro\/blog\/wp-content\/uploads\/2013\/10\/gabi.jpg\"><img loading=\"lazy\" decoding=\"async\" class=\"size-medium wp-image-15821\" title=\"gabi\" src=\"http:\/\/www.marianagurza.ro\/blog\/wp-content\/uploads\/2013\/10\/gabi-300x300.jpg\" alt=\"\" width=\"300\" height=\"300\" srcset=\"https:\/\/www.marianagurza.ro\/blog\/wp-content\/uploads\/2013\/10\/gabi-300x300.jpg 300w, https:\/\/www.marianagurza.ro\/blog\/wp-content\/uploads\/2013\/10\/gabi-150x150.jpg 150w, https:\/\/www.marianagurza.ro\/blog\/wp-content\/uploads\/2013\/10\/gabi.jpg 800w\" sizes=\"auto, (max-width: 300px) 100vw, 300px\" \/><\/a><\/p>\n<p><strong>\u00a0\u00a0\u00a0\u00a0\u00a0\u00a0\u00a0 Un dar pentru Gabriela<\/strong><\/p>\n<p style=\"text-align: left;\" align=\"center\">\u00a0 \u00a0 \u00a0 \u00a0 \u00a0 \u00a0 \u00a0 \u00a0 \u00a0 \u00a0 \u00a0 \u00a0 \u00a0 \u00a0 \u00a0 \u00a0 <em>(Gabrielei Victoria Mnerie)<\/em><\/p>\n<p><strong>\u00a0<\/strong><\/p>\n<p>S\u0103 nu-mi spui nimic, citesc \u00een ochii t\u0103i<\/p>\n<p>Z\u00e2mbet, g\u00e2nduri albe juc\u0103u\u015fe<\/p>\n<p>R\u0103t\u0103cind \u00een culori \u015fi zile aprinse.<\/p>\n<p>Ochii t\u0103i plini de iubire<\/p>\n<p>Eman\u0103 aurul ceresc<\/p>\n<p>Sc\u0103ld\u00e2nd \u00een fericire,<\/p>\n<p>Cuvinte p\u0103tima\u015fe,<\/p>\n<p>De dor cuprinse,<\/p>\n<p>Uitate printre c\u0103r\u0163i.<\/p>\n<p>A\u015f vrea s\u0103-\u0163i dau \u00een dar<\/p>\n<p>O lume<\/p>\n<p>Ne\u00eentinat\u0103 \u015fi m\u0103rea\u0163\u0103,<\/p>\n<p>Dar azi nimic nu-i sigur<\/p>\n<p>\u00centr-o via\u0163\u0103;<\/p>\n<p>R\u0103m\u00e2ne-n urm\u0103 speran\u0163a cea de\u015fart\u0103<\/p>\n<p>A\u015f vrea s\u0103-\u0163i dau \u00een dar<\/p>\n<p>Cuv\u00e2ntul,<\/p>\n<p>Cuv\u00e2ntul poetului pierdut<\/p>\n<p>\u00cen fr\u0103m\u00e2ntare \u015fi culoare<\/p>\n<p>Pe care tu l-ai pre\u0163uit&#8230;<\/p>\n<p>A\u0219 vrea s\u0103-\u021bi dau<\/p>\n<p>Victoria,<\/p>\n<p>Lumina sf\u00e2nt\u0103 a iubirii<\/p>\n<p>S\u0103 o p\u0103strezi mereu aprins\u0103&#8230;<\/p>\n<p>&nbsp;<\/p>\n<p>LA MUL\u021aI ANI GABRIELA VICTORIA MNERIE!<\/p>\n<p>Mariana Gurza<\/p>\n<p>17\u00a0 Octombrie 2013<\/p>\n<p>&nbsp;<\/p>\n<p>Imagine: Carmena Tudoran<\/p>\n<p>&nbsp;<\/p>\n<p>&nbsp;<\/p>\n<p>&nbsp;<\/p>\n","protected":false},"excerpt":{"rendered":"<p>\u00a0\u00a0\u00a0\u00a0\u00a0\u00a0\u00a0 Un dar pentru Gabriela \u00a0 \u00a0 \u00a0 \u00a0 \u00a0 \u00a0 \u00a0 \u00a0 \u00a0 \u00a0 \u00a0 \u00a0 \u00a0 \u00a0 \u00a0 [&#038;hellip<\/p>\n","protected":false},"author":1,"featured_media":0,"comment_status":"closed","ping_status":"closed","sticky":false,"template":"","format":"standard","meta":{"footnotes":""},"categories":[3],"tags":[],"class_list":["post-15803","post","type-post","status-publish","format-standard","hentry","category-articole"],"_links":{"self":[{"href":"https:\/\/www.marianagurza.ro\/blog\/wp-json\/wp\/v2\/posts\/15803","targetHints":{"allow":["GET"]}}],"collection":[{"href":"https:\/\/www.marianagurza.ro\/blog\/wp-json\/wp\/v2\/posts"}],"about":[{"href":"https:\/\/www.marianagurza.ro\/blog\/wp-json\/wp\/v2\/types\/post"}],"author":[{"embeddable":true,"href":"https:\/\/www.marianagurza.ro\/blog\/wp-json\/wp\/v2\/users\/1"}],"replies":[{"embeddable":true,"href":"https:\/\/www.marianagurza.ro\/blog\/wp-json\/wp\/v2\/comments?post=15803"}],"version-history":[{"count":9,"href":"https:\/\/www.marianagurza.ro\/blog\/wp-json\/wp\/v2\/posts\/15803\/revisions"}],"predecessor-version":[{"id":15806,"href":"https:\/\/www.marianagurza.ro\/blog\/wp-json\/wp\/v2\/posts\/15803\/revisions\/15806"}],"wp:attachment":[{"href":"https:\/\/www.marianagurza.ro\/blog\/wp-json\/wp\/v2\/media?parent=15803"}],"wp:term":[{"taxonomy":"category","embeddable":true,"href":"https:\/\/www.marianagurza.ro\/blog\/wp-json\/wp\/v2\/categories?post=15803"},{"taxonomy":"post_tag","embeddable":true,"href":"https:\/\/www.marianagurza.ro\/blog\/wp-json\/wp\/v2\/tags?post=15803"}],"curies":[{"name":"wp","href":"https:\/\/api.w.org\/{rel}","templated":true}]}}