{"id":15932,"date":"2013-10-24T09:58:09","date_gmt":"2013-10-24T09:58:09","guid":{"rendered":"http:\/\/www.marianagurza.ro\/blog\/?p=15932"},"modified":"2013-10-24T10:05:57","modified_gmt":"2013-10-24T10:05:57","slug":"editura-musatinia-prezenta-la","status":"publish","type":"post","link":"https:\/\/www.marianagurza.ro\/blog\/2013\/10\/24\/editura-musatinia-prezenta-la\/","title":{"rendered":"Editura Mu\u0219atinia prezent\u0103 la Colocviile de Mar\u021bi &#8211; Arta contemporan\u0103 \u0219i imaginarul inter-asiatic"},"content":{"rendered":"<p style=\"text-align: center;\"><a href=\"http:\/\/melidoniumm.files.wordpress.com\/2012\/11\/sigla-inv-colocvii1.jpg\"><img decoding=\"async\" class=\"aligncenter\" src=\"http:\/\/melidoniumm.files.wordpress.com\/2012\/11\/sigla-inv-colocvii1.jpg?w=640\" alt=\"sigla inv.colocvii\" \/><\/a><\/p>\n<p style=\"text-align: center;\">Primarul Sectorului 2 Bucure\u015fti are deosebita pl\u0103cere s\u0103 v\u0103 invite\u00a0Mar\u0163i 29 octombrie 2013, orele 17.00, la evenimentul cultural<\/p>\n<p style=\"text-align: center;\"><strong><em> Colocviile de Mar\u0163i- Arta contemporan\u0103 \u0219i imaginarul inter-asiatic<\/em><\/strong><br \/>\nEvenimentul va avea loc la Centrul socio-cultural \u201eJean Louis Calderon\u201d,<br \/>\nStr. J.L. Calderon nr.39, tel. 0213156670<\/p>\n<p style=\"text-align: justify;\">Anul IV, nr. 12 (50). Auspicii: Asocia\u021bia Cultural\u0103 Rom\u00e2no-Indian\u0103, Academia Interna\u021bional\u0103 Mihai Eminescu, Soceitatea de Etnologie din Rom\u00e2nia. Interven\u021bii, Teatru de poezie, (Re)lans\u0103ri de c\u0103r\u021bi, Proiecte, Portrete.<\/p>\n<p style=\"text-align: justify;\"><em>Tema<\/em>: <strong>Cantemir \u2013 Diderot \u2013 Verdi. Arta contemporan\u0103 \u0219i imaginarul inter-asiatic<\/strong><br \/>\nAnivers\u0103ri: Dimitrie Cantemir 340 (26 oct); Denis Diderot 300 (5 oct); Giuseppe Verdi 200 (10 oct). Edith Piaf, 50 de ani de la moarte (19 decembrie 1915 \u2013 10 octombrie 1963. Cea de-a 4-a Conferin\u021ba Conexiuni Inter-Asia, Istanbul, 2-5 0ctombrie, 2013 (primele trei au avut loc \u00een Dubai, 2008, Singapore, 2010, Hong Kong, 2012) \u0219i-a propus reconceptualizarea Asiei ca o forma\u021biune dinamic\u0103 \u0219i interconectat\u0103 istoric, geografic \u0219i cultural, merg\u00e2nd din Orientul Mijlociu prin Eurasia \u0219i Asia de Sud, spre Asia de Est. Printre workshops: Dup\u0103 Neoliberalism? \u2013 Modernit\u0103\u021bi asiatice timpurii: imperii, birocra\u021bi, confesiuni, grani\u021be, negustori \u2013 Arta contemporan\u0103 \u0219i imaginarul inter-asiatic \u2013 Inegalit\u0103\u021bi \u00een societ\u0103\u021bile asiatice \u2013 Enclave poroase \u2013 Sunetele \u0219i alfabetele limbilor \u00een mi\u0219care.<\/p>\n<p style=\"text-align: justify;\">Invita\u021bi:<br \/>\n<em> Ion Andrei\u021b\u0103, Vasile Andru, Mihai Bandac, Erika B\u0103ie\u0219u, Aluna Bejan-Nottara, Angela Bilcea, Doina Boriceanu, Adrian Botez, Anca Brezean, Anne-Marie Codrescu, Lumini\u021ba Cosma, Florin Costinescu, Petru Costinescu, Pu\u0219i Dinulescu, Isabella Dr\u0103ghici, Nicolae Dr\u0103gul\u0103nescu, Adina Dumitrescu, Doina Ghi\u021bescu, Monica Grigorescu, Omprakash Gupta, Neculai Hilohi, Mihaela Georgescu-Delafras, Sorana Georgescu-Gorjan, Mariana Gurza, Simona Ioanovici, Elisabeta Isanos, Eugen Lengel, George Lupa\u0219cu, Dan Mateescu, Vasile Menzel, Bianca Beatrice Michi, Doru Mo\u021boc, Mircea Muntenescu, Gheorghe Neagu, Lucia Negoi\u021b\u0103, Claudia Negroiu, Cristian Radu Nema, Constantin Poenaru, Sorin Stratilat, Ben Todic\u0103, Nicolae Tomoniu, Victor \u021a\u0103peanu, Emilia \u021au\u021buianu, Simona Ioanovici, Neagu Udroiu, Vladimir Ungureanu, Eugen Zainea, Corneliu Zeana, Editura Mu\u015fatinia.<\/em><br \/>\n<strong>Amfitrion: Dr. George Anca<\/strong><\/p>\n<p style=\"text-align: justify;\">Recital Edith Piaf sus\u021binut de actri\u021ba Claudia Negroiu<\/p>\n<p style=\"text-align: justify;\">Interven\u021bii:<br \/>\n<em> Bianca Beatrice Michi: \u00centre Cantemir \u0219i Leibniz<\/em><br \/>\n<em> Genoveva Preda: Cu Raj Kapoor la Karlovy Vary \u0219i Bucure\u0219ti<\/em><br \/>\n<em> Sorin Stratilat: Nepotul lui Rameau<\/em><br \/>\n<em> Vasile Menzel: Parcul Verdi-Wagner<\/em><br \/>\n<em> Pu\u0219i Dinulescu: Dramaturgie (anti)social\u0103<\/em><br \/>\n<em> George Anca: Hobbes-Dispot vs Dr\u0103ghicescu-Benedict<\/em><br \/>\n<em> Constantin Poenaru: Erori \u0219i disfluen\u021be \u00een corpora legii<\/em><br \/>\n<em> Mircea Muntenescu: Picto-Orient<\/em><br \/>\n<em> Eugen Lengel: Timp \u0219i adev\u0103r \u00een pictura lui Mihai Bandac<\/em><\/p>\n<p style=\"text-align: justify;\"><em>Teatru de poezie<\/em><\/p>\n<p style=\"text-align: justify;\">Recital Alexandra Velniciuc<\/p>\n<p style=\"text-align: justify;\">Balada mortului de sub pat de Pu\u0219i Dinulescu \u2013 interpreteaz\u0103 Doina Ghi\u021bescu<br \/>\nStuden\u021be\u0219ti: Andrei Radu \u0219i prietenii s\u0103i<\/p>\n<p style=\"text-align: justify;\">Portrete: Cristian Radu Nema<\/p>\n<p style=\"text-align: justify;\"><em>Lans\u0103ride carte:<\/em><br \/>\n<strong>Gheorghe Lupa\u0219cu<\/strong>: Voca\u021bia os\u00e2ndei, TipoMoldova, Ia\u0219i, 2013<br \/>\n<strong>Igor Grinevici<\/strong>: Domni\u0219oara Sisif, RBA Media, Bucure\u0219ti, 2013, edi\u021bie de Pu\u0219i Dinulescu, 2013<br \/>\n<strong>L\u0103cr\u0103mioara Stoenescu<\/strong>: Memoria stigmatelor, Curtea veche, 2012<br \/>\n<strong>Elena Liliana Popescu<\/strong>: C\u00e2nt de Iubire \u2013 Song of Love \u2013 Chanson d\u2019Amour, Editura Pelerin, Bucure\u015fti, Rom\u00e2nia &amp; Editura Destine Literare, Montreal, Canada, 2013; Trei Poeme din Europa \u2013 Three Poems from Europe, de Elena Liliana Popescu, Editura Pelerin, 2013, Bucure\u015fti<br \/>\n<strong>Cristian Radu Nema<\/strong>: Prin tainele produc\u021biei de filme rom\u00e2ne\u0219ti, RBA Media, Bucure\u0219ti, 2013<br \/>\n<strong>Lumina lumii<\/strong>, An XXI-XXII, nr. 21-22, R\u00e2mnicu-V\u00e2lcea, 2013<br \/>\n<strong>Sorin Ullea<\/strong>: <strong>\u00cencheierea cronologiei picturii moldovene\u0219ti secolele XV- XVI cu datarea ansamblurilor de la P\u0103rh\u0103u\u021bi \u0219i Arbure, Editura MU\u015eATINIA, Roman, 2013<\/strong><\/p>\n<p style=\"text-align: center;\"><a href=\"http:\/\/www.marianagurza.ro\/blog\/wp-content\/uploads\/2013\/10\/ju1.jpg\"><img loading=\"lazy\" decoding=\"async\" class=\"size-medium wp-image-15936\" title=\"ju\" src=\"http:\/\/www.marianagurza.ro\/blog\/wp-content\/uploads\/2013\/10\/ju1-202x300.jpg\" alt=\"\" width=\"202\" height=\"300\" srcset=\"https:\/\/www.marianagurza.ro\/blog\/wp-content\/uploads\/2013\/10\/ju1-202x300.jpg 202w, https:\/\/www.marianagurza.ro\/blog\/wp-content\/uploads\/2013\/10\/ju1.jpg 316w\" sizes=\"auto, (max-width: 202px) 100vw, 202px\" \/><\/a><\/p>\n<p style=\"text-align: center;\">\n<p style=\"text-align: justify;\">Books Gazette John Benjamins Publishing. Spring 2013: The Shared Mind Perspectives on intersubjectivity; Body memory, Metaphor and movement; Uber Beweise und Beweisarten bei Wilhelm Ockham; Rethinking Narrative Identity. Fall 2013: The Ethics of Literary Communication Genineness, directness, indirectness; The Constitution of Visual Consciousness Lessons from Binocular Rivalry; Errors and Disfluencies in Spoken Corpora; A reference Grammar of Romanian Volume 1: The noun phrase. Edited by Carmen Dobrovic-Sorin and Ion Giurgea. Contributions by: R. Br\u0103escu, I. Giurgea, A. Cornilescu, E. N. Soare, C. Dobrovic-Sorin, C. Stan, B. Croitor, B. V. Hill, I. Nedelcu, D. F. Farkas, A. Grosu, A. Mardale, M. Miron-Fulea, S. Reinheimer-R\u00e2peanu, I. Tasmowski, A. Vasilescu, R. Zafiu, M. T\u0103nase-Dogaru, R. Vi\u0219an.<\/p>\n<p style=\"text-align: justify;\">La eveniment particip\u0103 scriitori, actori, ziari\u015fti \u015fi membrii Centrului.\u00a0\u00cen speran\u0163a c\u0103 ve\u0163i da curs invita\u0163iei noastre, v\u0103 a\u015ftept\u0103m cu drag.<\/p>\n<p style=\"text-align: justify;\">Cu deosebit\u0103 considera\u0163ie,<\/p>\n<p style=\"text-align: justify;\">Primarul Sectorului 2,<br \/>\nNeculai On\u0163anu<\/p>\n","protected":false},"excerpt":{"rendered":"<p>Primarul Sectorului 2 Bucure\u015fti are deosebita pl\u0103cere s\u0103 v\u0103 invite\u00a0Mar\u0163i 29 octombrie 2013, orele 17.00, la evenimentul cultural Colocviile de [&#038;hellip<\/p>\n","protected":false},"author":1,"featured_media":0,"comment_status":"closed","ping_status":"closed","sticky":false,"template":"","format":"standard","meta":{"footnotes":""},"categories":[3],"tags":[],"class_list":["post-15932","post","type-post","status-publish","format-standard","hentry","category-articole"],"_links":{"self":[{"href":"https:\/\/www.marianagurza.ro\/blog\/wp-json\/wp\/v2\/posts\/15932","targetHints":{"allow":["GET"]}}],"collection":[{"href":"https:\/\/www.marianagurza.ro\/blog\/wp-json\/wp\/v2\/posts"}],"about":[{"href":"https:\/\/www.marianagurza.ro\/blog\/wp-json\/wp\/v2\/types\/post"}],"author":[{"embeddable":true,"href":"https:\/\/www.marianagurza.ro\/blog\/wp-json\/wp\/v2\/users\/1"}],"replies":[{"embeddable":true,"href":"https:\/\/www.marianagurza.ro\/blog\/wp-json\/wp\/v2\/comments?post=15932"}],"version-history":[{"count":4,"href":"https:\/\/www.marianagurza.ro\/blog\/wp-json\/wp\/v2\/posts\/15932\/revisions"}],"predecessor-version":[{"id":15934,"href":"https:\/\/www.marianagurza.ro\/blog\/wp-json\/wp\/v2\/posts\/15932\/revisions\/15934"}],"wp:attachment":[{"href":"https:\/\/www.marianagurza.ro\/blog\/wp-json\/wp\/v2\/media?parent=15932"}],"wp:term":[{"taxonomy":"category","embeddable":true,"href":"https:\/\/www.marianagurza.ro\/blog\/wp-json\/wp\/v2\/categories?post=15932"},{"taxonomy":"post_tag","embeddable":true,"href":"https:\/\/www.marianagurza.ro\/blog\/wp-json\/wp\/v2\/tags?post=15932"}],"curies":[{"name":"wp","href":"https:\/\/api.w.org\/{rel}","templated":true}]}}