{"id":15964,"date":"2013-10-26T14:58:10","date_gmt":"2013-10-26T14:58:10","guid":{"rendered":"http:\/\/www.marianagurza.ro\/blog\/?p=15964"},"modified":"2013-10-26T16:02:46","modified_gmt":"2013-10-26T16:02:46","slug":"un-an-de-la-plecarea-in-lumea-vesniciei-a-prof-univ-dr-mircea-eugen-craioveanu","status":"publish","type":"post","link":"https:\/\/www.marianagurza.ro\/blog\/2013\/10\/26\/un-an-de-la-plecarea-in-lumea-vesniciei-a-prof-univ-dr-mircea-eugen-craioveanu\/","title":{"rendered":"Un an de la plecarea \u00een lumea ve\u0219niciei a Prof. Univ. Dr. Mircea-Eugen Craioveanu"},"content":{"rendered":"<p style=\"text-align: center;\"><a href=\"http:\/\/www.marianagurza.ro\/blog\/wp-content\/uploads\/2013\/10\/1394966_408324322602705_1443623596_n.jpg\"><img loading=\"lazy\" decoding=\"async\" class=\"size-medium wp-image-15969\" title=\"Mircea Eugen Craioveanu\" src=\"http:\/\/www.marianagurza.ro\/blog\/wp-content\/uploads\/2013\/10\/1394966_408324322602705_1443623596_n-214x300.jpg\" alt=\"\" width=\"214\" height=\"300\" srcset=\"https:\/\/www.marianagurza.ro\/blog\/wp-content\/uploads\/2013\/10\/1394966_408324322602705_1443623596_n-214x300.jpg 214w, https:\/\/www.marianagurza.ro\/blog\/wp-content\/uploads\/2013\/10\/1394966_408324322602705_1443623596_n.jpg 500w\" sizes=\"auto, (max-width: 214px) 100vw, 214px\" \/><\/a><\/p>\n<p>&nbsp;<\/p>\n<p style=\"text-align: justify;\">\u00cen data de 28 Octombrie 2012, ne-a p\u0103r\u0103sit <em><strong>Prof. Dr. Mircea-Eugen Craioveanu, <\/strong><\/em>un matematician<em> <\/em>de talie mondial\u0103.<\/p>\n<p style=\"text-align: justify;\">Un OM sclipitor, bun dasc\u0103l, un cern\u0103u\u021bean ce a biruit ! Un model pentru toate genera\u021biile; inteligent, \u0219armant, familist de excep\u021bie, prieten generos. Modest \u0219i demn. S- a \u00eentors la Sibiu l\u00e2ng\u0103 mo\u0219ii s\u0103i, ofi\u021beri de elit\u0103 a vremurilor\u2026De\u0219i matematician la Universitatea de Vest din Timi\u0219oara, educa\u021bia militar\u0103 primit\u0103 \u00een familie, \u0219i-a pus amprenta \u00een atitudine, demnitate \u0219i valoare. \u0218i-a slujit Neamul Rom\u00e2nesc a\u0219a cum fusese \u00eenv\u0103\u021bat. C\u0103r\u021biile, studiile sale, r\u0103sp\u00e2ndite peste tot \u00een lume, genera\u021biile de matematicieni pe care i-a format, vor d\u0103inui peste timp\u2026<em><strong>Mircea-Eugen Craioveanu, \u201c<\/strong><\/em><strong><em>este<\/em><\/strong><em> <\/em><strong><em>\u00eembl\u00e2nzitorul ce a domesticit infinitul<\/em><\/strong><em>\u201d <\/em>cum ar spune Lucian Blaga.<\/p>\n<p style=\"text-align: justify;\">Munca\u00a0 recunoscut\u0103 \u0219i promovat\u0103 \u00een \u021bar\u0103 \u0219i str\u0103in\u0103tate, proiectele pe nivele de cercetare ca, geometria diferen\u0163ial\u0103 globala, topologia diferen\u0163ial\u0103, analiz\u0103 global\u0103, analiz\u0103 pe variet\u0103\u0163i, metode geometrice, analiza fizica teoretic\u0103, au ajutat la promovarea \u00eenv\u0103\u021b\u0103m\u00e2ntului rom\u00e2nesc, la implementarea unor programe interna\u021bionale de succes. A fost\u00a0 mereu printre cercet\u0103torii activi \u015fi matematicienii eminen\u0163i ai lumii. <strong><em>A respirat \u201cmatematic\u201d, \u0219tiind s\u0103 dea sens clipei, \u00eembr\u0103c\u00e2nd-o \u00een form\u0103 geometric\u0103.<\/em><\/strong> Despre opera sa, cercet\u0103torii din str\u0103in\u0103tate, sunt aviza\u021bi \u00een a se pronun\u021ba.<\/p>\n<p style=\"text-align: justify;\">Acum, \u00ee\u0219i continu\u0103 drumul\u2026drumul s\u0103u \u00een ve\u0219nicie\u2026<em>\u201cVia\u0163a fiind o c\u0103l\u0103torie spre ve\u015fnicie\u201d&#8230; Ve\u0219nicele suspine pentru omul din timp. Ve\u0219nicia a intrat \u00eentr-o solidaritate cu timpul am\u0103n\u00e2nd totu\u0219i distincta fa\u021b\u0103 de el. Ve\u0219nicia este originea \u0219i scopul timpului. Aceasta este marea m\u00e2ng\u00e2iere pe care Cre\u0219tinismul o d\u0103 umanti\u0103\u021bii. <\/em><em><br \/>\n<\/em><\/p>\n<p style=\"text-align: justify;\">O formul\u0103 matematic\u0103 greu de descifrat. Cu siguran\u021b\u0103, <em><strong>Mircea-Eugen Craioveanu<\/strong><\/em>, a g\u0103sit rezolvarea&#8230;<\/p>\n<p style=\"text-align: justify;\"><em>S<\/em>lujba parastasului a avut loc azi, 26 octombrie la Sibiu, ora\u0219ul \u00een care \u0219i-a gasit locul, al\u0103turi de mo\u0219ii s\u0103i, refugia\u021bi din Bucovina\u2026<\/p>\n<p align=\"center\"><strong>Ve\u0219nic\u0103 s\u0103-i fie pomenirea!<\/strong><\/p>\n<p align=\"center\"><strong>Dumnezeu s\u0103-l odihneasc\u0103 \u00een pace !<\/strong><\/p>\n<p><em>Mariana Gurza<\/em><\/p>\n<p>Timi\u0219oara<\/p>\n<p>26 Octombrie 2013<\/p>\n<p>Prelucrare foto: Carmen Tudoran<\/p>\n","protected":false},"excerpt":{"rendered":"<p>&nbsp; \u00cen data de 28 Octombrie 2012, ne-a p\u0103r\u0103sit Prof. Dr. Mircea-Eugen Craioveanu, un matematician de talie mondial\u0103. Un OM [&#038;hellip<\/p>\n","protected":false},"author":1,"featured_media":0,"comment_status":"closed","ping_status":"closed","sticky":false,"template":"","format":"standard","meta":{"footnotes":""},"categories":[3],"tags":[],"class_list":["post-15964","post","type-post","status-publish","format-standard","hentry","category-articole"],"_links":{"self":[{"href":"https:\/\/www.marianagurza.ro\/blog\/wp-json\/wp\/v2\/posts\/15964","targetHints":{"allow":["GET"]}}],"collection":[{"href":"https:\/\/www.marianagurza.ro\/blog\/wp-json\/wp\/v2\/posts"}],"about":[{"href":"https:\/\/www.marianagurza.ro\/blog\/wp-json\/wp\/v2\/types\/post"}],"author":[{"embeddable":true,"href":"https:\/\/www.marianagurza.ro\/blog\/wp-json\/wp\/v2\/users\/1"}],"replies":[{"embeddable":true,"href":"https:\/\/www.marianagurza.ro\/blog\/wp-json\/wp\/v2\/comments?post=15964"}],"version-history":[{"count":7,"href":"https:\/\/www.marianagurza.ro\/blog\/wp-json\/wp\/v2\/posts\/15964\/revisions"}],"predecessor-version":[{"id":15967,"href":"https:\/\/www.marianagurza.ro\/blog\/wp-json\/wp\/v2\/posts\/15964\/revisions\/15967"}],"wp:attachment":[{"href":"https:\/\/www.marianagurza.ro\/blog\/wp-json\/wp\/v2\/media?parent=15964"}],"wp:term":[{"taxonomy":"category","embeddable":true,"href":"https:\/\/www.marianagurza.ro\/blog\/wp-json\/wp\/v2\/categories?post=15964"},{"taxonomy":"post_tag","embeddable":true,"href":"https:\/\/www.marianagurza.ro\/blog\/wp-json\/wp\/v2\/tags?post=15964"}],"curies":[{"name":"wp","href":"https:\/\/api.w.org\/{rel}","templated":true}]}}