{"id":15995,"date":"2013-10-27T13:39:13","date_gmt":"2013-10-27T13:39:13","guid":{"rendered":"http:\/\/www.marianagurza.ro\/blog\/?p=15995"},"modified":"2013-10-27T13:43:32","modified_gmt":"2013-10-27T13:43:32","slug":"cum-as-putea-sa-uit","status":"publish","type":"post","link":"https:\/\/www.marianagurza.ro\/blog\/2013\/10\/27\/cum-as-putea-sa-uit\/","title":{"rendered":"Cum a\u0219 putea sa uit?"},"content":{"rendered":"<p style=\"text-align: center;\"><a href=\"http:\/\/www.marianagurza.ro\/blog\/wp-content\/uploads\/2013\/10\/img_0944.jpg\"><img loading=\"lazy\" decoding=\"async\" class=\"size-medium wp-image-15996\" title=\"img_0944\" src=\"http:\/\/www.marianagurza.ro\/blog\/wp-content\/uploads\/2013\/10\/img_0944-300x225.jpg\" alt=\"\" width=\"300\" height=\"225\" srcset=\"https:\/\/www.marianagurza.ro\/blog\/wp-content\/uploads\/2013\/10\/img_0944-300x225.jpg 300w, https:\/\/www.marianagurza.ro\/blog\/wp-content\/uploads\/2013\/10\/img_0944-1024x768.jpg 1024w\" sizes=\"auto, (max-width: 300px) 100vw, 300px\" \/><\/a><\/p>\n<p style=\"text-align: center;\">27\u00a0 Octombrie 2009<\/p>\n<p style=\"text-align: center;\"><em>Nunta de Argint &#8211; al\u0103turi de fam. Mircea Craioveanu<\/em><\/p>\n<p style=\"text-align: center;\"><em><br \/>\n****<\/em><\/p>\n<p style=\"text-align: center;\">\n<p><strong>\u00a0\u00a0\u00a0\u00a0\u00a0\u00a0\u00a0\u00a0\u00a0\u00a0\u00a0\u00a0\u00a0\u00a0 CELE DOU\u0102 LUMI<\/strong><\/p>\n<p>&nbsp;<\/p>\n<p>\u00centre via\u0163\u0103 \u015fi moarte<\/p>\n<p>un prag fragil\u2026<\/p>\n<p>P\u0103\u015fesc pe el<\/p>\n<p>\u00een cele dou\u0103 universuri.<\/p>\n<p>A\u015f mai r\u0103m\u00e2ne \u00een via\u0163\u0103,<\/p>\n<p>unde e prezentul \u015fi viitorul.<\/p>\n<p>Dincolo\u2026<\/p>\n<p>E timp \u015fi pentru dincolo\u2026<\/p>\n<p>Acolo vom da v\u0103mi v\u0103zduhului,<\/p>\n<p>pentru popasul ve\u015fnic.<\/p>\n<p>Dumnezeu, va avea El grij\u0103 de noi!<\/p>\n<p>Ne va \u0163ine de m\u00e2n\u0103<\/p>\n<p>Aici,<\/p>\n<p>Acolo,<\/p>\n<p>O eternitate\u2026<\/p>\n<p>&nbsp;<\/p>\n<p style=\"text-align: center;\"><a href=\"http:\/\/www.marianagurza.ro\/blog\/wp-content\/uploads\/2013\/10\/img_0971.jpg\"><img loading=\"lazy\" decoding=\"async\" class=\"size-medium wp-image-15997\" title=\"img_0971\" src=\"http:\/\/www.marianagurza.ro\/blog\/wp-content\/uploads\/2013\/10\/img_0971-300x225.jpg\" alt=\"\" width=\"300\" height=\"225\" srcset=\"https:\/\/www.marianagurza.ro\/blog\/wp-content\/uploads\/2013\/10\/img_0971-300x225.jpg 300w, https:\/\/www.marianagurza.ro\/blog\/wp-content\/uploads\/2013\/10\/img_0971-1024x768.jpg 1024w\" sizes=\"auto, (max-width: 300px) 100vw, 300px\" \/><\/a><\/p>\n<p style=\"text-align: center;\"><em>Mircea Craioveanu \u00eentr-un moment important al vie\u021bii&#8230;<\/em><\/p>\n<p style=\"text-align: left;\">\n<p style=\"text-align: justify;\">Cum a\u0219 putea s\u0103 uit ziua de 27 noiembrie 2009? Al\u0103turi de na\u0219ii no\u0219tri, Mircea \u0219i Sandra Craioveanu, sora mea Doina, ne-am prezentat \u00een fa\u021ba Lui Dumnezeu pentru a mul\u021bumi, pentru a primi, o nou\u0103 binecuv\u00e2ntare&#8230;<\/p>\n<p style=\"text-align: justify;\">Acum, c\u00e2nd na\u0219ul meu Mircea Craioveanu a luat drumul ve\u0219niciei, imaginile r\u0103mase m\u0103 \u00eentorc \u00een timp.<\/p>\n<p style=\"text-align: justify;\">Doamne, Doamne al meu, acolo unde e\u0219ti, ai grij\u0103 de na\u0219ul meu, <strong>Mircea Eugen Craioveanu<\/strong>.<\/p>\n<p style=\"text-align: justify;\">Odihne\u0219te-l Doamne \u00een cortul drep\u021bilor!<\/p>\n<p style=\"text-align: justify;\">\n<p style=\"text-align: justify;\">Mariana Gurza<\/p>\n<p style=\"text-align: justify;\">27 Octombrie 2013<\/p>\n","protected":false},"excerpt":{"rendered":"<p>27\u00a0 Octombrie 2009 Nunta de Argint &#8211; al\u0103turi de fam. Mircea Craioveanu **** \u00a0\u00a0\u00a0\u00a0\u00a0\u00a0\u00a0\u00a0\u00a0\u00a0\u00a0\u00a0\u00a0\u00a0 CELE DOU\u0102 LUMI &nbsp; \u00centre via\u0163\u0103 [&#038;hellip<\/p>\n","protected":false},"author":1,"featured_media":0,"comment_status":"closed","ping_status":"closed","sticky":false,"template":"","format":"standard","meta":{"footnotes":""},"categories":[3],"tags":[],"class_list":["post-15995","post","type-post","status-publish","format-standard","hentry","category-articole"],"_links":{"self":[{"href":"https:\/\/www.marianagurza.ro\/blog\/wp-json\/wp\/v2\/posts\/15995","targetHints":{"allow":["GET"]}}],"collection":[{"href":"https:\/\/www.marianagurza.ro\/blog\/wp-json\/wp\/v2\/posts"}],"about":[{"href":"https:\/\/www.marianagurza.ro\/blog\/wp-json\/wp\/v2\/types\/post"}],"author":[{"embeddable":true,"href":"https:\/\/www.marianagurza.ro\/blog\/wp-json\/wp\/v2\/users\/1"}],"replies":[{"embeddable":true,"href":"https:\/\/www.marianagurza.ro\/blog\/wp-json\/wp\/v2\/comments?post=15995"}],"version-history":[{"count":3,"href":"https:\/\/www.marianagurza.ro\/blog\/wp-json\/wp\/v2\/posts\/15995\/revisions"}],"predecessor-version":[{"id":15999,"href":"https:\/\/www.marianagurza.ro\/blog\/wp-json\/wp\/v2\/posts\/15995\/revisions\/15999"}],"wp:attachment":[{"href":"https:\/\/www.marianagurza.ro\/blog\/wp-json\/wp\/v2\/media?parent=15995"}],"wp:term":[{"taxonomy":"category","embeddable":true,"href":"https:\/\/www.marianagurza.ro\/blog\/wp-json\/wp\/v2\/categories?post=15995"},{"taxonomy":"post_tag","embeddable":true,"href":"https:\/\/www.marianagurza.ro\/blog\/wp-json\/wp\/v2\/tags?post=15995"}],"curies":[{"name":"wp","href":"https:\/\/api.w.org\/{rel}","templated":true}]}}