{"id":16003,"date":"2013-10-27T13:58:27","date_gmt":"2013-10-27T13:58:27","guid":{"rendered":"http:\/\/www.marianagurza.ro\/blog\/?p=16003"},"modified":"2013-10-27T13:58:27","modified_gmt":"2013-10-27T13:58:27","slug":"ce-este-viata","status":"publish","type":"post","link":"https:\/\/www.marianagurza.ro\/blog\/2013\/10\/27\/ce-este-viata\/","title":{"rendered":"Sandra Craioveanu: \u201cTimpul nu va putea \u0219terge durerea \u0219i triste\u021bea care ne-a \u00eendoliat sufletele\u201d"},"content":{"rendered":"<p style=\"text-align: center;\"><a href=\"http:\/\/www.marianagurza.ro\/blog\/wp-content\/uploads\/2013\/10\/MIRCEA-EUGEN-CRAIOVEANU2.jpg\"><img loading=\"lazy\" decoding=\"async\" class=\"size-medium wp-image-16004\" title=\"MIRCEA EUGEN CRAIOVEANU\" src=\"http:\/\/www.marianagurza.ro\/blog\/wp-content\/uploads\/2013\/10\/MIRCEA-EUGEN-CRAIOVEANU2-214x300.jpg\" alt=\"\" width=\"214\" height=\"300\" srcset=\"https:\/\/www.marianagurza.ro\/blog\/wp-content\/uploads\/2013\/10\/MIRCEA-EUGEN-CRAIOVEANU2-214x300.jpg 214w, https:\/\/www.marianagurza.ro\/blog\/wp-content\/uploads\/2013\/10\/MIRCEA-EUGEN-CRAIOVEANU2.jpg 500w\" sizes=\"auto, (max-width: 214px) 100vw, 214px\" \/><\/a><\/p>\n<p style=\"text-align: center;\">\n<p style=\"text-align: justify;\"><strong>\u201cCu lacrimi \u0219i enorm\u0103 durere \u00een suflet, amintim c\u0103, \u00een 28 octombrie se \u00eempline\u0219te un an de la trecerea \u00een nefiin\u021b\u0103 a celui care a fost so\u021b, tat\u0103, bunic, frate, MIRCEA CRAIOVEANU.<\/strong><\/p>\n<p style=\"text-align: justify;\"><strong> Timpul nu va putea \u0219terge durerea \u0219i triste\u021bea care ne-a \u00eendoliat sufletele acum un an, c\u00e2nd a plecat pe drumul f\u0103r\u0103 \u00eentoarcere al ve\u0219niciei.<\/strong><\/p>\n<p style=\"text-align: justify;\"><strong> Chipul lui drag, bucuria pe care ne-a d\u0103ruit-o \u00een via\u021b\u0103, sufletul lui ales vor r\u0103m\u00e2ne mereu \u00een amintirea noastr\u0103. El va fi mereu l\u00e2ng\u0103 noi \u0219i cu noi, va fi mereu \u00een mintea \u0219i \u00een sufletul nostru.<\/strong><\/p>\n<p style=\"text-align: justify;\"><strong> Recuno\u0219tin\u021ba celor care \u00eei p\u0103streaz\u0103 o clip\u0103 de amintire, care nu l-au uitat, care l-au iubit \u0219i apreciat, caci a fost un truditor al \u0219tiin\u021bei \u0219i un om deosebit, care \u0219i-a g\u0103sit locul printre cei ale\u0219i, a\u0219a cum i-a fost r\u00e2nduit.<\/strong><\/p>\n<p style=\"text-align: justify;\"><strong> Dumnezeu s\u0103-i vegheze odihna \u00een lumea celor drep\u021bi.\u201d<\/strong><\/p>\n<p style=\"text-align: justify;\">\n<p style=\"text-align: justify;\"><em><strong>Familia<\/strong><\/em><\/p>\n<p style=\"text-align: justify;\">\n","protected":false},"excerpt":{"rendered":"<p>\u201cCu lacrimi \u0219i enorm\u0103 durere \u00een suflet, amintim c\u0103, \u00een 28 octombrie se \u00eempline\u0219te un an de la trecerea \u00een [&#038;hellip<\/p>\n","protected":false},"author":1,"featured_media":0,"comment_status":"closed","ping_status":"closed","sticky":false,"template":"","format":"standard","meta":{"footnotes":""},"categories":[3],"tags":[],"class_list":["post-16003","post","type-post","status-publish","format-standard","hentry","category-articole"],"_links":{"self":[{"href":"https:\/\/www.marianagurza.ro\/blog\/wp-json\/wp\/v2\/posts\/16003","targetHints":{"allow":["GET"]}}],"collection":[{"href":"https:\/\/www.marianagurza.ro\/blog\/wp-json\/wp\/v2\/posts"}],"about":[{"href":"https:\/\/www.marianagurza.ro\/blog\/wp-json\/wp\/v2\/types\/post"}],"author":[{"embeddable":true,"href":"https:\/\/www.marianagurza.ro\/blog\/wp-json\/wp\/v2\/users\/1"}],"replies":[{"embeddable":true,"href":"https:\/\/www.marianagurza.ro\/blog\/wp-json\/wp\/v2\/comments?post=16003"}],"version-history":[{"count":2,"href":"https:\/\/www.marianagurza.ro\/blog\/wp-json\/wp\/v2\/posts\/16003\/revisions"}],"predecessor-version":[{"id":16006,"href":"https:\/\/www.marianagurza.ro\/blog\/wp-json\/wp\/v2\/posts\/16003\/revisions\/16006"}],"wp:attachment":[{"href":"https:\/\/www.marianagurza.ro\/blog\/wp-json\/wp\/v2\/media?parent=16003"}],"wp:term":[{"taxonomy":"category","embeddable":true,"href":"https:\/\/www.marianagurza.ro\/blog\/wp-json\/wp\/v2\/categories?post=16003"},{"taxonomy":"post_tag","embeddable":true,"href":"https:\/\/www.marianagurza.ro\/blog\/wp-json\/wp\/v2\/tags?post=16003"}],"curies":[{"name":"wp","href":"https:\/\/api.w.org\/{rel}","templated":true}]}}