{"id":16039,"date":"2013-10-29T08:12:47","date_gmt":"2013-10-29T08:12:47","guid":{"rendered":"http:\/\/www.marianagurza.ro\/blog\/?p=16039"},"modified":"2013-10-29T08:12:47","modified_gmt":"2013-10-29T08:12:47","slug":"%e2%80%9eversuri-eftine-si-bune%e2%80%9d-de-ovidiu-vasile-si-alin-cucuruzan","status":"publish","type":"post","link":"https:\/\/www.marianagurza.ro\/blog\/2013\/10\/29\/%e2%80%9eversuri-eftine-si-bune%e2%80%9d-de-ovidiu-vasile-si-alin-cucuruzan\/","title":{"rendered":"\u201eVersuri eftine \u0219i bune\u201d de Ovidiu Vasile \u0219i Alin Cucuruzan"},"content":{"rendered":"<p style=\"text-align: justify;\"><a href=\"http:\/\/www.marianagurza.ro\/blog\/wp-content\/uploads\/2013\/10\/coperta-buna1.jpg\"><img loading=\"lazy\" decoding=\"async\" class=\"size-full wp-image-16040 alignleft\" title=\"coperta-buna1\" src=\"http:\/\/www.marianagurza.ro\/blog\/wp-content\/uploads\/2013\/10\/coperta-buna1.jpg\" alt=\"\" width=\"222\" height=\"151\" \/><\/a>Motto: <strong><em>,,Neamurile au un destin ascuns \u00een Dumnezeu. C\u00e2nd \u00ee\u0219i urmeaz\u0103 destinul, au ap\u0103rarea lui Dumnezeu. C\u00e2nd \u015fi-l tr\u0103deaz\u0103, s\u0103 se g\u0103teasc\u0103 de pedeaps\u0103!\u201d<\/em><\/strong>. P\u0103rintele ARSENIE BOCA<\/p>\n<p style=\"text-align: justify;\">Volumul <em>,,Versuri eftine \u015fi bune\u201d<\/em>, cu o prefa\u0163\u0103 \u015fi o postfa\u0163\u0103 semnat\u0103 de Constantin Z\u0103rnescu, Editura Napoca Star, Cluj-Napoca, 2012, aduce \u00een actualitate doi prieteni, doi poe\u021bi clujeni: Ovidiu Vasile \u015fi Alin Cucuruzan.<\/p>\n<p style=\"text-align: justify;\">\nO carte \u201escris\u0103 la dou\u0103 m\u00e2ini\u201d cum bine se explic\u0103 \u00een prefa\u021barea c\u0103r\u0163ii\u2026<\/p>\n<p style=\"text-align: justify;\">\n\u00cemp\u0103timi\u021bi de internet, de informa\u021bie, cei doi, prin acest volum tip\u0103rit, \u00eentr-un mod incitant, m\u0103 duce cu g\u00e2ndul la un concert simfonic unde, privirea, g\u00e2ndul \u015fi m\u00e2inile se contopesc intr-un singur sunet \u2013 muzicalitatea cuv\u00e2ntului.<\/p>\n<p style=\"text-align: justify;\">\nMirosul unei c\u0103r\u0163ii proasp\u0103t scoas\u0103 din tipar, pentru fiecare este altceva. O carte nou\u0103, este ca un prunc ce \u00eenva\u0163\u0103 s\u0103 mearg\u0103 spre lumea cititorilor.<\/p>\n<p style=\"text-align: justify;\">\nLa deschiderea c\u0103r\u0163ii descoperi ,,fenomenul de oglinda\u2019\u2019, un miraj caracteristic zborului pe mare\u2026At\u00e2t Ovidiu Vasile cat si Alin Cucuruzan, prin mesajul cre\u0219tin, uneori cu multa demnitate, exprim\u0103 prin vers dragostea pentru neam, fr\u0103m\u00e2nt\u0103ri ce mistuie g\u00e2ndurile poe\u021bilor.<\/p>\n<p style=\"text-align: justify;\"><em>\u201eNe pl\u00e2nge \u015fi cerul cu lacrimi de ploaie<\/em><br \/>\n<em> Durerea \u015fi r\u0103ul f\u0103cut cu \u015ftiin\u0163\u0103,<\/em><br \/>\n<em> Din ura aprins\u0103 ca focul de paie<\/em><br \/>\n<em> Ce stinge pe cruce Divina Fiin\u0163\u0103.\u201d<\/em><br \/>\n(Ne pl\u00e2nge cerul, pg.28 \u2013 Ovidiu Vasile)<\/p>\n<p style=\"text-align: justify;\">Poezia lor protestatar\u0103, este de a atrage aten\u021bia c\u0103 suntem rom\u00e2ni, iubitori de neam \u015fi glie. Nu sunt uita\u021bi nici prietenii cuv\u00e2ntului, scriitorii de ieri, ce ne-au l\u0103sat adev\u0103rate comori literare.<\/p>\n<p style=\"text-align: justify;\"><em>\u201eIubi\u0163i-v\u0103\u201d zis-a Poetul<\/em><br \/>\n<em> \u201ePe tunuri, pe arme, pe flori<\/em><br \/>\n<em> Pe cruci, pe morminte de-a dreptul<\/em><br \/>\n<em> Pe valul zadarnicei m\u0103ri\u201d<\/em><\/p>\n<p style=\"text-align: justify;\"><em>\u2026..<\/em><br \/>\n<em> \u201eVia\u0163a mea fu o r\u0103scoal\u0103<\/em><br \/>\n<em> O lupt\u0103, un zbucium, un fum<\/em><br \/>\n<em> Crea\u0163ia mea e egal\u0103<\/em><br \/>\n<em> Cu voi ce r\u0103m\u00e2ne\u0163i antum\u201d.<\/em><br \/>\n(Alin Cucuruzan \u2013 \u201eC\u00e2nd a plecat la cer Poetul\u201d, pg., o dedica\u021bie poetului Adrian P\u0103unescu)<\/p>\n<p style=\"text-align: justify;\">Poezia celor doi, dovede\u0219te c\u0103 sunt apleca\u021bi \u015fi asupra poe\u021bilor martiri, Radu Gyr, Vasile Voiculescu, N.Crainic etc. , fiind capta\u021bi la ce ne-a fost dat ca mo\u0219tenire literar\u0103.<br \/>\nNu \u00eemi doresc s\u0103 nedrept\u0103\u021besc pe niciunul dintre autori. Se completeaz\u0103 firesc, scriu dintr-un plin sufletesc ce doar ca iubitor a lui Hristos o po\u021bi face.<br \/>\nAcest volum este ca un strigat, ca o rug\u0103ciune, un avertisment pentru o lume mai curat\u0103, pentru un p\u0103m\u00e2nt s\u0103n\u0103tos.<\/p>\n<p style=\"text-align: justify;\"><em>\u201cP\u0103m\u00e2ntul face valuri, se fr\u0103m\u00e2nt\u0103,<\/em><br \/>\n<em> Bolnav de noi, rapace furnicar,<\/em><br \/>\n<em> Ce din ad\u00e2ncuri p\u00e2n\u2019 la bolta sf\u00e2nt\u0103<\/em><br \/>\n<em> Am p\u00e2ng\u0103rit curatul cu murdar.<\/em><\/p>\n<p style=\"text-align: justify;\"><em>Ne pedepse\u015fti din miezul t\u0103u fierbinte,<\/em><br \/>\n<em> Cu apa \u015fi cu focul c\u00e2teodat\u0103,<\/em><br \/>\n<em> Cu mintea-n inimi \u00eenv\u0103\u0163\u0103m cuminte<\/em><br \/>\n<em> S\u0103 \u00eel vedem pe-adev\u0103ratul Tat\u0103\u2026\u201d<\/em><br \/>\n( Ovidiu Vasile \u2013 Alerta p\u0103m\u00e2ntului, pg. 22)<\/p>\n<p style=\"text-align: justify;\">Dragostea este prezenta si ea la cei doi \u00een vers\u2026Ce ne-am face f\u0103r\u0103 iubire? Doar ea, este ultima speran\u021b\u0103:<\/p>\n<p style=\"text-align: justify;\"><em>\u201eDintre toate speran\u0163ele<\/em><br \/>\n<em> Judecate,<\/em><br \/>\n<em> Condamnate<\/em><br \/>\n<em> \u015ei executate,<\/em><br \/>\n<em> \u00cemi aduc aminte<\/em><br \/>\n<em> Acum<\/em><br \/>\n<em> Doar de una:<\/em><br \/>\n<em> Speran\u0163a iubirii\u2026\u201d<\/em><\/p>\n<p style=\"text-align: justify;\">( Ovidiu Vasile \u2013 Ultima speran\u021b\u0103, pg. 115)<\/p>\n<p style=\"text-align: justify;\">Fiecare poem are un iz filozofic aparte, te \u00eendeamn\u0103 la medita\u021bie, la clipa prezent\u0103 la cea care o s\u0103 vin\u0103. Vremurile vin \u015fi vremuiesc.<br \/>\nPentru Ovidiu Vasile si Alin Cucuruzan, dragostea pentru patrie nu este demodat\u0103. O simt, o tr\u0103iesc.<\/p>\n<p style=\"text-align: justify;\"><em>\u201eP\u0103m\u00e2ntul nostru sf\u00e2nt<\/em><br \/>\n<em> Ierta-ne-vei vreodat\u0103?<\/em><br \/>\n<em> Te-am p\u0103r\u0103sit r\u0103bd\u00e2nd<\/em><br \/>\n<em> Nedreapta judecat\u0103,<\/em><br \/>\n<em> Str\u0103inilor dispre\u0163ul,<\/em><br \/>\n<em> Privirea cea de sus,<\/em><br \/>\n<em> Cuv\u00e2ntul de ocar\u0103<\/em><br \/>\n<em> \u015etiut dar netradus,<\/em><br \/>\n<em> Ca rud\u0103 mai s\u0103rac\u0103<\/em><br \/>\n<em> A fratelui\u2026 Apus.<\/em><\/p>\n<p style=\"text-align: justify;\"><em>Tratat cu umilin\u0163\u0103,<\/em><br \/>\n<em> V\u0103zut ca indecent<\/em><br \/>\n<em> \u00cen marea de sodome<\/em><br \/>\n<em> De fratele-Occident.<\/em><br \/>\n<em> Imaginile foamei<\/em><br \/>\n<em> Pe chipuri afi\u015fate,<\/em><br \/>\n<em> Parole de-nchinare<\/em><br \/>\n<em> A na\u0163iei tr\u0103date.\u201d<\/em><\/p>\n<p style=\"text-align: justify;\">(Ovidiu Vasile \u2013 Rug\u0103 la p\u0103m\u00e2ntul patriei, pg. 116)<\/p>\n<p style=\"text-align: justify;\">\u00cen labirintul lor interior, se str\u00e2ng contrastele lumii, tr\u0103iri greu de imaginat. Rezonarea prin cuv\u00e2nt este desc\u0103tu\u0219area lor intr-o lume \u00een deriv\u0103. Un concert clasic, ce azi dezv\u0103luie o realitate plina de umilin\u021b\u0103.<\/p>\n<p style=\"text-align: justify;\">Vatra noastr\u0103 veche, \u00eenc\u0103rcat\u0103 de istorie o reg\u0103sim cu generozitate \u00een poemele lui Alin Cucuruzan.<\/p>\n<p style=\"text-align: justify;\"><em>\u201eLa Alba \u00een veac mai r\u0103sun\u0103<\/em><br \/>\n<em> Un clopot cu glas de aram\u0103,<\/em><br \/>\n<em> Unirea cu patria mum\u0103,<\/em><br \/>\n<em> La arme c\u0103ci \u0163ara te cheam\u0103.<\/em><\/p>\n<p style=\"text-align: justify;\"><em>Prin dacice suli\u0163i, Zalmoxe,<\/em><br \/>\n<em> Mai vino-ntre noi \u015fi ne-ndrum\u0103,<\/em><br \/>\n<em> Credin\u0163a-nt\u0103re\u015fte-o \u00een oaste<\/em><br \/>\n<em> \u015ei vina de veacuri ne curm\u0103.<\/em><\/p>\n<p style=\"text-align: justify;\"><em>Andrei n-a venit \u00een pustie<\/em><br \/>\n<em> La daci s\u0103-\u015fi \u00eencerce norocul,<\/em><br \/>\n<em> Iubirea de semeni \u015fi glie<\/em><br \/>\n<em> N-au stins-o nici apa nici focul.<\/em><\/p>\n<p style=\"text-align: justify;\"><em>Dobrogea, Muntenia, Oltul<\/em><br \/>\n<em> Pe Mircea ni-l c\u00e2nt\u0103-n colinde,<\/em><br \/>\n<em> La Cozia-n mun\u0163i, Voievodul,<\/em><br \/>\n<em> Se roag\u0103 \u00een stran\u0103 fierbinte.<\/em><\/p>\n<p style=\"text-align: justify;\"><em>Ardealul mai pl\u00e2nge pe \u0163arini,<\/em><br \/>\n<em> Un Vod\u0103 Mihai cel Viteaz,<\/em><br \/>\n<em> Moldova lui \u015etefan din datini<\/em><br \/>\n<em> Ni-i smuls\u0103 cu josnic ucaz.\u201d<\/em><br \/>\n(Alin Cucuruzan \u2013 Veacurile Albei, pg. 117)<\/p>\n<p style=\"text-align: justify;\">Nu pot spune c\u0103 este un volum vesel. \u00cen schimb, pot afirma c\u0103 este o carte necesar\u0103, curajoas\u0103, ca semn, ca POEZIA, tr\u0103ie\u015fte, este vie prin poe\u021bi ca Ovidiu Vasile \u015fi Alin Cucuruzan.<\/p>\n<p style=\"text-align: justify;\">Volumul <strong>VERSURI EFTINE \u015eI BUNE<\/strong>, semnat de <strong>Ovidiu Vasile<\/strong> si <strong>Alin Cucuruzan<\/strong>, ne invit\u0103 s\u0103 nu uitam Neamul Rom\u00e2nesc, s\u0103 putem ctitori speran\u021ba \u00een mai bine, s\u0103 ne p\u0103stram CREDIN\u0162A, demni, cu Rug\u0103ciunea Inimii \u00een suflet.<\/p>\n<p style=\"text-align: justify;\">Mariana Gurza<br \/>\nTimisoara<br \/>\n28 Octombrie 2013<\/p>\n","protected":false},"excerpt":{"rendered":"<p>Motto: ,,Neamurile au un destin ascuns \u00een Dumnezeu. C\u00e2nd \u00ee\u0219i urmeaz\u0103 destinul, au ap\u0103rarea lui Dumnezeu. C\u00e2nd \u015fi-l tr\u0103deaz\u0103, s\u0103 [&#038;hellip<\/p>\n","protected":false},"author":1,"featured_media":0,"comment_status":"closed","ping_status":"closed","sticky":false,"template":"","format":"standard","meta":{"footnotes":""},"categories":[3],"tags":[],"class_list":["post-16039","post","type-post","status-publish","format-standard","hentry","category-articole"],"_links":{"self":[{"href":"https:\/\/www.marianagurza.ro\/blog\/wp-json\/wp\/v2\/posts\/16039","targetHints":{"allow":["GET"]}}],"collection":[{"href":"https:\/\/www.marianagurza.ro\/blog\/wp-json\/wp\/v2\/posts"}],"about":[{"href":"https:\/\/www.marianagurza.ro\/blog\/wp-json\/wp\/v2\/types\/post"}],"author":[{"embeddable":true,"href":"https:\/\/www.marianagurza.ro\/blog\/wp-json\/wp\/v2\/users\/1"}],"replies":[{"embeddable":true,"href":"https:\/\/www.marianagurza.ro\/blog\/wp-json\/wp\/v2\/comments?post=16039"}],"version-history":[{"count":2,"href":"https:\/\/www.marianagurza.ro\/blog\/wp-json\/wp\/v2\/posts\/16039\/revisions"}],"predecessor-version":[{"id":16042,"href":"https:\/\/www.marianagurza.ro\/blog\/wp-json\/wp\/v2\/posts\/16039\/revisions\/16042"}],"wp:attachment":[{"href":"https:\/\/www.marianagurza.ro\/blog\/wp-json\/wp\/v2\/media?parent=16039"}],"wp:term":[{"taxonomy":"category","embeddable":true,"href":"https:\/\/www.marianagurza.ro\/blog\/wp-json\/wp\/v2\/categories?post=16039"},{"taxonomy":"post_tag","embeddable":true,"href":"https:\/\/www.marianagurza.ro\/blog\/wp-json\/wp\/v2\/tags?post=16039"}],"curies":[{"name":"wp","href":"https:\/\/api.w.org\/{rel}","templated":true}]}}