{"id":16099,"date":"2013-11-05T13:19:02","date_gmt":"2013-11-05T13:19:02","guid":{"rendered":"http:\/\/www.marianagurza.ro\/blog\/?p=16099"},"modified":"2013-11-05T14:10:48","modified_gmt":"2013-11-05T14:10:48","slug":"pentru-adrian-paunescu-o-lacrima-si-o-rugaciune","status":"publish","type":"post","link":"https:\/\/www.marianagurza.ro\/blog\/2013\/11\/05\/pentru-adrian-paunescu-o-lacrima-si-o-rugaciune\/","title":{"rendered":"IN MEMORIM: Adrian P\u0103unescu"},"content":{"rendered":"<p style=\"text-align: center;\"><a href=\"http:\/\/www.marianagurza.ro\/blog\/wp-content\/uploads\/2013\/11\/adrian_paunescu.jpg\"><img loading=\"lazy\" decoding=\"async\" class=\"size-full wp-image-16100\" title=\"adrian_paunescu\" src=\"http:\/\/www.marianagurza.ro\/blog\/wp-content\/uploads\/2013\/11\/adrian_paunescu.jpg\" alt=\"\" width=\"257\" height=\"256\" srcset=\"https:\/\/www.marianagurza.ro\/blog\/wp-content\/uploads\/2013\/11\/adrian_paunescu.jpg 257w, https:\/\/www.marianagurza.ro\/blog\/wp-content\/uploads\/2013\/11\/adrian_paunescu-150x150.jpg 150w\" sizes=\"auto, (max-width: 257px) 100vw, 257px\" \/><\/a><\/p>\n<p style=\"text-align: center;\"><strong>ADRIAN P\u0102UNESCU<\/strong><\/p>\n<p style=\"text-align: center;\">(20 iulie 1943 &#8211; 5 noembrie 2010)<\/p>\n<p style=\"text-align: justify;\"><strong>V-a\u0163i \u00eentrebat vreodat\u0103 de ce pl\u00e2ng poe\u0163ii? Pentru ca a\u015fa le-a fost dat. Poate un strop de nebunie sau o sensiblitate exagerat\u0103. O alt\u0103 lume \u00een care indiferen\u0163a le este strain\u0103. Oamenii din jurul lor ocup\u0103 un loc aparte. De cele mai multe ori uit\u0103 de ei, de suferin\u0163a lor \u015fi o tr\u0103iesc pe a altora. Se contopesc cu cel s\u0103rman, cu cei rapu\u015fi de boala, cu cei singuri, l\u0103crimand , sim\u0163ind durerea, durerea lumii. Este ceva de ne\u00eenteles \u00een acest univers creat parc\u0103 din ceruri. Ne pl\u00e2ngem p\u0103rin\u0163ii, prietenii care ne-au marcat existen\u0163a. Nu ne oprim niciodat\u0103. Mergem pe acest drum \u00een ciuda prafului ce se ridic\u0103 ucig\u0103tor. Avem o singur\u0103 dorin\u021b\u0103. S\u0103 g\u0103sim \u00een toate armonia, lini\u015ftea \u015fi pacea sufleteasc\u0103. Un drum greu pres\u0103rat uneori cu umilin\u0163\u0103 \u015fi nu ezit\u0103m a ne urma crezul. A\u015fa poate \u00een\u0163elegem noi drumul spre m\u00e2ntuire. S\u0103 prindem un sur\u00e2s, s\u0103 \u0163inem flac\u0103ra dragostei noastre vie. Viul \u00eel sim\u0163im peste tot. Suntem stigmatiza\u0163i poate profetic de a fii mereu aproape de ceilal\u0163i, chiar dac\u0103, \u00eens\u0103\u015fi singuratatea noastr\u0103 complicat\u0103 de \u201cpolitichie\u201d \u015fi mizerie ne tulbur\u0103 g\u00e2ndurile\u2026<\/strong><\/p>\n<p style=\"text-align: justify;\"><strong>O lacrim\u0103 \u015fi o rug\u0103ciune. O lacrim\u0103 de poet ce s-a ridicat pe un petec de cer. Pentru to\u0163i cei pleca\u0163i\u2026 Un \u00eendemn spre medita\u0163ie \u00een prag de sear\u0103 pentru acei poe\u0163i ce plang durerea lumii\u2026<\/strong><\/p>\n<p style=\"text-align: justify;\"><em>Mariana Gurza<\/em><\/p>\n<p style=\"text-align: center;\">\u00a0***<\/p>\n<p><strong>Lui\u2026<\/strong><\/p>\n<p><strong>\u00a0<\/strong><\/p>\n<p><em>(Acrostih)<\/em><\/p>\n<p><em>\u00a0<\/em><\/p>\n<p>&nbsp;<\/p>\n<p>Acerb \u0219i dornic de \u00cenviere<\/p>\n<p>Dorind a lumii m\u0103re\u021bie<\/p>\n<p>R\u0103st\u0103lm\u0103ce\u0219ti prin versuri \u0219i c\u00e2ntare,<\/p>\n<p>Iubirile n\u0103scute \u0219i str\u0103bune.<\/p>\n<p>Acerb \u0219i dornic de \u00cenviere<\/p>\n<p>Nutrind un bine nerecunoscut<\/p>\n<p>P\u0103trunzi \u00een lume \u0219i durere,<\/p>\n<p>Amurgul \u00eens\u0103-i de temut.<\/p>\n<p>Uimirea frazei simple \u0219i \u00eentortocheate<\/p>\n<p>N\u0103p\u0103de\u0219te \u00een g\u00e2ndurile \u00eensufle\u021bite,<\/p>\n<p>E greu s\u0103 taci, e greu s\u0103 faci dreptate,<\/p>\n<p>S\u0103galnic\u0103 e lumea \u0219i c\u00e2nd minte.<\/p>\n<p>Cuv\u00e2ntul t\u0103u \u00eens\u0103 r\u0103m\u00e2ne<\/p>\n<p>Ud\u00e2nd gr\u0103dina lumii azi \u0219i maine&#8230;.<\/p>\n<p>&nbsp;<\/p>\n<p style=\"text-align: right;\"><em>Mariana Gurza<\/em><\/p>\n<p style=\"text-align: right;\"><em>1983<\/em><\/p>\n<p style=\"text-align: right;\"><em>(Vol. Paradox sentimental, Ed. Augusta, Timi\u0219oara, 1998)<\/em><\/p>\n<p>&nbsp;<\/p>\n","protected":false},"excerpt":{"rendered":"<p>ADRIAN P\u0102UNESCU (20 iulie 1943 &#8211; 5 noembrie 2010) V-a\u0163i \u00eentrebat vreodat\u0103 de ce pl\u00e2ng poe\u0163ii? Pentru ca a\u015fa le-a [&#038;hellip<\/p>\n","protected":false},"author":1,"featured_media":0,"comment_status":"closed","ping_status":"closed","sticky":false,"template":"","format":"standard","meta":{"footnotes":""},"categories":[3],"tags":[],"class_list":["post-16099","post","type-post","status-publish","format-standard","hentry","category-articole"],"_links":{"self":[{"href":"https:\/\/www.marianagurza.ro\/blog\/wp-json\/wp\/v2\/posts\/16099","targetHints":{"allow":["GET"]}}],"collection":[{"href":"https:\/\/www.marianagurza.ro\/blog\/wp-json\/wp\/v2\/posts"}],"about":[{"href":"https:\/\/www.marianagurza.ro\/blog\/wp-json\/wp\/v2\/types\/post"}],"author":[{"embeddable":true,"href":"https:\/\/www.marianagurza.ro\/blog\/wp-json\/wp\/v2\/users\/1"}],"replies":[{"embeddable":true,"href":"https:\/\/www.marianagurza.ro\/blog\/wp-json\/wp\/v2\/comments?post=16099"}],"version-history":[{"count":5,"href":"https:\/\/www.marianagurza.ro\/blog\/wp-json\/wp\/v2\/posts\/16099\/revisions"}],"predecessor-version":[{"id":16103,"href":"https:\/\/www.marianagurza.ro\/blog\/wp-json\/wp\/v2\/posts\/16099\/revisions\/16103"}],"wp:attachment":[{"href":"https:\/\/www.marianagurza.ro\/blog\/wp-json\/wp\/v2\/media?parent=16099"}],"wp:term":[{"taxonomy":"category","embeddable":true,"href":"https:\/\/www.marianagurza.ro\/blog\/wp-json\/wp\/v2\/categories?post=16099"},{"taxonomy":"post_tag","embeddable":true,"href":"https:\/\/www.marianagurza.ro\/blog\/wp-json\/wp\/v2\/tags?post=16099"}],"curies":[{"name":"wp","href":"https:\/\/api.w.org\/{rel}","templated":true}]}}