{"id":16186,"date":"2013-11-10T22:16:58","date_gmt":"2013-11-10T22:16:58","guid":{"rendered":"http:\/\/www.marianagurza.ro\/blog\/?p=16186"},"modified":"2013-11-10T22:18:20","modified_gmt":"2013-11-10T22:18:20","slug":"p-s-ioachim-bacaoanul-cel-mai-important-imnograf-al-sfintilor-romani","status":"publish","type":"post","link":"https:\/\/www.marianagurza.ro\/blog\/2013\/11\/10\/p-s-ioachim-bacaoanul-cel-mai-important-imnograf-al-sfintilor-romani\/","title":{"rendered":"P. S. Ioachim B\u0103c\u0103oanul &#8211; Cel mai important imnograf al sfin\u0163ilor rom\u00e2ni"},"content":{"rendered":"<p style=\"text-align: justify;\"><img loading=\"lazy\" decoding=\"async\" class=\"alignleft  wp-image-15900\" title=\"PS Ioachim Bacauanul\" src=\"http:\/\/melidoniumm.files.wordpress.com\/2012\/07\/ips-ioachim-bacauanul.jpg?w=188&amp;h=247\" alt=\"IPS Ioachim Bacauanul\" width=\"188\" height=\"247\" \/>\u201eGIOSANU (ILIE) IOACHIM, episcop vicar, imnograf, liturgist, muzician. N\u0103scut la 29 martie 1954, \u00een localitatea St\u0103ni\u0163a din jude\u0163ul Neam\u0163, fiind al treilea din cei opt copii ai cre\u015ftinilor ortodoc\u015fi Neculai \u015fi Anica. A urmat \u015fcoala general\u0103 \u00een satul natal, \u00eentre anii 1961-1969, iar din anul 1970-1971 a intrat ca frate la M\u0103n\u0103stirea Sih\u0103stria din jude\u0163ul Neam\u0163. \u00centre anii 1970-1975 a urmat cursurile Seminarului Teologic de la M\u0103n\u0103stirea Neam\u0163, unde, printre altele, a \u00eenv\u0103\u0163at muzic\u0103 psaltic\u0103 \u015fi liniar\u0103 cu Preotul Constantin S\u00e2rbu (\u2020 1998), care dup\u0103 1977 a fost chemat ca vicar administrativ al Mitropoliei Moldovei la Ia\u015fi. \u00centre anii 1975- 1976 a efectuat stagiul militar la Pleni\u0163a, \u00een Oltenia, fiind coleg cu Macedon Petrescu, azi Prof. Univ. Dr. Teodosie Petrescu, Arhiepiscop al Tomisului, cu sediul la Tomis, Constan\u0163a, \u015fi cu Costic\u0103 Cr\u0103ciun, azi Prof. Univ. Dr. Casian Cr\u0103ciun, Arhiepiscop al Dun\u0103rii de Jos, cu sediul la Gala\u0163i. \u00centre anii 1976-1980 a frecventat cursurile Institutului Teologic Universitar din Bucure\u015fti, unde, pe l\u00e2ng\u0103 multe alte materii teologice, a studiat Muzica bisericeasc\u0103 \u015fi coral\u0103 cu Diac. conf. dr. Nicu Moldoveanu. \u00cen anul 1980 a fost tuns \u00een monahism, la M\u0103n\u0103stirea Bistri\u0163a moldovean\u0103, unde stare\u0163 era arhimandritul Ciprian Zaharia \u015fi \u00een acela\u015fi an a fost hirotonit ierodiacon, iar \u00een 1985 a fost transferat de c\u0103tre Mitropolitul de atunci al Moldovei, Teoctist Ar\u0103pa\u015fu, la Centrul mitropolitan din Ia\u015fi. Aici, pe l\u00e2ng\u0103 slujirea ca arhidiacon la Catedral\u0103, a desf\u0103\u015furat diverse activit\u0103\u0163i administrative, sociale, culturale \u015fi economice. \u00cen anul 1990 a \u00eendeplinit, timp de patru luni, func\u0163ia de secretar al noului mitropolit al Moldovei \u015fi Bucovinei, Dr. Daniel Ciobotea, care la 30 decembrie 1990 1-a hirotonit ieromonah, \u00een cadrul Sfintei Liturghii, s\u0103v\u00e2r\u015fit\u0103 de Mitropolit \u00eenso\u0163it de stare\u0163i \u015fi de arhimandritul Bartolomeu Anania. La 7 ianuarie 1991 a fost trimis, cu o burs\u0103 de studii postuniversitare, \u00een Fran\u0163a, la Institutul Teologic Ortodox Saint Serge din Paris, unde, pe l\u00e2ng\u0103 activitatea de cercetare, a desf\u0103\u015furat \u015fi unele ac\u0163iuni \u00een folosul credincio\u015filor ortodoc\u015fi rom\u00e2ni. La 26 octombrie 1994 \u015fi-a sus\u0163inut, \u00een limba francez\u0103, teza de doctorat intitulat\u0103: \u00cendumnezeirea omului \u00een g\u00e2ndirea p\u0103rintelui Dumitru St\u0103niloae, publicat\u0103 \u00een 2003 la Ed. Trinitas din Ia\u015fi. La 15 mai 1998 a fost hirotesit arhimandrit, \u00een cadrul Sfintei Liturghii, s\u0103v\u00e2r\u015fit\u0103 la M\u0103n\u0103stirea Bucium de c\u0103tre Mitropolitul Daniel, \u015fi \u00een acela\u015fi an a fost ales arhiereu-vicar la Episcopia Romanului, fiind ipopsifiat \u015fi hirotonit la 1 mai 2000. \u00cen anul 2009 a fost numit episcop-vicar al aceleia\u015fi episcopii, ridicat\u0103 \u2013 titulatura nou\u0103, de Arhiepiscopie a Romanului \u015fi Bac\u0103ului. \u00cen afar\u0103 de teza de doctorat, Preasfin\u0163ia sa a alc\u0103tuit: Slujba Sf\u00e2ntului Mucenic Emilian de la Durostorum, la Ed. Filocalia Roman, 2007. Erudit liturgist \u015fi protopsalt al Catedralei mitropolitane din Ia\u015fi, a devenit cel mai important imnograf al sfin\u0163ilor rom\u00e2n \u2013 \u00een contextul canoniz\u0103rilor acestora, consemnate dup\u0103 1989. A adaptat textul Sfintei Liturghii a Sf\u00e2ntului Ioan Gur\u0103 de Aur \u00een limba francez\u0103, pe melodiile tradi\u0163ionale ale muzicii bizantine rom\u00e2ne\u015fti. Este membru comisii sinodale speciale: Comisia pentru canonizarea Sfin\u0163ilor rom\u00e2ni; Comisia pentru muzic\u0103 bisericeasc\u0103; Comisia didactic\u0103, liturgic\u0103 \u015fi teologic\u0103.<\/p>\n<p style=\"text-align: justify;\"><strong>Cel mai important imnograf al sfin\u0163ilor rom\u00e2ni<\/strong>, \u00een contextul canoniz\u0103rilor consemnate dup\u0103 anul 1989 este\u00a0 <strong>P.S. IOACHIM B\u0102C\u0102UANUL<\/strong>,\u00a0 Episcop vicar al Arhiepiscopiei Romanului \u015fi Bac\u0103ului.<\/p>\n<p style=\"text-align: justify;\"><strong>Lucr\u0103ri:<\/strong> A alc\u0103tuit textele slujbe multor sfin\u0163i rom\u00e2ni: Sf. Cuv. Antipa de la Calapode\u015fti; Sf. Bretanion, episcopul Tomisului, Sf. Irinarh de la Horai\u0163a; Sf. Pahomie de la Gledin; Sf. Iosif M\u0103rturisitorul; Sf. Cuv. Vasile de la Poiana M\u0103rului; Sf. Ier. Grigorie Dasc\u0103lul, Mitropolitul \u0162\u0103rii Rom\u00e2ne\u015fti; Sf. Mucenic Emilian din Durostorum; Sf. Ioanichie cel Nou de la Muscel; Sf. Cuv. Iosif de la V\u0103ratec; Sf. Ier. Varlaam, Mitropolitul Moldovei; Sf. Ier. Ioan de la R\u00e2\u015fca \u015fi Secu; Sf. Cuv. Dionisie Exiguul; Sf. Cuv. Onufrie de la Vorona; Sf. Ier. \u015fi Mucenic Teodosie de la Brazi, Mitropolitul Moldovei; Sf. Voievod Neagoe Basarab; Sf. Ierarh Ghelasie de la R\u00e2me\u0163; Sf. Mucenici Ioan din Gale\u015f \u015fi Moise M\u0103cinic; Sf. Ier. Iachint, Mitropolitul Rom\u00e2ne\u015fti; Sf. Cuv. Gheorghe de la Cernica, precum \u015fi Acatistul Sf. Nifon, Patriarhul Constantinopolului \u015fi Troparul Sf. Mucenic Hermes.<br \/>\n\u00cen calitate de membru al Comisiei sinodale pentru canonizarea Sfin\u0163ilor rom\u00e2ni, a revizuit slujbele existente ale sfin\u0163ilor rom\u00e2ni canoniza\u0163i anterior: Sf. Leonte de la R\u0103d\u0103u\u0163i; Cuv. Daniil Sihastru; Ioan cel Nou de la Neam\u0163; Teodora de la Sihla; Sf. Voievod \u015etefan cel Mare \u015fi Sf\u00e2nt; Sf. Epictet \u015fi Astion.<br \/>\nCa membru al Sf\u00e2ntului Sinod, face parte \u015fi din subcomisia de Muzic\u0103 bisericeasc\u0103 \u015fi coordoneaz\u0103, \u00eempreun\u0103 cu IPS dr. Casian Cr\u0103ciun \u015fi cu IPS dr. Teodosie Petrescu, elaborarea marelui Dic\u0163ionar de muzic\u0103 bisericeasc\u0103 rom\u00e2neasc\u0103.<br \/>\nBibliografie: Candela Moldovei, 4-6\/2000, pp.8-9; Cronica Romanului, 3\/2000 \u015fi 5\/2000, pp.2-3. [A.I., N.M.]\u201d<\/p>\n<p style=\"text-align: justify;\">Text din DIC\u0162IONAR DE MUZIC\u0102 BISERICEASC\u0102 ROM\u00c2NEASC\u0102, Editura Basilica, Bucure\u015fti 2013, pg. 303-305.<\/p>\n<p style=\"text-align: justify;\">\n<p style=\"text-align: justify;\"><a href=\"http:\/\/melidoniumm.wordpress.com\/\">Revista Melidonium<\/a><\/p>\n","protected":false},"excerpt":{"rendered":"<p>\u201eGIOSANU (ILIE) IOACHIM, episcop vicar, imnograf, liturgist, muzician. N\u0103scut la 29 martie 1954, \u00een localitatea St\u0103ni\u0163a din jude\u0163ul Neam\u0163, fiind [&#038;hellip<\/p>\n","protected":false},"author":1,"featured_media":0,"comment_status":"closed","ping_status":"closed","sticky":false,"template":"","format":"standard","meta":{"footnotes":""},"categories":[3],"tags":[],"class_list":["post-16186","post","type-post","status-publish","format-standard","hentry","category-articole"],"_links":{"self":[{"href":"https:\/\/www.marianagurza.ro\/blog\/wp-json\/wp\/v2\/posts\/16186","targetHints":{"allow":["GET"]}}],"collection":[{"href":"https:\/\/www.marianagurza.ro\/blog\/wp-json\/wp\/v2\/posts"}],"about":[{"href":"https:\/\/www.marianagurza.ro\/blog\/wp-json\/wp\/v2\/types\/post"}],"author":[{"embeddable":true,"href":"https:\/\/www.marianagurza.ro\/blog\/wp-json\/wp\/v2\/users\/1"}],"replies":[{"embeddable":true,"href":"https:\/\/www.marianagurza.ro\/blog\/wp-json\/wp\/v2\/comments?post=16186"}],"version-history":[{"count":3,"href":"https:\/\/www.marianagurza.ro\/blog\/wp-json\/wp\/v2\/posts\/16186\/revisions"}],"predecessor-version":[{"id":16188,"href":"https:\/\/www.marianagurza.ro\/blog\/wp-json\/wp\/v2\/posts\/16186\/revisions\/16188"}],"wp:attachment":[{"href":"https:\/\/www.marianagurza.ro\/blog\/wp-json\/wp\/v2\/media?parent=16186"}],"wp:term":[{"taxonomy":"category","embeddable":true,"href":"https:\/\/www.marianagurza.ro\/blog\/wp-json\/wp\/v2\/categories?post=16186"},{"taxonomy":"post_tag","embeddable":true,"href":"https:\/\/www.marianagurza.ro\/blog\/wp-json\/wp\/v2\/tags?post=16186"}],"curies":[{"name":"wp","href":"https:\/\/api.w.org\/{rel}","templated":true}]}}