{"id":16195,"date":"2013-11-10T23:18:15","date_gmt":"2013-11-10T23:18:15","guid":{"rendered":"http:\/\/www.marianagurza.ro\/blog\/?p=16195"},"modified":"2013-11-11T11:46:09","modified_gmt":"2013-11-11T11:46:09","slug":"revista-melidonium-la-aniversare","status":"publish","type":"post","link":"https:\/\/www.marianagurza.ro\/blog\/2013\/11\/10\/revista-melidonium-la-aniversare\/","title":{"rendered":"Revista &#8220;Melidonium&#8221; la aniversare"},"content":{"rendered":"<p style=\"text-align: center;\"><a href=\"http:\/\/www.marianagurza.ro\/blog\/wp-content\/uploads\/2013\/11\/stefan-luchian-crizanteme-galbene.jpg\"><img loading=\"lazy\" decoding=\"async\" class=\"size-medium wp-image-16196\" title=\"stefan-luchian-crizanteme-galbene\" src=\"http:\/\/www.marianagurza.ro\/blog\/wp-content\/uploads\/2013\/11\/stefan-luchian-crizanteme-galbene-300x238.jpg\" alt=\"\" width=\"300\" height=\"238\" srcset=\"https:\/\/www.marianagurza.ro\/blog\/wp-content\/uploads\/2013\/11\/stefan-luchian-crizanteme-galbene-300x238.jpg 300w, https:\/\/www.marianagurza.ro\/blog\/wp-content\/uploads\/2013\/11\/stefan-luchian-crizanteme-galbene.jpg 600w\" sizes=\"auto, (max-width: 300px) 100vw, 300px\" \/><\/a><\/p>\n<p style=\"text-align: justify;\">Revista de cultur\u0103, art\u0103, tradi\u021bii, credin\u021b\u0103, istorie, educa\u021bie <strong>Melidonium<\/strong> on line, a ap\u0103rut sub egida Societ\u0103\u021bii Culturale George Radu Melidon din Roman.<\/p>\n<p style=\"text-align: justify;\">Iat\u0103 c\u0103 am ajuns la s\u0103rb\u0103torirea a doi ani de la apari\u021bia on line a Revistei &#8220;<strong>Melidonium<\/strong>&#8220;, ,,<em>un copil de suflet<\/em>\u201d pentru fondatorii ei, psiholog Emilia \u0162u\u0163uianu Dospinescu \u015fi Dorin Dospinescu.<\/p>\n<p style=\"text-align: justify;\">La vremea potrivita, am scris despre revista ce apare periodic \u015fi \u00eemi men\u021bin afirma\u021bia: ,,<strong>Revista Melidonium, consfin\u021be\u0219te valoarea<\/strong>.\u201d<\/p>\n<p style=\"text-align: justify;\">\u00cen condi\u021biile actuale, c\u00e2nd pe umerii editorilor, problemele financiare nu mai contenesc, \u015fi marginalizarea de c\u0103tre autorit\u0103\u0163i este evident\u0103, internetul ofer\u0103 posibilitatea libert\u0103\u0163ii cuv\u00e2ntului, fiind o abunden\u0163\u0103 de reviste \u015fi ziare (multe dintre ele neavenite). Altfel stau lucrurile la <strong>Revista Melidonium <\/strong>din Roman.<\/p>\n<p style=\"text-align: justify;\">Poeta, scriitoarea, editoarea Emilia \u021au\u021buianu Dospinescu, o truditoare a cuv\u00e2ntului, a reu\u0219it s\u0103 aduc\u0103 revista <strong>Melidonium<\/strong> printre cele mai prestigioase reviste de cultur\u0103 din \u0163ar\u0103 \u015fi str\u0103in\u0103tate. Impactul pozitiv, elitist-cultural este vizibil, prin num\u0103rul de cititori \u00een cre\u0219tere, prin colaborarea cu nume sonore din \u0163ar\u0103 \u015fi str\u0103in\u0103tate, apropiat\u0103 fiind de\u00a0 alte publica\u021bii on line.<\/p>\n<p style=\"text-align: justify;\">Acum, la doi ani de la apari\u021bie, revista roma\u0219can\u0103, nu este doar una din cele mai bune reviste ale Moldovei ci \u015fi o revist\u0103 captivant\u0103 pentru scriitorii din toate zonele \u0163\u0103rii.<br \/>\nRevista &#8220;<strong>Melidonium<\/strong>&#8221; are linia sa deja personalizat\u0103, mereu prezent\u0103 cu activit\u0103\u0163i culturale la zi, prioritare fiind evenimentele din Roman, plaiurile mirifice moldave: s\u0103rb\u0103tori cre\u015ftin-ortodoxe, manifest\u0103ri cultural-artistice, promotori culturali, \u015fi nu numai&#8230;<\/p>\n<p style=\"text-align: justify;\">Personalit\u0103\u0163i de marc\u0103, precum P.S. Ioachim B\u0103c\u0103uanul, Adrian Alui Gheorghe, Mariana Cristescu, Sorin Ullea, Tudor Ghideanu, Gh.A.M. Ciobanu, Veronica Balaj, Maria Rugin\u0103,\u00a0Cecilia B\u0103nic\u0103 Pal, \u0219i alte nume de referin\u021b\u0103,\u00a0 onoreaz\u0103 paginile revistei.<\/p>\n<p style=\"text-align: justify;\">Emilia \u021au\u021buianu, mereu \u00een dialog cu scriitori din Italia, Germania, Australia, Canada, SUA, Noua Zeelanda, certific\u0103 prin nume cu\u00a0 rezonan\u021b\u0103 ca: Vavila Popovici, Octavian Curpa\u015f, Adrian Erbiceanu, Iulia Barcaroiu \u015fi mul\u021bi al\u021bii.<br \/>\nCalitatea articolelor publicate, profesionalismul autorilor de poezie, critica literar\u0103, eseuri, proz\u0103, articole \u00eendr\u0103zne\u0163e, \u00eennobileaz\u0103 paginile revistei.<\/p>\n<p style=\"text-align: justify;\"><strong>Revista Melidonium<\/strong> este o revist\u0103 pentru semeni \u015fi Neamul Rom\u00e2nesc, izvor\u00e2t\u0103 din iubire \u015fi d\u0103ruire cre\u0219tin\u0103.<br \/>\nAcest motto vizibil este elocvent:<br \/>\n<em>,,S\u0103 avem grij\u0103, \u00eentre noi oamenii, s\u0103 ne iubim\u201d.<\/em><br \/>\n<em> ,,S\u0103 ne iubim unul pe altul, pentru c\u0103 dragostea este de la Dumnezeu \u015fi oricine iube\u015fte este n\u0103scut din Dumnezeu \u015fi cunoa\u015fte pe Dumnezeu. Cel ce nu iube\u015fte n-a cunoscut pe Dumnezeu, pentru c\u0103 Dumnezeu este iubire<\/em> (1 Ioan 4, 7-8).<\/p>\n<p style=\"text-align: justify;\">Efortul Emiliei \u021au\u021buianu Dospinescu este ziditor pentru zilele ce le tr\u0103im, pentru vremurile care vor veni. De remarcat este perseveren\u0163a \u00een <em>fapta bun\u0103<\/em>, prin truda necondi\u021bionat\u0103, dintr-un prea-plin sufletesc d\u0103ruit cu generozitate.<\/p>\n<p style=\"text-align: justify;\">,,<em>Sf\u00e2ntul Ioan Gura de Aur spune c\u0103 \u00een trei feluri se propov\u0103duie\u0219te Evanghelia lui Hristos: cu cuv\u00e2ntul, cu scrisul \u015fi cu tr\u0103irea, adic\u0103 cu exemplul personal. Aceasta este cea mai \u00eenalt\u0103 cale de propov\u0103duire. Toat\u0103 fapta bun\u0103 trebuie s-o conduc\u0103 dreapta credin\u0163\u0103 \u00een Iisus Hristos \u015fi dreapta socoteal\u0103 sau cump\u0103na dreapt\u0103<\/em>.\u201d (P\u0103rintele Cleopa)<\/p>\n<p style=\"text-align: justify;\"><strong>Revista Melidonium<\/strong> se constituie ca o veritabil\u0103 revist\u0103 a rom\u00e2nismului.<\/p>\n<p style=\"text-align: justify;\"><strong>Felicit\u0103ri Emilia \u021au\u021buianu Dospinescu!<\/strong><\/p>\n<p style=\"text-align: justify;\"><strong>La mul\u021bi \u015fi buni ani pe ,,ogorul literaturii rom\u00e2ne\u201d revistei Melidonium.<\/strong><\/p>\n<p style=\"text-align: center;\">Mariana Gurza, Timi\u0219oara<\/p>\n<p style=\"text-align: center;\">11 noiembrie 2013<\/p>\n","protected":false},"excerpt":{"rendered":"<p>Revista de cultur\u0103, art\u0103, tradi\u021bii, credin\u021b\u0103, istorie, educa\u021bie Melidonium on line, a ap\u0103rut sub egida Societ\u0103\u021bii Culturale George Radu Melidon [&#038;hellip<\/p>\n","protected":false},"author":1,"featured_media":0,"comment_status":"closed","ping_status":"closed","sticky":false,"template":"","format":"standard","meta":{"footnotes":""},"categories":[3],"tags":[],"class_list":["post-16195","post","type-post","status-publish","format-standard","hentry","category-articole"],"_links":{"self":[{"href":"https:\/\/www.marianagurza.ro\/blog\/wp-json\/wp\/v2\/posts\/16195","targetHints":{"allow":["GET"]}}],"collection":[{"href":"https:\/\/www.marianagurza.ro\/blog\/wp-json\/wp\/v2\/posts"}],"about":[{"href":"https:\/\/www.marianagurza.ro\/blog\/wp-json\/wp\/v2\/types\/post"}],"author":[{"embeddable":true,"href":"https:\/\/www.marianagurza.ro\/blog\/wp-json\/wp\/v2\/users\/1"}],"replies":[{"embeddable":true,"href":"https:\/\/www.marianagurza.ro\/blog\/wp-json\/wp\/v2\/comments?post=16195"}],"version-history":[{"count":5,"href":"https:\/\/www.marianagurza.ro\/blog\/wp-json\/wp\/v2\/posts\/16195\/revisions"}],"predecessor-version":[{"id":16198,"href":"https:\/\/www.marianagurza.ro\/blog\/wp-json\/wp\/v2\/posts\/16195\/revisions\/16198"}],"wp:attachment":[{"href":"https:\/\/www.marianagurza.ro\/blog\/wp-json\/wp\/v2\/media?parent=16195"}],"wp:term":[{"taxonomy":"category","embeddable":true,"href":"https:\/\/www.marianagurza.ro\/blog\/wp-json\/wp\/v2\/categories?post=16195"},{"taxonomy":"post_tag","embeddable":true,"href":"https:\/\/www.marianagurza.ro\/blog\/wp-json\/wp\/v2\/tags?post=16195"}],"curies":[{"name":"wp","href":"https:\/\/api.w.org\/{rel}","templated":true}]}}