{"id":16232,"date":"2013-11-13T09:54:39","date_gmt":"2013-11-13T09:54:39","guid":{"rendered":"http:\/\/www.marianagurza.ro\/blog\/?p=16232"},"modified":"2013-11-13T09:54:39","modified_gmt":"2013-11-13T09:54:39","slug":"pentru-tine-fiul-meu","status":"publish","type":"post","link":"https:\/\/www.marianagurza.ro\/blog\/2013\/11\/13\/pentru-tine-fiul-meu\/","title":{"rendered":"Pentru tine, fiul meu&#8230;"},"content":{"rendered":"<p style=\"text-align: center;\"><a href=\"http:\/\/www.marianagurza.ro\/blog\/wp-content\/uploads\/2013\/11\/mariana-gurza-si-fiul-sau-vlad-gurza.jpg\"><img loading=\"lazy\" decoding=\"async\" class=\"size-medium wp-image-16233\" title=\"OLYMPUS DIGITAL CAMERA\" src=\"http:\/\/www.marianagurza.ro\/blog\/wp-content\/uploads\/2013\/11\/mariana-gurza-si-fiul-sau-vlad-gurza-300x225.jpg\" alt=\"\" width=\"300\" height=\"225\" srcset=\"https:\/\/www.marianagurza.ro\/blog\/wp-content\/uploads\/2013\/11\/mariana-gurza-si-fiul-sau-vlad-gurza-300x225.jpg 300w, https:\/\/www.marianagurza.ro\/blog\/wp-content\/uploads\/2013\/11\/mariana-gurza-si-fiul-sau-vlad-gurza-1024x768.jpg 1024w, https:\/\/www.marianagurza.ro\/blog\/wp-content\/uploads\/2013\/11\/mariana-gurza-si-fiul-sau-vlad-gurza.jpg 2048w\" sizes=\"auto, (max-width: 300px) 100vw, 300px\" \/><\/a><\/p>\n<p style=\"text-align: center;\">\n<p style=\"text-align: left;\" align=\"center\"><strong>\u00a0\u00a0\u00a0\u00a0\u00a0\u00a0\u00a0\u00a0\u00a0\u00a0\u00a0\u00a0\u00a0\u00a0\u00a0\u00a0\u00a0\u00a0\u00a0\u00a0\u00a0\u00a0\u00a0\u00a0\u00a0 I AM AFRAID FOR YOU, SON<\/strong><\/p>\n<p><em>\u00a0\u00a0\u00a0\u00a0\u00a0\u00a0\u00a0\u00a0\u00a0\u00a0\u00a0\u00a0\u00a0\u00a0\u00a0\u00a0\u00a0\u00a0\u00a0\u00a0\u00a0\u00a0\u00a0\u00a0\u00a0\u00a0\u00a0\u00a0\u00a0\u00a0\u00a0\u00a0\u00a0\u00a0\u00a0\u00a0\u00a0\u00a0\u00a0\u00a0\u00a0\u00a0\u00a0\u00a0\u00a0\u00a0\u00a0\u00a0\u00a0\u00a0\u00a0\u00a0\u00a0\u00a0\u00a0\u00a0\u00a0\u00a0\u00a0\u00a0\u00a0\u00a0\u00a0\u00a0\u00a0\u00a0\u00a0\u00a0\u00a0\u00a0\u00a0\u00a0\u00a0 (To my son Vlad-Gabriel)<\/em><\/p>\n<p align=\"center\"><strong><br \/>\n<\/strong><\/p>\n<p>Before being you,<\/p>\n<p>son,<\/p>\n<p>it was me,<\/p>\n<p>it was the luminous<\/p>\n<p>longing singing words,<\/p>\n<p>luminously singing in my soul.<\/p>\n<p>And you came,<\/p>\n<p>like a gallop of green green&#8230;<\/p>\n<p>Therefore, this spring,<\/p>\n<p>pin it, my dear, to the lapel<\/p>\n<p>and show it to the tomorrow,<\/p>\n<p>when those<\/p>\n<p>with traveled horses<\/p>\n<p>will come to the halt<\/p>\n<p>of men.<\/p>\n<p><strong>\u00a0<\/strong><\/p>\n<p style=\"text-align: left;\" align=\"center\"><strong>M\u0102 TEM PENTRU TINE, FIULE<\/strong><\/p>\n<p align=\"center\"><strong>\u00a0<\/strong><\/p>\n<p style=\"text-align: left;\" align=\"center\"><em>\u00a0\u00a0\u00a0\u00a0\u00a0\u00a0\u00a0\u00a0\u00a0\u00a0\u00a0\u00a0\u00a0\u00a0\u00a0\u00a0\u00a0\u00a0\u00a0\u00a0\u00a0\u00a0\u00a0\u00a0\u00a0\u00a0\u00a0\u00a0\u00a0 (Fiului meu Vlad- Gabriel)<\/em><\/p>\n<p style=\"text-align: left;\" align=\"center\">\n<p>\u00cenainte de a fi tu,<\/p>\n<p>fiule,<\/p>\n<p>am fost eu,<\/p>\n<p>a fost dorul,<\/p>\n<p>luminos c\u00e2nt\u00e2nd \u00een cuvinte,<\/p>\n<p>luminos c\u00e2nt\u00e2nd \u00een sufletul meu.<\/p>\n<p>\u015ei ai venit,<\/p>\n<p>ca un galop de verde crud\u2026<\/p>\n<p>De aceea, prim\u0103vara asta,<\/p>\n<p>prinde-o, dragul meu, la rever<\/p>\n<p>\u015fi arat-o zilei de m\u00e2ine,<\/p>\n<p>c\u00e2nd b\u0103rba\u0163ii,<\/p>\n<p>cu caii lor umbla\u0163i,<\/p>\n<p>vor veni la popasul<\/p>\n<p>b\u0103rba\u0163ilor.<\/p>\n<p>&nbsp;<\/p>\n<p style=\"text-align: left;\" align=\"center\"><strong>\u00a0\u00a0\u00a0\u00a0\u00a0\u00a0\u00a0\u00a0\u00a0\u00a0\u00a0\u00a0\u00a0\u00a0\u00a0\u00a0\u00a0\u00a0\u00a0\u00a0\u00a0\u00a0\u00a0 HUMILITY<\/strong><\/p>\n<p>\u00a0\u00a0\u00a0\u00a0\u00a0\u00a0\u00a0\u00a0\u00a0\u00a0\u00a0 \u00a0\u00a0\u00a0\u00a0\u00a0\u00a0\u00a0\u00a0\u00a0\u00a0\u00a0\u00a0\u00a0\u00a0\u00a0\u00a0\u00a0\u00a0\u00a0\u00a0\u00a0\u00a0\u00a0\u00a0\u00a0\u00a0\u00a0\u00a0\u00a0\u00a0\u00a0\u00a0 <em>(To my son Vlad-Gabriel)<\/em><\/p>\n<p><strong><em>\u00a0<\/em><\/strong><\/p>\n<p>I&#8217;m like a cloudy leaf<\/p>\n<p>Fallen to your feet, Jesus.<\/p>\n<p>Only prayers still give me power<\/p>\n<p>After so much struggle and sorrow.<\/p>\n<p>My beloved child is tried again now<\/p>\n<p>And I can not stop the start;<\/p>\n<p>I made a twin angel out of my tears<\/p>\n<p>To stay with him as stroking.<\/p>\n<p>I do not know if saints heard my prayers,<\/p>\n<p>But I know that beyond the clouds<\/p>\n<p>the saint and gentle sight<\/p>\n<p>Watches and is among us.<\/p>\n<p><strong>\u00a0<\/strong><\/p>\n<p style=\"text-align: left;\" align=\"center\"><strong>\u00a0\u00a0\u00a0\u00a0\u00a0\u00a0\u00a0\u00a0\u00a0\u00a0\u00a0\u00a0\u00a0\u00a0\u00a0\u00a0\u00a0\u00a0\u00a0\u00a0\u00a0\u00a0\u00a0 SMERENIE<\/strong><\/p>\n<p><em><strong>\u00a0\u00a0\u00a0\u00a0\u00a0\u00a0\u00a0\u00a0\u00a0\u00a0\u00a0\u00a0\u00a0\u00a0\u00a0\u00a0\u00a0\u00a0\u00a0\u00a0\u00a0\u00a0\u00a0\u00a0\u00a0\u00a0\u00a0\u00a0\u00a0\u00a0\u00a0\u00a0\u00a0\u00a0\u00a0\u00a0\u00a0\u00a0\u00a0\u00a0\u00a0\u00a0\u00a0\u00a0\u00a0\u00a0\u00a0\u00a0 \u00a0 <\/strong>(Fiului meu Vlad-Gabriel)<\/em><\/p>\n<p><strong>\u00a0<\/strong><\/p>\n<p>Sunt ca o frunz\u0103 \u00eennourat\u0103<\/p>\n<p>C\u0103zut\u0103 la picioarele tale Iisuse,<\/p>\n<p>Doar rug\u0103ciuniile \u00eemi dau putere<\/p>\n<p>Dup\u0103 at\u00e2ta zbucium \u015fi durere.<\/p>\n<p>Mi-e drag copilul meu, azi iar\u0103\u015fi \u00eencercat<\/p>\n<p>\u015ei nu-mi pot st\u0103vili pornirea;<\/p>\n<p>Din lacrimi un \u00eenger am \u00eengem\u0103nat<\/p>\n<p>S\u0103-i fie lui al\u0103turi m\u00e2ng\u00e2iere.<\/p>\n<p>Nu \u015ftiu dac\u0103 sfin\u0163ii mi-au auzit ruga,<\/p>\n<p>Dar \u015ftiu c\u0103 dincolo de nouri<\/p>\n<p>Privirea sf\u00e2nt\u0103 \u015fi blajin\u0103<\/p>\n<p>Vegheaz\u0103 \u015fi este printre noi.<\/p>\n<p>&nbsp;<\/p>\n<p>LA MUL\u021aI ANI !<\/p>\n<p>13 noiembrie 2013<\/p>\n<p>Mariana Gurza<\/p>\n","protected":false},"excerpt":{"rendered":"<p>\u00a0\u00a0\u00a0\u00a0\u00a0\u00a0\u00a0\u00a0\u00a0\u00a0\u00a0\u00a0\u00a0\u00a0\u00a0\u00a0\u00a0\u00a0\u00a0\u00a0\u00a0\u00a0\u00a0\u00a0\u00a0 I AM AFRAID FOR YOU, SON \u00a0\u00a0\u00a0\u00a0\u00a0\u00a0\u00a0\u00a0\u00a0\u00a0\u00a0\u00a0\u00a0\u00a0\u00a0\u00a0\u00a0\u00a0\u00a0\u00a0\u00a0\u00a0\u00a0\u00a0\u00a0\u00a0\u00a0\u00a0\u00a0\u00a0\u00a0\u00a0\u00a0\u00a0\u00a0\u00a0\u00a0\u00a0\u00a0\u00a0\u00a0\u00a0\u00a0\u00a0\u00a0\u00a0\u00a0\u00a0\u00a0\u00a0\u00a0\u00a0\u00a0\u00a0\u00a0\u00a0\u00a0\u00a0\u00a0\u00a0\u00a0\u00a0\u00a0\u00a0\u00a0\u00a0\u00a0\u00a0\u00a0\u00a0\u00a0\u00a0\u00a0 (To my son Vlad-Gabriel) Before being you, son, it was me, it [&#038;hellip<\/p>\n","protected":false},"author":1,"featured_media":0,"comment_status":"closed","ping_status":"closed","sticky":false,"template":"","format":"standard","meta":{"footnotes":""},"categories":[3],"tags":[],"class_list":["post-16232","post","type-post","status-publish","format-standard","hentry","category-articole"],"_links":{"self":[{"href":"https:\/\/www.marianagurza.ro\/blog\/wp-json\/wp\/v2\/posts\/16232","targetHints":{"allow":["GET"]}}],"collection":[{"href":"https:\/\/www.marianagurza.ro\/blog\/wp-json\/wp\/v2\/posts"}],"about":[{"href":"https:\/\/www.marianagurza.ro\/blog\/wp-json\/wp\/v2\/types\/post"}],"author":[{"embeddable":true,"href":"https:\/\/www.marianagurza.ro\/blog\/wp-json\/wp\/v2\/users\/1"}],"replies":[{"embeddable":true,"href":"https:\/\/www.marianagurza.ro\/blog\/wp-json\/wp\/v2\/comments?post=16232"}],"version-history":[{"count":2,"href":"https:\/\/www.marianagurza.ro\/blog\/wp-json\/wp\/v2\/posts\/16232\/revisions"}],"predecessor-version":[{"id":16235,"href":"https:\/\/www.marianagurza.ro\/blog\/wp-json\/wp\/v2\/posts\/16232\/revisions\/16235"}],"wp:attachment":[{"href":"https:\/\/www.marianagurza.ro\/blog\/wp-json\/wp\/v2\/media?parent=16232"}],"wp:term":[{"taxonomy":"category","embeddable":true,"href":"https:\/\/www.marianagurza.ro\/blog\/wp-json\/wp\/v2\/categories?post=16232"},{"taxonomy":"post_tag","embeddable":true,"href":"https:\/\/www.marianagurza.ro\/blog\/wp-json\/wp\/v2\/tags?post=16232"}],"curies":[{"name":"wp","href":"https:\/\/api.w.org\/{rel}","templated":true}]}}