{"id":16308,"date":"2013-11-16T11:05:35","date_gmt":"2013-11-16T11:05:35","guid":{"rendered":"http:\/\/www.marianagurza.ro\/blog\/?p=16308"},"modified":"2013-11-16T11:05:35","modified_gmt":"2013-11-16T11:05:35","slug":"sandu-catinean-un-tulnic-plange-n-apuseni%e2%80%a6","status":"publish","type":"post","link":"https:\/\/www.marianagurza.ro\/blog\/2013\/11\/16\/sandu-catinean-un-tulnic-plange-n-apuseni%e2%80%a6\/","title":{"rendered":"Sandu C\u0103tinean: Un tulnic pl\u00e2nge-n Apuseni\u2026"},"content":{"rendered":"<p style=\"text-align: center;\"><a href=\"http:\/\/www.marianagurza.ro\/blog\/wp-content\/uploads\/2013\/11\/sandu-catinean.jpg\"><img loading=\"lazy\" decoding=\"async\" class=\"size-full wp-image-16309\" title=\"sandu catinean\" src=\"http:\/\/www.marianagurza.ro\/blog\/wp-content\/uploads\/2013\/11\/sandu-catinean.jpg\" alt=\"\" width=\"147\" height=\"147\" \/><\/a><\/p>\n<p style=\"text-align: left;\">\n<p><strong>\u00a0\u00a0\u00a0\u00a0\u00a0\u00a0\u00a0\u00a0\u00a0\u00a0\u00a0\u00a0\u00a0 Un tulnic pl\u00e2nge-n Apuseni\u2026<\/strong><\/p>\n<p><strong><br \/>\n<\/strong><br \/>\nUn tulnic pl\u00e2nge-n Apuseni<br \/>\nVestind sf\u00e2r\u015fitul unei ere<br \/>\nTradi\u0163ii vechi se n\u0103ruiesc<br \/>\nIar lumea sf\u00e2nt\u0103-n h\u0103uri piere&#8230;<\/p>\n<p>Se scurge mugetul pe pietre<br \/>\nMai grav, mai trist \u015fi mai \u00eencet<br \/>\n\u015ei nu-s pe mun\u0163i mai sfinte note<br \/>\nDec\u00e2t al tulnicului bocet&#8230;<\/p>\n<p>Un mo\u0163 se-nchin\u0103 \u00eencruntat<br \/>\nC\u00e2nd sunetul \u00eei sparge pieptul<br \/>\nPe cetini reci \u00eengenunchiat<br \/>\nSt\u0103 mo\u015f Arsenie, \u00een\u0163eleptul&#8230;<\/p>\n<p>\u00cen straie vechi \u00eenve\u015fm\u00e2ntat<br \/>\nMai poart\u0103-n suflet r\u00e2nduial\u0103<br \/>\nP\u0103truns de-al tulnicului pl\u00e2ns<br \/>\nTopit de dor&#8230; \u015fi de-ndoial\u0103&#8230;<\/p>\n<p>Se stinge-al tulnicului c\u00e2nt<br \/>\n\u015ei-n brazi se las\u0103 \u00eenserarea<br \/>\nPrin Apuseni se scurg ca-n vis<br \/>\nDureri trecute&#8230;\u015fi uitarea&#8230;<\/p>\n<p>Sandu C\u0103tinean din Bon\u0163ida<\/p>\n","protected":false},"excerpt":{"rendered":"<p>\u00a0\u00a0\u00a0\u00a0\u00a0\u00a0\u00a0\u00a0\u00a0\u00a0\u00a0\u00a0\u00a0 Un tulnic pl\u00e2nge-n Apuseni\u2026 Un tulnic pl\u00e2nge-n Apuseni Vestind sf\u00e2r\u015fitul unei ere Tradi\u0163ii vechi se n\u0103ruiesc Iar lumea sf\u00e2nt\u0103-n [&#038;hellip<\/p>\n","protected":false},"author":1,"featured_media":0,"comment_status":"closed","ping_status":"closed","sticky":false,"template":"","format":"standard","meta":{"footnotes":""},"categories":[3],"tags":[],"class_list":["post-16308","post","type-post","status-publish","format-standard","hentry","category-articole"],"_links":{"self":[{"href":"https:\/\/www.marianagurza.ro\/blog\/wp-json\/wp\/v2\/posts\/16308","targetHints":{"allow":["GET"]}}],"collection":[{"href":"https:\/\/www.marianagurza.ro\/blog\/wp-json\/wp\/v2\/posts"}],"about":[{"href":"https:\/\/www.marianagurza.ro\/blog\/wp-json\/wp\/v2\/types\/post"}],"author":[{"embeddable":true,"href":"https:\/\/www.marianagurza.ro\/blog\/wp-json\/wp\/v2\/users\/1"}],"replies":[{"embeddable":true,"href":"https:\/\/www.marianagurza.ro\/blog\/wp-json\/wp\/v2\/comments?post=16308"}],"version-history":[{"count":2,"href":"https:\/\/www.marianagurza.ro\/blog\/wp-json\/wp\/v2\/posts\/16308\/revisions"}],"predecessor-version":[{"id":16311,"href":"https:\/\/www.marianagurza.ro\/blog\/wp-json\/wp\/v2\/posts\/16308\/revisions\/16311"}],"wp:attachment":[{"href":"https:\/\/www.marianagurza.ro\/blog\/wp-json\/wp\/v2\/media?parent=16308"}],"wp:term":[{"taxonomy":"category","embeddable":true,"href":"https:\/\/www.marianagurza.ro\/blog\/wp-json\/wp\/v2\/categories?post=16308"},{"taxonomy":"post_tag","embeddable":true,"href":"https:\/\/www.marianagurza.ro\/blog\/wp-json\/wp\/v2\/tags?post=16308"}],"curies":[{"name":"wp","href":"https:\/\/api.w.org\/{rel}","templated":true}]}}