{"id":16362,"date":"2013-11-18T13:53:41","date_gmt":"2013-11-18T13:53:41","guid":{"rendered":"http:\/\/www.marianagurza.ro\/blog\/?p=16362"},"modified":"2013-11-18T13:54:11","modified_gmt":"2013-11-18T13:54:11","slug":"sandu-catinean-cu-ce-ne-am-fericit-c-am-progresat","status":"publish","type":"post","link":"https:\/\/www.marianagurza.ro\/blog\/2013\/11\/18\/sandu-catinean-cu-ce-ne-am-fericit-c-am-progresat\/","title":{"rendered":"Sandu C\u0103tinean: Cu ce ne-am fericit c-am progresat ?"},"content":{"rendered":"<p style=\"text-align: center;\"><img loading=\"lazy\" decoding=\"async\" id=\"irc_mi\" src=\"http:\/\/www.marianagurza.ro\/blog\/wp-content\/uploads\/2012\/12\/SANDU.jpg\" alt=\"\" width=\"219\" height=\"164\" \/><\/p>\n<p><strong>\u00a0\u00a0\u00a0\u00a0\u00a0\u00a0\u00a0\u00a0\u00a0\u00a0\u00a0\u00a0\u00a0\u00a0\u00a0\u00a0\u00a0\u00a0\u00a0\u00a0 Cu ce ne-am fericit c-am progresat ?<\/strong><br \/>\n( rom\u00e2nilor, la timpuri noi\u2026)<\/p>\n<p>&nbsp;<\/p>\n<p>&nbsp;<\/p>\n<p>Cu ce ne-am fericit c-am progresat<br \/>\nAcum, c\u00e2nd fapte rele nu-s discrete,<br \/>\nNebunii nu mai sunt acuma de legat<br \/>\nIar t\u00e2rfelor le spunem marjorete ?\u2026<\/p>\n<p>S\u0103 judece, pu\u0163ini mai \u00eendr\u0103znesc<br \/>\n\u015ei s\u0103 g\u00e2ndim e-o pierdere de vreme,<br \/>\nLa lucruri vechi cuvinte-am inventat<br \/>\n\u015ei-a ne opune la ho\u0163ii ne-e lene\u2026<\/p>\n<p>C\u00e2nd lucrurile au un singur nume<br \/>\nAcum ne-ntrecem to\u0163i a le schimba,<br \/>\nLa tic\u0103lo\u015fi le spunem c\u0103-s de\u015ftep\u0163i<br \/>\n\u015ei tot ce-i just vroim a preschimba ;<\/p>\n<p>Cei buni \u015fi drep\u0163i se-ascund \u00eenfrico\u015fa\u0163i<br \/>\nV\u0103z\u00e2nd cum doar b\u0103netul e puterea,<br \/>\n\u015ei fiecare t\u00e2mp din flori de mucava<br \/>\nAcum \u00een fruntea \u0163\u0103rii-\u015fi d\u0103 p\u0103rerea\u2026<\/p>\n<p>Cu ce ne-am fericit c-am progresat<br \/>\n\u015ei-au str\u00e2ns averi nemernici \u015fi lichele,<br \/>\nIar cei ce \u00een credin\u0163\u0103-au judecat<br \/>\nAu parte doar de r\u0103u \u015fi de belele ?<\/p>\n<p>C\u00e2nd tic\u0103lo\u015fii ne conduc destine<br \/>\nNoi ne-nchin\u0103m la lux neru\u015finat,<br \/>\nUit\u00e2nd de tot ce ne-au l\u0103sat str\u0103bunii<br \/>\n\u015ei doar ce-i din Apus-am adoptat\u2026<\/p>\n<p>Acum privim \u00een jurul nost cu team\u0103<br \/>\nCum \u0163ara-i p\u00e2rjolit\u0103 de mizerii<br \/>\n\u015ei nu mai \u015ftim m\u0103car ce vom m\u00e2nca<br \/>\n\u00cen \u0163ara ce-a hr\u0103nit c\u00e2ndva imperii\u2026<\/p>\n<p>Am \u00eenghi\u0163it tot ce ne-au dat streinii<br \/>\n\u015ei-n teorii de\u015farte ne-am pierdut,<br \/>\nC\u0103ci cei ce trebuiau s\u0103 ne conduc\u0103<br \/>\nPentru averi, ca vite ne-au v\u00e2ndut\u2026<\/p>\n<p>\u015ei-acum ? \u2026privi\u0163i cum arde \u0163ara<br \/>\nCopii fl\u0103m\u00e2nzi \u015fi genii ce cer\u015fesc<br \/>\nA\u0163i vrut averi ?..acum ave\u0163i de toate<br \/>\n\u015ei chiar streini\u2026ce tare v\u0103 iubesc\u2026<\/p>\n<p>Sandu C\u0103tinean din Bon\u0163ida<\/p>\n<p>&nbsp;<\/p>\n","protected":false},"excerpt":{"rendered":"<p>\u00a0\u00a0\u00a0\u00a0\u00a0\u00a0\u00a0\u00a0\u00a0\u00a0\u00a0\u00a0\u00a0\u00a0\u00a0\u00a0\u00a0\u00a0\u00a0\u00a0 Cu ce ne-am fericit c-am progresat ? ( rom\u00e2nilor, la timpuri noi\u2026) &nbsp; &nbsp; Cu ce ne-am fericit c-am [&#038;hellip<\/p>\n","protected":false},"author":1,"featured_media":0,"comment_status":"closed","ping_status":"closed","sticky":false,"template":"","format":"standard","meta":{"footnotes":""},"categories":[3],"tags":[],"class_list":["post-16362","post","type-post","status-publish","format-standard","hentry","category-articole"],"_links":{"self":[{"href":"https:\/\/www.marianagurza.ro\/blog\/wp-json\/wp\/v2\/posts\/16362","targetHints":{"allow":["GET"]}}],"collection":[{"href":"https:\/\/www.marianagurza.ro\/blog\/wp-json\/wp\/v2\/posts"}],"about":[{"href":"https:\/\/www.marianagurza.ro\/blog\/wp-json\/wp\/v2\/types\/post"}],"author":[{"embeddable":true,"href":"https:\/\/www.marianagurza.ro\/blog\/wp-json\/wp\/v2\/users\/1"}],"replies":[{"embeddable":true,"href":"https:\/\/www.marianagurza.ro\/blog\/wp-json\/wp\/v2\/comments?post=16362"}],"version-history":[{"count":3,"href":"https:\/\/www.marianagurza.ro\/blog\/wp-json\/wp\/v2\/posts\/16362\/revisions"}],"predecessor-version":[{"id":16365,"href":"https:\/\/www.marianagurza.ro\/blog\/wp-json\/wp\/v2\/posts\/16362\/revisions\/16365"}],"wp:attachment":[{"href":"https:\/\/www.marianagurza.ro\/blog\/wp-json\/wp\/v2\/media?parent=16362"}],"wp:term":[{"taxonomy":"category","embeddable":true,"href":"https:\/\/www.marianagurza.ro\/blog\/wp-json\/wp\/v2\/categories?post=16362"},{"taxonomy":"post_tag","embeddable":true,"href":"https:\/\/www.marianagurza.ro\/blog\/wp-json\/wp\/v2\/tags?post=16362"}],"curies":[{"name":"wp","href":"https:\/\/api.w.org\/{rel}","templated":true}]}}