{"id":16366,"date":"2013-11-18T14:07:50","date_gmt":"2013-11-18T14:07:50","guid":{"rendered":"http:\/\/www.marianagurza.ro\/blog\/?p=16366"},"modified":"2013-11-18T14:11:44","modified_gmt":"2013-11-18T14:11:44","slug":"teroarea-cirpacilor-nepotismul-parlamentar-si-germania-la-control-editorial-stuttgart-maria-diana-popescu","status":"publish","type":"post","link":"https:\/\/www.marianagurza.ro\/blog\/2013\/11\/18\/teroarea-cirpacilor-nepotismul-parlamentar-si-germania-la-control-editorial-stuttgart-maria-diana-popescu\/","title":{"rendered":"&#8220;Teroarea C\u00eerpacilor, nepotismul parlamentar \u015fi Germania la control, Editorial, Stuttgart, Maria Diana Popescu&#8221;"},"content":{"rendered":"<p style=\"text-align: justify;\"><a href=\"http:\/\/www.marianagurza.ro\/blog\/wp-content\/uploads\/2013\/11\/MDP-Editorial-poza-noua3.jpg\"><img loading=\"lazy\" decoding=\"async\" class=\"size-medium wp-image-16367 alignleft\" title=\"MDP - Editorial poza noua\" src=\"http:\/\/www.marianagurza.ro\/blog\/wp-content\/uploads\/2013\/11\/MDP-Editorial-poza-noua3-174x300.jpg\" alt=\"\" width=\"174\" height=\"300\" srcset=\"https:\/\/www.marianagurza.ro\/blog\/wp-content\/uploads\/2013\/11\/MDP-Editorial-poza-noua3-174x300.jpg 174w, https:\/\/www.marianagurza.ro\/blog\/wp-content\/uploads\/2013\/11\/MDP-Editorial-poza-noua3.jpg 385w\" sizes=\"auto, (max-width: 174px) 100vw, 174px\" \/><\/a>&#8220;O parte din frumosul ora\u015f Timi\u015foara se afl\u0103 \u00een m\u00e2inile mafiei imobiliare, iar institu\u0163iile statului paseaz\u0103 responsabilitatea de la una la alta, de\u015fi o serie de politicieni, notari, judec\u0103tori, instan\u0163e, func\u0163ionari din prim\u0103rii, finan\u0163e, de la cadastru \u015fi arhivele statului, au f\u0103cut jocul retroced\u0103rilor cot la cot cu mafio\u0163ii, to\u0163i cu bine(ne)cuvenitul ciolan, ced\u00e2nd drepturile devenite litigioase samsarilor, clanurilor \u0163ig\u0103ne\u015fti. Corup\u0163ia generalizat\u0103 a dat na\u015ftere unei altfel de puteri mafiote, mult mai periculoas\u0103 \u015fi mai greu de st\u00e2rpit. Dup\u0103 lovitura de stat de la 1989, majoritatea cl\u0103dirilor istorice din Timi\u015foara au ajuns \u00een proprietatea diverselor clanuri \u0163ig\u0103ne\u015fti. O anchet\u0103 realizat\u0103 de Mediafax arat\u0103 c\u0103, dintre cele 938 de cl\u0103diri cu statut de monument istoric, c\u00e2teva sute au intrat deja \u00een posesia samsarilor imobiliari. Un caz recent, strig\u0103tor la cer, este Spitalul de Copii, evacuat sub teroare de clanul C\u00eerpaci. Un document al Direc\u0163iei Jude\u0163ene de Finan\u0163e Timi\u015f men\u0163ioneaz\u0103 c\u0103 acest clan a luat \u00een posesie 144 de cl\u0103diri, majoritatea \u00een centrul Timi\u015foarei.<\/p>\n<p style=\"text-align: justify;\"><strong>Nepotismul, lege \u00een Parlament<\/strong><\/p>\n<p style=\"text-align: justify;\">De parc\u0103 nu ar fi de ajuns, iat\u0103 c\u0103 \u015fi germanii cump\u0103r\u0103 la foc automat terenuri arabile \u00een Rom\u00eenia! Ce huzur pe noi!\u00a0 Economia rom\u00e2neasc\u0103 a crescut peste a\u015ftept\u0103ri, declar\u0103 speciali\u015ftii \u00een raport\u0103ri fictive (care economie, nu \u015ftiu). Care cre\u015fteri, c\u0103 rom\u00e2nii s\u00e2nt tot mai s\u0103raci, iar nepotismul a devenit lege nescris\u0103 \u00een Palatul Parlamentului. Mai mul\u0163i deputa\u0163i \u015fi-au angajat rudele la cabinet, acestea ob\u0163in\u00e2nd venituri necuvenite. Parlamentarii rom\u00e2ni g\u0103si\u0163i incompatibili sau \u00een stare de conflict de interese \u00ee\u015fi iau singuri ap\u0103rarea, sus\u0163in\u00e2nd c\u0103 legea se refer\u0103 doar la func\u0163ionarii publici, nu la ale\u015fii neamului \u015fi c\u0103 \u00een urm\u0103 cu c\u00e2\u0163iva ani c\u00e2nd \u015fi-au promovat rudele nu exista A.N.I, iar legile nu se aplic\u0103 retroactiv. M\u0103i s\u0103 fie! Legea conflictului de interese a fost aprobat\u0103 de Guvernul lui N\u0103stase, \u00een 2003, ca \u015fi condi\u0163ie a viitoarei ader\u0103ri la U.E. Articolul 70 din Legea nr. 161\/2003 stipuleaz\u0103 negru pe alb: &#8220;Prin conflict de interese se \u00een\u0163elege situa\u0163ia \u00een care persoana ce exercit\u0103 o demnitate public\u0103 sau o func\u0163ie public\u0103 are un interes personal de natur\u0103 patrimonial\u0103, care ar putea influen\u0163a \u00eendeplinirea cu obiectivitate a atribu\u0163iilor care \u00eei revin potrivit Constitu\u0163iei \u015fi altor acte normative&#8221;. Cu toat\u0103 legea la vedere, avem peste 6.000 de cazuri de incompatibilit\u0103\u0163i \u015fi conflicte de interese \u015fi 50 de cazuri de ale\u015fi cu averi nejustificate. \u00eencep\u00e2nd cu 2008 \u015fi p\u00e2n\u0103 \u00een prezent, ANI a finalizat 6.014 cauze de incompatibilit\u0103\u0163i, conflicte de interese sau a descoperit averi nejustificate. Dintre acestea, 50 de cazuri sunt cu averi nejustificate. \u00cen foarte pu\u0163ine cazuri exist\u0103 hot\u0103r\u00e2ri definitive \u015fi irevocabile ale instan\u0163elor de judecat\u0103. Restul, pe furi\u015f, popamin, gropamin \u015fi amin, amin! \u00centre cei cu probleme \u00een a-\u015fi justifica averea se afl\u0103 fostul ministru Dan Ioan Popescu (aproape 1 milion de euro &#8211; procesul a fost reluat) \u015fi Vanghelie, \u015feful Sectorului 5 al Capitalei, care nu poate justifica, sus\u0163ine A.N.I., 180.000 de euro.<\/p>\n<table id=\"table1\" width=\"4\" cellspacing=\"0\" cellpadding=\"0\" align=\"center\">\n<tbody>\n<tr>\n<td style=\"text-align: left;\"><\/td>\n<\/tr>\n<\/tbody>\n<\/table>\n<p style=\"text-align: justify;\"><strong>Legea &#8220;Destr\u0103m\u0103rii Rom\u00e2niei&#8221;<\/strong><\/p>\n<p style=\"text-align: justify;\">Asta nu-i nimic pe l\u00e2ng\u0103 ceea ce prognozeaz\u0103 Legea descentraliz\u0103rii! Mai bine spus Legea &#8220;Destr\u0103m\u0103rii mascate a Rom\u00e2niei&#8221; care, \u00eenc\u0103lc\u00e2nd art. 1 din Constitu\u0163ie, pune \u00een pericol statul de drept, &#8220;statul na\u0163ional, independent, unitar \u015fi indivizibil&#8221;, pentru c\u0103 suveranitatea a fost cedat\u0103 deja. Prin aceast\u0103 lege se \u00eencearc\u0103 destabilizarea unit\u0103\u0163ii statului \u015fi dezintegrarea Rom\u00e2niei. Puterea decizional\u0103 care, \u00een mod constitu\u0163ional ar trebui s\u0103 r\u0103m\u00e2n\u0103 statului \u015fi guvernului, transform\u0103 consiliile jude\u0163ene (deocamdat\u0103, apoi regionale), \u00een guverne locale. Adic\u0103 dore\u015fti s\u0103 realizezi ceva un proiect acolo, mititel, nu mai po\u0163i dec\u00e2t cu aprobarea mafiei. Cui folose\u015fte regionalizarea \u00een aceast\u0103 situa\u0163ie de criz\u0103? Cu siguran\u0163\u0103 baronilor locali, &#8220;C\u00eerpacilor&#8221; \u015fi protipendadei politice, nu cet\u0103\u0163enilor rom\u00e2ni! \u015ei mai cu seam\u0103 celor doi aspiran\u0163i la zidurile Cotroceniului, parteneri care la anul au nevoie ca de oxigen de sus\u0163inerea baronilor locali. F\u0103r\u0103 ei, \u015fansa victoriei devine o fantom\u0103. Iar fantoma care nu doarme, z\u00e2mbe\u015fte de sub be-ne-re-le deja preg\u0103tite cu \u015ftampila Bilderberg. \u00a0La momentul potrivit \u00ee\u015fi va da masca jos \u015fi va alunga marionetele uzate spre alte cote\u0163e.<\/p>\n<p style=\"text-align: justify;\">La control cu Germania!<\/p>\n<p style=\"text-align: justify;\">\u00centorc\u00e2ndu-m\u0103 la Germania, cum s\u0103 nu fie prezen\u0163i investitorii lor \u00een agricultura noastr\u0103, dac\u0103 iau aproape pe degeaba terenurile rom\u00e2ne\u015fti, pre\u0163ul fiind subevaluat \u00een compara\u0163ie cu cel din Vest. Oare \u00eent\u00e2mpl\u0103tor? Nicidecum. Un hectar arabil poate fi achizi\u0163ionat \u00een Rom\u00e2nia cu un pre\u0163 \u00eentre 2.000 \u015fi 5.000 de euro, iar \u00een Germania pre\u0163urile sunt cuprinse \u00eentre 16.000 \u015fi 25.000 de euro pentru aceea\u015fi suprafa\u0163\u0103. \u015ei ce terenuri arabile avem noi! Pentru c\u0103 tot ce se vinde \u00een Europa provine din Germania, asta \u00eensemn\u00e2nd c\u0103 Germania tr\u0103ie\u015fte numai din exporturi, \u015ftabii Uniunii i-au solicitat buzunarele la control. Aproape 70% din exporturile Germaniei au ca destina\u0163ie \u0163\u0103ri europene. \u00cen urma criticilor numeroase referitoare la excedentul de cont curent (la nivelul de 7% din P.I.B. este al doilea ca m\u0103rime din zona euro \u015fi limiteaz\u0103 exporturile altor \u0163\u0103ri din regiune), cea mai mare putere a Uniunii este investigat\u0103 de Comisia European\u0103 din cauza excedentului comercial. Anul\u00a0 trecut a \u00eenregistrat un excedent de 188 de miliarde de euro. Trezoreria S.U.A \u015fi F.M.I. au criticat dur excedentul comercial german, care, spun ei, \u00a0fr\u00e2neaz\u0103 cre\u015fterea economiei europene \u015fi mondiale. A\u015fa se \u00eent\u00e2mpl\u0103 c\u00e2nd devii haps\u00e2n! La fel vor p\u0103\u0163i \u015fi S.U.A. \u015fi F.M.I, mae\u015ftri \u00een modul de acaparare a resurselor financiare \u015fi a bog\u0103\u0163iile statelor prinse \u00een capcan\u0103. &#8220;<\/p>\n<p style=\"text-align: justify;\">Maria Diana Popescu, Agero<\/p>\n<p style=\"text-align: justify;\"><a href=\"http:\/\/www.agero-stuttgart.de\/\"> www.agero-stuttgart.de<\/a><\/p>\n","protected":false},"excerpt":{"rendered":"<p>&#8220;O parte din frumosul ora\u015f Timi\u015foara se afl\u0103 \u00een m\u00e2inile mafiei imobiliare, iar institu\u0163iile statului paseaz\u0103 responsabilitatea de la una [&#038;hellip<\/p>\n","protected":false},"author":1,"featured_media":0,"comment_status":"closed","ping_status":"closed","sticky":false,"template":"","format":"standard","meta":{"footnotes":""},"categories":[3,6],"tags":[],"class_list":["post-16366","post","type-post","status-publish","format-standard","hentry","category-articole","category-linkuri-externe"],"_links":{"self":[{"href":"https:\/\/www.marianagurza.ro\/blog\/wp-json\/wp\/v2\/posts\/16366","targetHints":{"allow":["GET"]}}],"collection":[{"href":"https:\/\/www.marianagurza.ro\/blog\/wp-json\/wp\/v2\/posts"}],"about":[{"href":"https:\/\/www.marianagurza.ro\/blog\/wp-json\/wp\/v2\/types\/post"}],"author":[{"embeddable":true,"href":"https:\/\/www.marianagurza.ro\/blog\/wp-json\/wp\/v2\/users\/1"}],"replies":[{"embeddable":true,"href":"https:\/\/www.marianagurza.ro\/blog\/wp-json\/wp\/v2\/comments?post=16366"}],"version-history":[{"count":4,"href":"https:\/\/www.marianagurza.ro\/blog\/wp-json\/wp\/v2\/posts\/16366\/revisions"}],"predecessor-version":[{"id":16369,"href":"https:\/\/www.marianagurza.ro\/blog\/wp-json\/wp\/v2\/posts\/16366\/revisions\/16369"}],"wp:attachment":[{"href":"https:\/\/www.marianagurza.ro\/blog\/wp-json\/wp\/v2\/media?parent=16366"}],"wp:term":[{"taxonomy":"category","embeddable":true,"href":"https:\/\/www.marianagurza.ro\/blog\/wp-json\/wp\/v2\/categories?post=16366"},{"taxonomy":"post_tag","embeddable":true,"href":"https:\/\/www.marianagurza.ro\/blog\/wp-json\/wp\/v2\/tags?post=16366"}],"curies":[{"name":"wp","href":"https:\/\/api.w.org\/{rel}","templated":true}]}}