{"id":16451,"date":"2013-11-23T10:33:11","date_gmt":"2013-11-23T10:33:11","guid":{"rendered":"http:\/\/www.marianagurza.ro\/blog\/?p=16451"},"modified":"2013-11-23T10:34:10","modified_gmt":"2013-11-23T10:34:10","slug":"la-multi-ani-ben-todica-2","status":"publish","type":"post","link":"https:\/\/www.marianagurza.ro\/blog\/2013\/11\/23\/la-multi-ani-ben-todica-2\/","title":{"rendered":"La mul\u021bi ani, Ben Todic\u0103!"},"content":{"rendered":"<p style=\"text-align: center;\"><img decoding=\"async\" src=\"http:\/\/www.ziaruldegarda.ro\/wp-content\/uploads\/2012\/11\/BenTodica3.jpg\" alt=\"http:\/\/www.ziaruldegarda.ro\/wp-content\/uploads\/2012\/11\/BenTodica3.jpg\" \/><\/p>\n<p style=\"text-align: center;\"><strong>Ben Todic\u0103<\/strong><\/p>\n<p>&nbsp;<\/p>\n<p style=\"text-align: justify;\">\u00a0<strong>N\u0103scut la 23 noiembrie 1952, \u00een satul Ezer, comuna Puie\u015fti, jude\u0163ul Vaslui, Rom\u00e2nia, fiul lui Aurica \u015fi Gheorghe Todic\u0103.<\/strong><strong> <\/strong><\/p>\n<p style=\"text-align: justify;\"><strong>Dup\u0103 anii 1950 p\u0103rin\u0163ii pleac\u0103 din Puie\u015ftii Vasluiului \u015fi se stabilesc \u00een Banat, unde tat\u0103l a \u00eenceput s\u0103 lucreze la minele de c\u0103rbune de la Ocna de Fier, apoi la\u00a0 minele de uraniu din Ciudanovi\u0163a (Banat).\u00a0\u00a0 Singura distrac\u0163ie era vizionarea unui film pe s\u0103pt\u0103m\u00e2n\u0103. De\u015fi copil, reu\u015fe\u015fte, cu un diaproiector, s\u0103 proiecteze diferite filme \u015fi s\u0103 deseneze fotograme. La 12 ani a cump\u0103rat un aparat de proiec\u0163ie, apoi un aparat de filmat cehoslovac Meopta \u015fi dou\u0103 filme. Cu acest aparat a reu\u015fit s\u0103 realizeze primul film, care prezenta o scurt\u0103 poveste cu cowboy \u015fi indieni \u015fi a fost intitulat Copil\u0103rie (dura trei minute). A urmat cursurile\u00a0 primare la \u015ecoala General\u0103 de 8 ani Ciudanovi\u0163a, apoi \u015ecoala Profesional\u0103 UCMMA din Boc\u015fa unde, la propunerea lui s-a \u00eenfiin\u0163at un fel de cineclub \u015fi a realizat un filmule\u0163, de trei minut.<\/strong><strong> <\/strong><\/p>\n<p style=\"text-align: justify;\"><strong>Pentru ca\u0163iva ani, adolescent fiind, a lucrat ca dj la un club de noapte.\u00a0La 18 ani se angajeaz\u0103 ca sudor, apoi instalator de conducte de linii electrice \u015fi de ap\u0103. Paralel cu munca \u015fi-a continuat studiile liceale, la seral, la Oravi\u0163a. In acest timp a f\u0103cut filme de instructaj \u015fi protec\u0163ia muncii \u015fi a participat la un concurs al cinea\u015ftilor amatori, organizat de IATC \u015fi Uniunea Sindicatelor din Rom\u00e2nia, \u00een urma c\u0103ruia, timp de \u015fase luni a \u00eenv\u0103\u0163at abecedarul pentru producerea unui film: regie, sunet, efecte vizuale, imagine, developare, montaj. <\/strong><strong><\/strong><\/p>\n<p style=\"text-align: justify;\"><strong> <\/strong><strong>A continuat s\u0103 realizeze filme, lu\u00e2nd premii jude\u0163ene \u015fi na\u0163ionale \u015fi se angajeaz\u0103 la Casa Pionerului din Oravi\u0163a. A realizat filmele: Perseveren\u0163a (1978) care a c\u00e2\u015ftigat marele premiu la Festivalul Na\u0163ional de Produc\u0103tori de Filme \u00een 1979,\u00a0 Cheile din Nera(1976), Meditare (1976);\u00a0 Visul (1975), a fost nominalizat la al treilea premiu la Festivalul de stat al produc\u0103torilor de film, Primii pa\u015fi (1979), Oxigen (1976) Lan\u0163ul (1976).<\/strong><strong><\/strong><\/p>\n<p style=\"text-align: justify;\"><strong>A poposit pe p\u0103m\u00e2nt australian (Melbourne) \u00een 1979, de\u015fi \u00ee\u015fi dorea s\u0103 ajung\u0103 \u00een Suedia.\u00a0 Ajuns \u00een Australia, via\u0163a lui Ben Todic\u0103, s-a desf\u0103\u015furat, f\u0103r\u0103 \u00eencetare pe dou\u0103 planuri paralele. Ani buni a lucrat la Philips ca sudor, meserie \u00eenv\u0103\u0163at\u0103 din \u0163ar\u0103, apoi ca subcontractor, pe cont propriu, cinci ani de zile pentru Telecom \u015fi operator-programator la marea companie NATRA care execut\u0103 radioatoare pentru ma\u015fini.<\/strong><strong><\/strong><\/p>\n<p style=\"text-align: justify;\"><strong>B\u0103t\u0103lia pentru existen\u0163\u0103 nu i-a omor\u00e2t dragostea de-o via\u0163\u0103 pentru film \u015fi pentru tot ce \u0163ine, \u00een general, de mass-media. Pentru \u00eemplinirea acestui vis a studiat, (trei ani) cursurile pentru scritor \u015fi editor profesionist,\u00a0 la Monash University. A urmat\u00a0 cursurile \u015fcolii de sunet \u015fi cursuri de canto (cinci ani), timp \u00een care a f\u0103cut parte dintr-un grup vocal\u00a0 (opt femei \u015fi \u015fase b\u0103rba\u0163i)\u00a0 cu care a dat concerte \u00een biserici, spitale, azile de b\u0103tr\u00e2ni, etc. <\/strong><strong><\/strong><\/p>\n<p style=\"text-align: justify;\"><strong>Activitatea la c31TV<\/strong><strong><\/strong><\/p>\n<p style=\"text-align: justify;\"><strong>In 1993 a urmat un curs de instructori (Train the trainer) de realizatori de emisiuni, la sta\u0163ia postului de radio 3zzz din Melbourne organizat de Holmsglen\u00a0 TAFE\u00a0 College. David Melzer (directorul sta\u0163iei) l-a recomandat profesorului Reece Lamshed care preda \u00een cadrul cursului Broadcasting Law \u015fi f\u0103cea parte \u015fi din conducerea organiza\u0163iei \u201cOpen Channel\u201d (un studiou-\u015fcoal\u0103 de film \u015fi televiziune independent unde se putea \u00eenchiria echipament, personal calificat, expertiz\u0103 \u015fi spa\u0163iu celor care doreau s\u0103 produc\u0103 videoprograme sau film). Aici a studiat regia, operatoria \u015fi produc\u0163ia de film. Devine membru la Open Channal \u015fi pentru c\u0103 a terminat cursul de instructori a devenit \u015fi membru al organiza\u0163iei ATOM (Australian Teachers Of Media) unde functioneaz\u0103 \u015fi azi. \u00cen aceast\u0103 perioad\u0103 a fost prezent la mai toate cursurile \u015fi seminariile \u0163inute de profesori \u015fi scenari\u015fti americani cun\u0103scu\u0163i, veni\u0163i s\u0103 predea, \u00een Australia, arta filmului. <\/strong><strong><\/strong><\/p>\n<p style=\"text-align: justify;\"><strong>\u00cen acela\u015fi an guvernul federal a pus la dispozi\u0163ia grupurilor cu profil educa\u0163ional \u015fi neprofitoare un al \u015faselea canal de televiziune c31 pentru a produce programe locale despre via\u0163a comunitar\u0103. \u00cen martie 1993 au \u00eenceput test\u0103rile. Pe ecranele melbourneze au \u00eenceput s\u0103 apar\u0103 r\u00e2nd pe r\u00e2nd programe pilot ale diferitelor grupuri entice printre care se num\u0103rau \u015fi rom\u00e2nii. Rom\u00e2nii ap\u0103reau chiar \u015fi cu cate patru ore de program pe\u00a0 saptaman\u0103.<\/strong><strong><\/strong><\/p>\n<p style=\"text-align: justify;\"><strong>MCTC Inc. (The Melbourne Community Television Consortium Inc.) a fost format \u00een 1991 ca \u015fi corp central pentru a coordona \u015fi u\u015fura transmiterea programelor produse de membrii grupurilor comunitare \u015fi a produc\u0103torilor independen\u0163i. Marea majoritate a programelor sunt realizate \u015fi transmise de c\u0103tre, \u015fi sub supravegherea studen\u0163ilor de la RMIT.<\/strong><strong><\/strong><\/p>\n<p style=\"text-align: justify;\"><strong>Mariana Costea studia regie-film la RMIT \u015fi ca proiect de absolvire a avut<\/strong><strong><\/strong><\/p>\n<p style=\"text-align: justify;\"><strong>realizarea unui serial de televiziune a c\u0103rei tem\u0103 era integrarea femeii emigrant \u00een societatea australian\u0103 (fiecare episod prezenta o nou\u0103 na\u0163ionalitate). Era un proiect de echip\u0103 (20 de persoane). Afl\u00e2nd c\u0103 un rom\u00e2n lucreaz\u0103 la Open Channel l-a contactat pe Ben Todic\u0103 \u015fi l-a rugat s\u0103-o ajute, astfel ajung\u00e2nd, \u00een final, s\u0103 fie \u015fef de echip\u0103: camer\u0103, sunet, lumini \u015fi montaj. \u00cen octombrie 1994 s-a lansat \u00een emisie permanent\u0103, \u00eencep\u00e2ndu-\u015fi transmisia cu serialul \u201cSweet and Sour Freedom\u201d, canalul 31 TV Melbourne. Printre realizatorii principali (care au avut aceasta onoare) se aflau \u015fi doi romani; Mariana Costea si Ben Todica. \u015ei noi prin acest gest al\u0103tur\u00e2ndu-se celor mul\u0163i care contribuise \u00een t\u0103cere la realizarea \u015fi cinstirea comunit\u0103\u0163ii rom\u00e2ne. \u00cen cei 10 ani de existen\u0163\u0103 serialul \u201cSweet and Sour Freedom\u201d a fost reluat de 9 ori la canalul 31.<\/strong><strong><\/strong><\/p>\n<p style=\"text-align: justify;\"><strong>Programul Comunit\u0103\u0163ii Rom\u00e2ne era 90% sprijinit de programele trimise de<\/strong><strong><\/strong><\/p>\n<p style=\"text-align: justify;\"><strong>c\u0103tre Televiziunea Rom\u00e2n\u0103. Pentru\u00a0 un program local era nevoie de echipament, studiouri \u015fi personal calificat. De ziua Rom\u00e2niei a realizat un interviu cu ambasadorul Romaniei la Canberra, Excelenta Sa, Dl. Ioan Gaf Deak. Pentru acest proiect a\u00a0 \u00eenchiriat un studiou \u015fi echipament de la Open Channel.<\/strong><strong><\/strong><\/p>\n<p style=\"text-align: justify;\"><strong>Pe urm\u0103 a realizat genericul emisiunii Mozaic Rom\u00e2nesc \u015fi pe alocuri a pres\u0103rat programele cu realiz\u0103ri locale. Personal a investit peste $20.000.00 \u00een echipament ca s\u0103 pot realiza emisiuni. \u201cEste singurul mod prin care \u00eei pot spune Romaniei Te Iubesc! Da e adev\u0103rat. Sun\u0103 ciudat dar Romania R\u0102M\u00c2NE PARADISUL MEU\u201d.<\/strong><strong><\/strong><\/p>\n<p style=\"text-align: justify;\"><strong>\u00cen anul\u00a0 2004 s-a creat un festival na\u0163ional al posturilor de televiziune comunitare pentru premierea programelor \u015fi a realizatorilor lor. Ceremonia a avut loc la 28 februarie, orele 7PM \u00een teatrul Universit\u0103\u0163ii RMIT, Storey Hall, din Melbourne \u015fi a fost transmis\u0103 de posturile de televiziune \u2013 local \u015fi na\u0163ional. Au fost primite 506 lucr\u0103ri, din care au r\u0103mas \u00een final\u0103 178. Programul Rom\u00e2nesc a fost nominalizat prin dou\u0103 lucr\u0103ri ale lui Ben Todic\u0103: \u201cArtholes in Melbourne\u201d printre primele 5 ca Best Arts Program.<\/strong><strong><\/strong><\/p>\n<p style=\"text-align: justify;\"><strong>Anul trecut a fost nominalizat \u201cAustralian of the Year 2007\u201d (propus ca: Australianul Anului\u00a0 2007) pentru contribu\u0163iile sale deosebite \u00een comunitatea romano\/australian\u0103, printre care men\u0163ion\u0103m: lucreaz\u0103 la postul de radio 3zzz 92.3fm stereo din Melbourne din 1993 ca inginer de sunet \u015fi realizator de emisiuni; este realizator de emisiuni \u00een limba rom\u00e2n\u0103 pentru ch31tv Melbourne \u015fi de trei ani este Director \u00een bordul ch31tv Melb; a fost secretarul unionului AMWU South Dandenong District p\u00e2n\u0103 acum \u00een anul 2006, c\u00e2nd s-a \u00eenchis compania pentru care lucra; a fost observator la referendum \u015fi vicepre\u015fedintele comisiei a doua, la\u00a0 alegeri;\u00a0 are contribu\u0163ii jurnalistice \u015fi eseistice la mai multe reviste din \u0163ar\u0103 \u015fi str\u0103in\u0103tate; a f\u0103cut parte din grupul Mavis Kruger Singers\u00a0 p\u00e2n\u0103 grupul s-a \u00eenchis<\/strong><\/p>\n<p><a href=\"http:\/\/bentodica.wordpress.com\/date-biografice-ben-todica\/\">http:\/\/bentodica.wordpress.com\/date-biografice-ben-todica\/<\/a><\/p>\n<p><strong>VALOAREA<\/strong><\/p>\n<p>&nbsp;<\/p>\n<p style=\"text-align: justify;\"><strong>Valorosul nostru sculptor Constantin Brancusi, ne destainuia unul din invitatii domnului Iosif Sava, inainte de a muri sa dus la ambasada romana din Paris ca sa doneze munca si atelierul sau tarii mama, insa,\u201daceasta\u201d, prin reprezentantii sai l-a refuzat \u201ddiplomatic\u201d. <\/strong><\/p>\n<p style=\"text-align: justify;\"><strong>Astazi atelierul\/muzeu Constantin Brancusi face parte din tezaurul Frantei. <\/strong><\/p>\n<p style=\"text-align: justify;\"><strong>Valoarea este o tema foarte serioasa, este tocmai vaccinul de care are nevoie atitudinea de azi \u2013 pentru a fi schimbata: REDEFINIREA VALORII!! Aceasta redefinire poate declansa o revolutie. <\/strong><\/p>\n<p style=\"text-align: justify;\"><strong>Noua democratie ne dicteaza un fel iar adevaratul roman simte un altul. Ce nu intelege Europa este faptul ca daca natiunile dispar va dispare si ea si aceasta directie pune sub semnul intrebarii genuitatea promotorilor. <\/strong><\/p>\n<p style=\"text-align: justify;\"><strong>Librariile lumii, au fost arse cu flacari sau cu indiferenta populatiei la cultura. Indiferenta pregatita, ca strategie, e o noua forma de cenzura pusa pe cultura si pe autorii unui popor pentru a o inchide. Oare dorim sa ne transformam in viermi de matase? Daca o mama imi vrea binele nu imi dicteaza, ci ma ia sub aripa ei ocrotitoare si ma iubeste pentru ceia ce sunt, si se mandreste cu mine. Romania poate contribui la SUCCESUL EUROPEI RAMANAND ROMANIA. <\/strong><\/p>\n<p style=\"text-align: justify;\"><strong>Tarile se hranesc din seva trecutului lor precum apa raului din izvor. Apa tasneste, boteaza, caleste si astampara setea si apoi coboara din nou in adancuri unde reforjeaza spiritul neamului, intarindul precum sabia, adaugandu-i inca un strat cu fiecare generatie devenind tot mai puternic \u2013 de nestirbit. Acest ciclu creaza natiunea. Noi nu suntem singuri. In spatele fiecare-i urme de tara sunt urmele stramosilor nostri asternuti care pasesc odata cu noi. Daca iei romanul din acest mediu si il duci in pustiu (pentru ca Europa asta este: un alt mediu, un pustiu ca romanism) atunci (pentru ca-i disturbi ciclul natural, ordinea fireasca, DUMNEZEIASCA! a lucrurilor), izvorul va seca \u2013 NEAMUL SE VA STINGE, il vei indeparta de izvor! Il vei scoate din ecoul stramosilor si-l vei transforma in \u201enumar\u201d. <\/strong><\/p>\n<p style=\"text-align: justify;\"><strong>Noi pulsam prin cultura noastra, prin valorile noastre precum luceafarul eminescian.<\/strong><\/p>\n<p style=\"text-align: justify;\"><strong>Romania<\/strong><strong> e o tara mica. Nu se poate opune! Dar se poate conserva asa cum numai ea stie s-o faca de mii de ani \u2013 prin trezire, realizare si promovare. PROMOVAREA VALORILOR EI SACRE! <\/strong><\/p>\n<p style=\"text-align: justify;\"><strong>Si in nici un caz sa lasam: VALORILE!, de a fi vandute la straini pe decoratii!<\/strong><\/p>\n<p style=\"text-align: justify;\"><strong>Ben Todic\u0103<\/strong><\/p>\n<p style=\"text-align: justify;\"><strong>Melbourne, Australia<\/strong><\/p>\n<p><a href=\"http:\/\/bentodica.blogspot.ro\/\">http:\/\/bentodica.blogspot.ro\/<\/a><\/p>\n<p>&nbsp;<\/p>\n","protected":false},"excerpt":{"rendered":"<p>Ben Todic\u0103 &nbsp; \u00a0N\u0103scut la 23 noiembrie 1952, \u00een satul Ezer, comuna Puie\u015fti, jude\u0163ul Vaslui, Rom\u00e2nia, fiul lui Aurica \u015fi [&#038;hellip<\/p>\n","protected":false},"author":1,"featured_media":0,"comment_status":"closed","ping_status":"closed","sticky":false,"template":"","format":"standard","meta":{"footnotes":""},"categories":[3],"tags":[],"class_list":["post-16451","post","type-post","status-publish","format-standard","hentry","category-articole"],"_links":{"self":[{"href":"https:\/\/www.marianagurza.ro\/blog\/wp-json\/wp\/v2\/posts\/16451","targetHints":{"allow":["GET"]}}],"collection":[{"href":"https:\/\/www.marianagurza.ro\/blog\/wp-json\/wp\/v2\/posts"}],"about":[{"href":"https:\/\/www.marianagurza.ro\/blog\/wp-json\/wp\/v2\/types\/post"}],"author":[{"embeddable":true,"href":"https:\/\/www.marianagurza.ro\/blog\/wp-json\/wp\/v2\/users\/1"}],"replies":[{"embeddable":true,"href":"https:\/\/www.marianagurza.ro\/blog\/wp-json\/wp\/v2\/comments?post=16451"}],"version-history":[{"count":4,"href":"https:\/\/www.marianagurza.ro\/blog\/wp-json\/wp\/v2\/posts\/16451\/revisions"}],"predecessor-version":[{"id":16453,"href":"https:\/\/www.marianagurza.ro\/blog\/wp-json\/wp\/v2\/posts\/16451\/revisions\/16453"}],"wp:attachment":[{"href":"https:\/\/www.marianagurza.ro\/blog\/wp-json\/wp\/v2\/media?parent=16451"}],"wp:term":[{"taxonomy":"category","embeddable":true,"href":"https:\/\/www.marianagurza.ro\/blog\/wp-json\/wp\/v2\/categories?post=16451"},{"taxonomy":"post_tag","embeddable":true,"href":"https:\/\/www.marianagurza.ro\/blog\/wp-json\/wp\/v2\/tags?post=16451"}],"curies":[{"name":"wp","href":"https:\/\/api.w.org\/{rel}","templated":true}]}}