{"id":16462,"date":"2013-11-23T18:39:11","date_gmt":"2013-11-23T18:39:11","guid":{"rendered":"http:\/\/www.marianagurza.ro\/blog\/?p=16462"},"modified":"2013-11-23T18:40:17","modified_gmt":"2013-11-23T18:40:17","slug":"george-anca-lisboa-bukres","status":"publish","type":"post","link":"https:\/\/www.marianagurza.ro\/blog\/2013\/11\/23\/george-anca-lisboa-bukres\/","title":{"rendered":"George Anca: Lisboa, Bukres"},"content":{"rendered":"<p style=\"text-align: center;\"><a href=\"http:\/\/www.marianagurza.ro\/blog\/wp-content\/uploads\/2013\/11\/george-anca21.jpg\"><img loading=\"lazy\" decoding=\"async\" class=\"size-medium wp-image-16463\" title=\"george anca2\" src=\"http:\/\/www.marianagurza.ro\/blog\/wp-content\/uploads\/2013\/11\/george-anca21-225x300.jpg\" alt=\"\" width=\"225\" height=\"300\" srcset=\"https:\/\/www.marianagurza.ro\/blog\/wp-content\/uploads\/2013\/11\/george-anca21-225x300.jpg 225w, https:\/\/www.marianagurza.ro\/blog\/wp-content\/uploads\/2013\/11\/george-anca21.jpg 720w\" sizes=\"auto, (max-width: 225px) 100vw, 225px\" \/><\/a><\/p>\n<p style=\"text-align: center;\">George Anca<\/p>\n<p>LISBOA<\/p>\n<p>1990<\/p>\n<p><strong><em>prozodic sinucis<\/em><\/strong><\/p>\n<p>&nbsp;<\/p>\n<p>prozodic sinucis c\u0103derii<\/p>\n<p>de dinainte de r\u0103zboi<\/p>\n<p>\u00een casa na\u0219terii puzderii<\/p>\n<p>fotografia peste noi<\/p>\n<p>v-am spus un vers a\u021bi fi asediu<\/p>\n<p>oceanului sc\u0103ld\u00e2nd delir<\/p>\n<p>deschid\u0103 ochii evul mediu<\/p>\n<p>la zona lunii pe \u0219air<\/p>\n<p>singur\u0103t\u0103\u021bi distante<\/p>\n<p>al densit\u0103\u021bii melos<\/p>\n<p>ruine cu infante<\/p>\n<p>nerelaxate-n Delos<\/p>\n<p>&nbsp;<\/p>\n<p>&nbsp;<\/p>\n<p>&nbsp;<\/p>\n<p><strong><em>pas Jean Duval<\/em><\/strong><\/p>\n<p><strong><em>m\u00e2inile-n aer <\/em><\/strong><\/p>\n<p>&nbsp;<\/p>\n<p>m\u00e2inile-n aer capul pentru automat<\/p>\n<p>il y a un truc se \u0219ade spre Rosio surat<\/p>\n<p>versuri de Sa Carneiro \u00een manuscris Parisul<\/p>\n<p>mai odihneasc\u0103 moartea noi traduc\u00e2ndu-i visul<\/p>\n<p>&nbsp;<\/p>\n<p>dumneata oceanul vinul vaporul submarinul<\/p>\n<p>dup\u0103 nouri santa luce nu biseric\u0103 nu cruce<\/p>\n<p>dac\u0103 ne ritmeaz\u0103 pa\u0219ii poe\u021bii sinuciga\u0219ii<\/p>\n<p>pas Jean Duval<strong> <\/strong>kala nahi fataurada<\/p>\n<p>&nbsp;<\/p>\n<p>n-o mai duce prin iluzia arderii<\/p>\n<p>seara \u00een compania lui Laokoon dans\u00e2nd<\/p>\n<p>la magazinul avemsao ortopedia actual<\/p>\n<p>bun pentru fado \u0219oricelul \u00een voia sor\u021bii<\/p>\n<p>&nbsp;<\/p>\n<p>\u021bi s-a p\u0103rut la\u0219i casa oceanul<\/p>\n<p>\u0219i te g\u00e2nde\u0219ti la m\u00e2na m\u00e2ng\u00e2ieri<\/p>\n<p>\u021bi-e cald\u0103 dreapta \u00eentreb\u00e2nd \u00een<\/p>\n<p>schimb gr\u0103dina deliciilor Bosch<\/p>\n<p>&nbsp;<\/p>\n<p>&nbsp;<\/p>\n<p>BUKRE\u0218<\/p>\n<p>2013<\/p>\n<p>&nbsp;<\/p>\n<p><strong><em>trezirea frigului<\/em><\/strong><\/p>\n<p>&nbsp;<\/p>\n<p>trezirea frigului c\u00e2t experien\u021ba nostalgiei denan\u021be<\/p>\n<p>altor vr\u00e2nduri-r\u00eenduri de nu mai pornisem s-o auzi<\/p>\n<p>suspensia caut acantei bro\u0219a pieptul \u00eennor\u0103rii<\/p>\n<p>&nbsp;<\/p>\n<p>zbate-\u021bi deta\u0219area p\u00e2n\u0103 m-oi \u00eentoarce tot tu o s\u0103 suni<\/p>\n<p>c\u0103 plec la opt nu \u0219apte 6 ne trecuse nord \u0219ez\u00e2nd<\/p>\n<p>nemerg\u00e2nd neabuz\u00e2nd r\u0103ma\u0219ii revendic\u00e2ndu-ne<\/p>\n<p>&nbsp;<\/p>\n<p>c\u00e2rnul \u0219i surdul curen\u021bii basarabului Camus \u0219i Camil<\/p>\n<p>n-a\u0219 mai rima colonele musta\u021ba cobili\u021b\u0103 nepo\u021bilor<\/p>\n<p>tranzit ne\u00eencetinit \u00een amurg ce mi te plimbi \u00een cisme<\/p>\n<p>&nbsp;<\/p>\n<p>&nbsp;<\/p>\n<p><strong><em>\u0219epcii cu urechi<\/em><\/strong><\/p>\n<p>&nbsp;<\/p>\n<p>\u0219epcii cu urechi l\u0103sate \u0219i fularul peste spate<\/p>\n<p>altfel ceaf\u0103 veveri\u021b\u0103 neg\u0103sit\u0103 ci Mari\u021b\u0103<\/p>\n<p>avem poala palcoscenic de pe cioar\u0103 out emic<\/p>\n<p>&nbsp;<\/p>\n<p>trenul renul rena fenic ars a r\u0103s\u0103ri iar ce mic<\/p>\n<p>a t\u0103ia z\u0103rit\u0103 carne prin r\u0103sunete de coarne<\/p>\n<p>ce de copil mai de copil boxul \u0219colii Estoril<\/p>\n<p>&nbsp;<\/p>\n<p>cruz crucit la informa\u021bii de \u021bi s-au vibrat Gala\u021bii<\/p>\n<p>de-ai fi vrut s\u0103 zici geala\u021bii prin Br\u0103ila alarma\u021bi-i<\/p>\n<p>mai o arip\u0103 de pod or ne-a \u00eemb\u0103tr\u00e2nit Teodor<\/p>\n<p>&nbsp;<\/p>\n<p>she may have been right oleac\u0103 ne\u00eensemn pite\u0219ti c\u0103 dac\u0103<\/p>\n<p>soarele pe \u0219apc\u0103 japc\u0103 are de be\u021biv\u0103 moac\u0103<\/p>\n<p>pe regretul de-a ascetul grea\u021ba \u0219i mai pe \u00eencetul<\/p>\n<p>&nbsp;<\/p>\n<p>dedulceasc\u0103 mah\u0103rul tot o sfecl\u0103 zah\u0103rul<\/p>\n<p>cald \u0219i liber nefereastr\u0103 mai mult pierde ce canast\u0103<\/p>\n<p>a\u0219 transcrie de-mi stai cast\u0103 cum rimam molierastr\u0103<\/p>\n<p>&nbsp;<\/p>\n<p>a\u0219 r\u0103m\u00e2ne dou\u0103 ore govorelor oltivore<\/p>\n<p>vorbi\u021bi repede \u0219i rar a t\u0103cere trist habar<\/p>\n<p>linguri mari cu rivanol grab\u0103 f\u0103r\u0103 de potol<\/p>\n<p>&nbsp;<\/p>\n<p>c\u00e2nd oi scoate sari nepoate la o salcie \u00een spate<\/p>\n<p>mai plec\u00e2nd \u00een sus pedala niciodat\u0103 cu locala<\/p>\n<p>s\u0103 tr\u0103im s\u0103 ne-mp\u0103c\u0103m \u0219i de-a dura s\u0103 ne d\u0103m<\/p>\n<p>&nbsp;<\/p>\n<p>&nbsp;<\/p>\n<p><strong><em>crem brem en theos<\/em><\/strong><\/p>\n<p>&nbsp;<\/p>\n<p>crem brem en theos triste\u021be f\u0103r\u0103 licen\u021be<\/p>\n<p>corabia lui Vasa porni pe masa de opera\u021bie<\/p>\n<p>patrist mai trist tai chist conquist monogamule<\/p>\n<p>&nbsp;<\/p>\n<p>\u00ee\u021bi fere\u0219ti kalaharin polului tutunivin pas antil<\/p>\n<p>\u00eemp\u0103ca\u021bi \u00een Calamata s\u0103 tot fie \u00eemp\u0103r\u0103\u021bie<\/p>\n<p>m\u0103runtaiele prisosin\u021bei \u0103l cu dem\u00e2ndarea<\/p>\n<p>&nbsp;<\/p>\n<p>vruse\u0219i s\u0103 m\u0103 fierbi a nu fi capabili de furie<\/p>\n<p>caducitate provincial-diasporean\u0103 pe Bell Lane<\/p>\n<p>fumezi cu nevast\u0103-mea a nu pierde bucuria vie\u021bii<\/p>\n<p>&nbsp;<\/p>\n<p>salva cantabilit\u0103\u021bii autiste mai eram sentiment<\/p>\n<p>informalit\u0103\u021bi din pulber\u0103rie tot amintind via\u021ba<\/p>\n<p>de mul\u021bi demult octav\u0103 de \u00eemb\u0103tat otrav\u0103 a v\u0103<\/p>\n<p>&nbsp;<\/p>\n<p>f\u00e2r\u0219esc f\u00e2r\u0219erot s-o sun pe Aspazia sire nesosire<\/p>\n<p>\u00een cea\u021b\u0103 m\u0103 r\u0103t\u0103cii rorotcol \u0219i pe loc m\u0103 \u00eentorsei<\/p>\n<p>de v\u0103 mutar\u0103\u021bi s\u0103 nu v\u0103 mai \u00eentreb suedezi de zi<\/p>\n<p>&nbsp;<\/p>\n<p>cuvinte pripasului r\u0103sp\u0103r c\u00e2te filtre rena\u0219terii cavern<\/p>\n<p>&nbsp;<\/p>\n<p style=\"text-align: center;\"><strong>George ANCA<\/strong><\/p>\n<p>&nbsp;<\/p>\n","protected":false},"excerpt":{"rendered":"<p>George Anca LISBOA 1990 prozodic sinucis &nbsp; prozodic sinucis c\u0103derii de dinainte de r\u0103zboi \u00een casa na\u0219terii puzderii fotografia peste [&#038;hellip<\/p>\n","protected":false},"author":1,"featured_media":0,"comment_status":"closed","ping_status":"closed","sticky":false,"template":"","format":"standard","meta":{"footnotes":""},"categories":[3],"tags":[],"class_list":["post-16462","post","type-post","status-publish","format-standard","hentry","category-articole"],"_links":{"self":[{"href":"https:\/\/www.marianagurza.ro\/blog\/wp-json\/wp\/v2\/posts\/16462","targetHints":{"allow":["GET"]}}],"collection":[{"href":"https:\/\/www.marianagurza.ro\/blog\/wp-json\/wp\/v2\/posts"}],"about":[{"href":"https:\/\/www.marianagurza.ro\/blog\/wp-json\/wp\/v2\/types\/post"}],"author":[{"embeddable":true,"href":"https:\/\/www.marianagurza.ro\/blog\/wp-json\/wp\/v2\/users\/1"}],"replies":[{"embeddable":true,"href":"https:\/\/www.marianagurza.ro\/blog\/wp-json\/wp\/v2\/comments?post=16462"}],"version-history":[{"count":3,"href":"https:\/\/www.marianagurza.ro\/blog\/wp-json\/wp\/v2\/posts\/16462\/revisions"}],"predecessor-version":[{"id":16465,"href":"https:\/\/www.marianagurza.ro\/blog\/wp-json\/wp\/v2\/posts\/16462\/revisions\/16465"}],"wp:attachment":[{"href":"https:\/\/www.marianagurza.ro\/blog\/wp-json\/wp\/v2\/media?parent=16462"}],"wp:term":[{"taxonomy":"category","embeddable":true,"href":"https:\/\/www.marianagurza.ro\/blog\/wp-json\/wp\/v2\/categories?post=16462"},{"taxonomy":"post_tag","embeddable":true,"href":"https:\/\/www.marianagurza.ro\/blog\/wp-json\/wp\/v2\/tags?post=16462"}],"curies":[{"name":"wp","href":"https:\/\/api.w.org\/{rel}","templated":true}]}}