{"id":16531,"date":"2013-11-30T18:44:52","date_gmt":"2013-11-30T18:44:52","guid":{"rendered":"http:\/\/www.marianagurza.ro\/blog\/?p=16531"},"modified":"2013-11-30T18:45:40","modified_gmt":"2013-11-30T18:45:40","slug":"1-decembrie-ziua-nationala-a-romaniei-la-multi-ani-frati-romani","status":"publish","type":"post","link":"https:\/\/www.marianagurza.ro\/blog\/2013\/11\/30\/1-decembrie-ziua-nationala-a-romaniei-la-multi-ani-frati-romani\/","title":{"rendered":"1 Decembrie, Ziua Na\u021bional\u0103 a Rom\u00e2niei! La mul\u021bi Ani, fra\u021bi rom\u00e2ni!"},"content":{"rendered":"<p style=\"text-align: center;\"><a href=\"http:\/\/www.marianagurza.ro\/blog\/wp-content\/uploads\/2013\/11\/Adunarea-Nationala-de-la-Alba-Iulia.jpg\"><img loading=\"lazy\" decoding=\"async\" class=\"size-medium wp-image-16532\" title=\"Adunarea-Nationala-de-la-Alba-Iulia\" src=\"http:\/\/www.marianagurza.ro\/blog\/wp-content\/uploads\/2013\/11\/Adunarea-Nationala-de-la-Alba-Iulia-300x211.jpg\" alt=\"\" width=\"300\" height=\"211\" srcset=\"https:\/\/www.marianagurza.ro\/blog\/wp-content\/uploads\/2013\/11\/Adunarea-Nationala-de-la-Alba-Iulia-300x211.jpg 300w, https:\/\/www.marianagurza.ro\/blog\/wp-content\/uploads\/2013\/11\/Adunarea-Nationala-de-la-Alba-Iulia.jpg 1000w\" sizes=\"auto, (max-width: 300px) 100vw, 300px\" \/><\/a><\/p>\n<p style=\"text-align: center;\">Adunarea Nationala de la Alba Iulia, 1918<\/p>\n<p style=\"text-align: justify;\">&#8220;Adunarea Nationala a tuturor Romanilor din Transilvania, Banat si Tara Ungureasca, adunati prin reprezentantii lor indreptatiti la Alba-Iulia in ziua de 18 Noiembrie\/1 Decembrie 1918, decreteaza unirea acelor romani si a tuturor teritoriilor locuite de dansii cu Romania. Adunarea Nationala proclama indeosebi dreptul inalienabil al natiunii romane la intreg Banatul cuprins intre raurile Mures, Tisa si Dunare. &#8221; Vasile Goldis<\/p>\n<p style=\"text-align: justify;\" title=\"Transilvania, teritoriu de legenda\">Unirea Transilvaniei\u00a0 cu patria-mama de la <strong>1 Decembrie<\/strong> 1918 reprezinta cel mai important eveniment din istoria Romaniei. Constituie fructificarea dorintelor stravechi ale romanilor ce au locuit intre granitele batranei Dacii.<\/p>\n<p style=\"text-align: center;\" title=\"Transilvania, teritoriu de legenda\"><a href=\"http:\/\/www.marianagurza.ro\/blog\/wp-content\/uploads\/2013\/11\/images....jpg\"><img loading=\"lazy\" decoding=\"async\" class=\"size-full wp-image-16533\" title=\"images...\" src=\"http:\/\/www.marianagurza.ro\/blog\/wp-content\/uploads\/2013\/11\/images....jpg\" alt=\"\" width=\"229\" height=\"140\" \/><\/a><\/p>\n<p style=\"text-align: left;\" title=\"Transilvania, teritoriu de legenda\"><strong>\u00a0Ce-\u0163i doresc eu \u0163ie, dulce Rom\u00e2nie<\/strong><\/p>\n<p style=\"text-align: left;\" title=\"Transilvania, teritoriu de legenda\"><strong>\u00a0\u00a0\u00a0\u00a0\u00a0\u00a0\u00a0\u00a0\u00a0\u00a0\u00a0\u00a0\u00a0\u00a0\u00a0\u00a0\u00a0\u00a0\u00a0\u00a0\u00a0\u00a0\u00a0\u00a0\u00a0\u00a0\u00a0\u00a0\u00a0\u00a0\u00a0\u00a0\u00a0 Mihai Eminescu<\/strong><\/p>\n<p style=\"text-align: left;\" title=\"Transilvania, teritoriu de legenda\">Ce-\u0163i doresc eu \u0163ie, dulce Rom\u00e2nie,<br \/>\n\u0162ara mea de glorii, \u0163ara mea de dor?<br \/>\nBra\u0163ele nervoase, arma de t\u0103rie,<br \/>\nLa trecutu-\u0163i mare, mare viitor!<br \/>\nFiarb\u0103 vinu-n cupe, spumege pocalul,<br \/>\nDac\u0103 fiii-\u0163i m\u00e2ndri aste le nutresc;<br \/>\nC\u0103ci r\u0103m\u00e2ne st\u00e2nca, de\u015fi moare valul,<br \/>\nDulce Rom\u00e2nie, asta \u0163i-o doresc.<\/p>\n<p>Vis de r\u0103zbunare negru ca morm\u00e2ntul<br \/>\nSpada ta de s\u00e2nge du\u015fman fumeg\u00e2nd,<br \/>\n\u015ei deasupra idrei fluture cu v\u00e2ntul<br \/>\nVisul t\u0103u de glorii falnic triumf\u00e2nd,<br \/>\nSpun\u0103 lumii large steaguri tricoloare,<br \/>\nSpun\u0103 ce-i poporul mare, rom\u00e2nesc,<br \/>\nC\u00e2nd s-aprinde sacru candida-i v\u00e2lvoare,<br \/>\nDulce Rom\u00e2nie, asta \u0163i-o doresc.<\/p>\n<p>\u00cengerul iubirii, \u00eengerul de pace,<br \/>\nPe altarul Vestei tainic sur\u00e2z\u00e2nd,<br \/>\nCe pe Marte-n glorii s\u0103 orbeasc\u0103-l face,<br \/>\nC\u00e2nd cu lampa-i zboar\u0103 lumea lumin\u00e2nd,<br \/>\nEl pe s\u00e2nu-\u0163i vergin \u00eenc\u0103 s\u0103 coboare,<br \/>\nGuste fericirea raiului ceresc,<br \/>\nTu \u00eel str\u00e2nge-n bra\u0163e, tu \u00eei f\u0103 altare,<br \/>\nDulce Rom\u00e2nie, asta \u0163i-o doresc.<\/p>\n<p>Ce-\u0163i doresc eu \u0163ie, dulce Rom\u00e2nie,<br \/>\nT\u00e2n\u0103r\u0103 mireas\u0103, mam\u0103 cu amor!<br \/>\nFiii t\u0103i tr\u0103iasc\u0103 numai \u00een fr\u0103\u0163ie<br \/>\nCa a nop\u0163ii stele, ca a zilei zori,<br \/>\nVia\u0163a \u00een vecie, glorii, bucurie,<br \/>\nArme cu t\u0103rie, suflet rom\u00e2nesc,<br \/>\nVis de vitejie, fal\u0103 \u015fi m\u00e2ndrie,<br \/>\nDulce Rom\u00e2nie, asta \u0163\u00ef-o doresc!<\/p>\n","protected":false},"excerpt":{"rendered":"<p>Adunarea Nationala de la Alba Iulia, 1918 &#8220;Adunarea Nationala a tuturor Romanilor din Transilvania, Banat si Tara Ungureasca, adunati prin [&#038;hellip<\/p>\n","protected":false},"author":1,"featured_media":0,"comment_status":"closed","ping_status":"closed","sticky":false,"template":"","format":"standard","meta":{"footnotes":""},"categories":[3],"tags":[],"class_list":["post-16531","post","type-post","status-publish","format-standard","hentry","category-articole"],"_links":{"self":[{"href":"https:\/\/www.marianagurza.ro\/blog\/wp-json\/wp\/v2\/posts\/16531","targetHints":{"allow":["GET"]}}],"collection":[{"href":"https:\/\/www.marianagurza.ro\/blog\/wp-json\/wp\/v2\/posts"}],"about":[{"href":"https:\/\/www.marianagurza.ro\/blog\/wp-json\/wp\/v2\/types\/post"}],"author":[{"embeddable":true,"href":"https:\/\/www.marianagurza.ro\/blog\/wp-json\/wp\/v2\/users\/1"}],"replies":[{"embeddable":true,"href":"https:\/\/www.marianagurza.ro\/blog\/wp-json\/wp\/v2\/comments?post=16531"}],"version-history":[{"count":3,"href":"https:\/\/www.marianagurza.ro\/blog\/wp-json\/wp\/v2\/posts\/16531\/revisions"}],"predecessor-version":[{"id":16535,"href":"https:\/\/www.marianagurza.ro\/blog\/wp-json\/wp\/v2\/posts\/16531\/revisions\/16535"}],"wp:attachment":[{"href":"https:\/\/www.marianagurza.ro\/blog\/wp-json\/wp\/v2\/media?parent=16531"}],"wp:term":[{"taxonomy":"category","embeddable":true,"href":"https:\/\/www.marianagurza.ro\/blog\/wp-json\/wp\/v2\/categories?post=16531"},{"taxonomy":"post_tag","embeddable":true,"href":"https:\/\/www.marianagurza.ro\/blog\/wp-json\/wp\/v2\/tags?post=16531"}],"curies":[{"name":"wp","href":"https:\/\/api.w.org\/{rel}","templated":true}]}}