{"id":16589,"date":"2013-12-06T10:53:38","date_gmt":"2013-12-06T10:53:38","guid":{"rendered":"http:\/\/www.marianagurza.ro\/blog\/?p=16589"},"modified":"2013-12-06T11:24:18","modified_gmt":"2013-12-06T11:24:18","slug":"volumul-cu-hristos-in-celula-de-aspazia-otel-petrescu-o-vecernie-de-suflet-%e2%80%a6%e2%80%9d","status":"publish","type":"post","link":"https:\/\/www.marianagurza.ro\/blog\/2013\/12\/06\/volumul-cu-hristos-in-celula-de-aspazia-otel-petrescu-o-vecernie-de-suflet-%e2%80%a6%e2%80%9d\/","title":{"rendered":"Volumul &#8220;Cu Hristos \u00een celul\u0103&#8221;, de Aspazia O\u021bel Petrescu, &#8220;o vecernie de suflet \u2026\u201d"},"content":{"rendered":"<p><strong><img loading=\"lazy\" decoding=\"async\" id=\"irc_mi\" class=\"alignleft\" src=\"http:\/\/www.meteorpress.ro\/_files\/carti\/1066.jpg\" alt=\"\" width=\"200\" height=\"351\" \/>Motto:<\/strong><br \/>\n<em>,,Azi noapte Iisus mi-a intrat \u00een celul\u0103.<\/em><br \/>\n<em>O, ce trist \u015fi ce-nalt p\u0103rea <strong>Cris<\/strong>t !<\/em><br \/>\n<em>Luna venea dup\u0103 <strong>El<\/strong>, \u00een celul\u0103<\/em><br \/>\n<em>Si-L f\u0103cea mai \u00eenalt \u015fi mai trist.<\/em><br \/>\n<em>\u2026\u2026\u2026\u2026\u2026\u2026\u2026\u2026\u2026\u2026\u2026\u2026.<\/em><br \/>\n<em>Unde e\u0219ti, Doamne ? Am urlat la z\u0103brele.<\/em><em><br \/>\n<em>Din lun\u0103 venea fum de c\u0103\u0163ui\u2026<\/em><br \/>\n<em>M-am pip\u0103it\u2026 \u015fi pe m\u00e2inile mele,<\/em><br \/>\n<em>Am g\u0103sit urmele cuielor <strong>Lui<\/strong>.\u201d<\/em><\/em><br \/>\n(Radu Gyr \u2013 <em>Cu Iisus \u00een celul\u0103<\/em>)<\/p>\n<p>&nbsp;<\/p>\n<p style=\"text-align: justify;\"><strong>Cu Hristos \u00een celul\u0103<\/strong>, <strong>de<\/strong> <strong>Aspazia O\u021bel Petrescu, edi\u021bia a doua revizuit\u0103<\/strong> <strong>\u015fi<\/strong>\u00a0<strong>coordonat\u0103 de Danion Vasile<\/strong>, <strong>Editura Medita\u021bii, Bucure\u015fti, 2013, ,,<em>promite o vecernie de suflet, \u00een care ve\u0163i<\/em> auzi cum picur\u0103 lin lumina jertfei ne\u00eenserate\u2026\u201d<\/strong><\/p>\n<p style=\"text-align: justify;\">O carte document, de tr\u0103ire ortodoxa ,,<em>\u00eentr-un timp \u00eenvolburat, c\u00e2nd o lume debusolat\u0103 se cl\u0103tina pe marginea abisului apostazic<\/em>\u201d.<\/p>\n<p style=\"text-align: justify;\">Am folosit aceste cuvinte ale autoarei pe care le-am savurat citind prefa\u021ba c\u0103r\u0163ii.<strong> Cuvintele mele ar fi prea s\u0103race \u00een fa\u0163a dezv\u0103luirilor cutremur\u0103toare, Aspazia O\u021bel Petrescu, vorbindu-ne despre un ,,<em>trecut ziditor de suflete<\/em>\u201d despre acea c\u0103l\u0103torie statornic\u0103 ,,<em>spre un ideal sf\u00e2nt<\/em>\u201d pe care l-a slujit p\u00e2n\u0103 la jertf\u0103.<\/strong><\/p>\n<p style=\"text-align: justify;\">Este \u015fi va r\u0103m\u00e2ne o m\u0103rturisitoare a lui Hristos, <strong><em>Cel<\/em> care i-a trimis \u00eengeri p\u0103zitori \u00een celule comuniste. A\u0219a cum bine subliniaz\u0103 editorul, ,,<em>\u00een volumul de fa\u0163\u0103 sunt ecouri ale acestei m\u0103rturisiri\u201d\u2026fiind vorba de femeia cre\u0219tin\u0103, gata s\u0103 rabde chinuri mucenice\u015fti din iubire pentru Hristos \u015fi pentru Neamul Rom\u00e2nesc<\/em>\u2026\u201d<\/strong><\/p>\n<p style=\"text-align: justify;\">Fidel\u0103 convingerilor legionare, <strong>a\u0219a cum au fost majoritatea intelectualilor, din acea perioad\u0103, 14 ani de temni\u021b\u0103, cu <em>Hristos \u00een celul\u0103<\/em>, Aspazia O\u021bel Petrescu, a \u0219tiut s\u0103-\u015fi p\u0103streze demnitatea \u015fi dragostea pentru neam, credin\u0163a fiind prezent\u0103 al\u0103turi de m\u0103rturisitori. Cu to\u021bii au fost anima\u0163i de acela\u0219i ideal:\u00a0 iubirea pentru Hristos, lupta \u00eempotriva comunismului, dragostea pentru \u0163ar\u0103 \u015fi neam.<\/strong><\/p>\n<p style=\"text-align: justify;\">,,Noi l-am \u00eent\u00e2lnit (pe Hristos -.n.n.) viu \u015fi adev\u0103rat \u00een v\u00e2rful foamei, al setei, al frigului, al singur\u0103t\u0103\u0163ii \u015fi al terorii de nedescris\u2026\u201d<\/p>\n<p style=\"text-align: justify;\">Pentru Aspazia O\u021bel Petrescu, temni\u0163a, a fost ,,<em>o onoare a\u015fa cum \u015fi Petre \u0162utea o considera<\/em>\u201d, \u00a0to\u021bi r\u0103spunz\u00e2nd la o chemare a suferin\u021bei pentru izb\u0103virea neamului.<\/p>\n<p style=\"text-align: justify;\">Strig\u0103tul i-a fost auzit \u00een to\u021bi<strong> anii de cump\u0103n\u0103. Rug\u0103ciunea i-a salvat via\u021ba. <\/strong><\/p>\n<p style=\"text-align: justify;\">Cuvinte de folos, cuvinte vii\u2026Comunicarea direct\u0103, smerit\u0103, i-a adus lumina tainic\u0103 a Celui Prea\u00eenalt. Acolo, \u00een r\u0103ceala zidurilor, a primit m\u00e2ng\u00e2iere, mul\u021bumind pentru suferin\u021ba primit\u0103.<\/p>\n<p style=\"text-align: justify;\">Emo\u021bionant\u0103 evocarea,\u00a0 arunc\u0103rii sale \u00een izolatorul 3, o celul\u0103 mic\u0103 cu \u0219obolani\u2026\u00a0Experien\u021ba sa mistic\u0103\u00a0 pare fi desprins\u0103 dintr-o fil\u0103 de pateric.<strong><\/strong><\/p>\n<p style=\"text-align: justify;\"><strong> ,,<em>Doamne nu m\u0103 l\u0103sa\u2026<\/em>\u201d \u00a0<\/strong><\/p>\n<p style=\"text-align: justify;\"><strong>\u015ei strig\u0103tul i-a fost auzit\u2026,,<em>\u00een clipa aceea toat\u0103 realitatea din jurul meu s-a transfigurat. Nu mai era nici lucarna, nici platforma, nici sc\u0103ri care coborau, nici \u0219obolani. Nu mai era nimic. Era o imensitate alba, era o lumin\u0103 alb\u0103, eu eram cuprins\u0103 de aceasta lumin\u0103, eu o sim\u021beam concret\u0103, at\u00e2t de concret\u0103 \u00eenc\u00e2t eu o credeam material\u0103. Era ca o lumin\u0103 concret\u0103, material\u0103, o sim\u021beam, m\u0103 sim\u0163eam cuprins\u0103 \u00een ea\u2026\u015ei nu era o lumin\u0103 ca de la soare sau ca de la bec. Era o lumin\u0103 ireal\u0103, o lumin\u0103\u2026vibratoare<\/em>\u201d aduc\u0103toare de bucurie, de lini\u0219te \u015fi pace. <\/strong><\/p>\n<p style=\"text-align: justify;\">Cred, sunt convins\u0103 c\u0103 aceast\u0103 izolare \u00een celula trei, nu a fost \u00eent\u00e2mpl\u0103toare\u00a0 \u2013 <em>Sf\u00e2nta treime<\/em> mereu prezent\u0103 printre fii s\u0103i!<\/p>\n<p style=\"text-align: justify;\">Dar asta <strong>Nu<\/strong> aveau cum s\u0103 \u0219tie \u015fi s\u0103 \u00een\u0163eleag\u0103 inchizitorii\u2026<\/p>\n<p style=\"text-align: justify;\">Fascinante aceste tr\u0103iri povestite cu bl\u00e2nde\u021be \u015fi smerenie. M-a\u015f bucura dac\u0103 \u00een timp ar disp\u0103rea ,,<em>dispre\u021bul n\u0103t\u00e2ng al unora<\/em>\u201d fa\u0163\u0103 de m\u0103rturisitorii Neamului Rom\u00e2nesc. Istoria acestui \u00eencercat popor trebuie cunoscut\u0103 a\u015fa cum a fost, recunosc\u00e2ndu-ne valorile, idealurile \u00eenainta\u0219ilor.<\/p>\n<p style=\"text-align: justify;\"><strong>,,C<em>um s\u0103 nu iube\u0219ti neamul care pune ca pecete pe tr\u0103irea sa credin\u021ba primit\u0103 de la str\u0103mo\u015fi din propria cenu\u0219\u0103<\/em>?\u201d<\/strong><\/p>\n<p style=\"text-align: justify;\">Nu putem nega sau deforma adev\u0103rul. F\u0103r\u0103 jertfa lor, cum am arata acum ca popor? Ne \u00eenc\u0103p\u0103\u0163\u00e2n\u0103m s\u0103 \u00eei distan\u021bam pe cei care \u00eentr-o perioad\u0103 a vie\u021bii lor ne-au ar\u0103tat calea spre m\u00e2ntuire. Ei l-au cunoscut pe Hristos \u00een celul\u0103!<\/p>\n<p style=\"text-align: justify;\"><strong>\u00a0,,<em>Acolo \u00een toiul suferin\u021belor de ne\u00eendurat, ni S-a descoperit ca Domn al iubirii \u015fi al \u00eendur\u0103rii, prieten adev\u0103rat, certitudine imediat\u0103, natural\u0103 \u015fi clar\u0103 ca lumina zilei<\/em>\u201d.<\/strong><\/p>\n<p style=\"text-align: justify;\">Volumul <em>Cu Hristos \u00een celul\u0103<\/em> se cite\u0219te cu sufletul. Cuvinte ce zidesc, tainice minuni, \u00eendemn spre des\u0103v\u00e2r\u015firea fiec\u0103ruia prin credin\u021ba \u00een Tat\u0103l Ceresc, prin bl\u00e2nda rug\u0103ciune.<\/p>\n<p style=\"text-align: justify;\"><strong>Aspazia O\u021bel Petrescu, o truditoare prin Cuv\u00e2nt \u00een Lumin\u0103!<\/strong>\u00a0O carte scrisa din iubire!<\/p>\n<p style=\"text-align: justify;\"><strong>Femeia cre\u015ftin\u0103 care a \u015ftiut ,,<em>s\u0103 rabde chinuri mucenice\u015fti din iubire pentru Hristos \u015fi pentru Neamul Rom\u00e2nesc.<\/em>\u201d<\/strong><\/p>\n<p style=\"text-align: justify;\">Mariana Gurza<br \/>\nTimisoara<br \/>\n06. Dec. 2013<\/p>\n","protected":false},"excerpt":{"rendered":"<p>Motto: ,,Azi noapte Iisus mi-a intrat \u00een celul\u0103. O, ce trist \u015fi ce-nalt p\u0103rea Crist ! Luna venea dup\u0103 El, [&#038;hellip<\/p>\n","protected":false},"author":1,"featured_media":0,"comment_status":"closed","ping_status":"closed","sticky":false,"template":"","format":"standard","meta":{"footnotes":""},"categories":[3],"tags":[],"class_list":["post-16589","post","type-post","status-publish","format-standard","hentry","category-articole"],"_links":{"self":[{"href":"https:\/\/www.marianagurza.ro\/blog\/wp-json\/wp\/v2\/posts\/16589","targetHints":{"allow":["GET"]}}],"collection":[{"href":"https:\/\/www.marianagurza.ro\/blog\/wp-json\/wp\/v2\/posts"}],"about":[{"href":"https:\/\/www.marianagurza.ro\/blog\/wp-json\/wp\/v2\/types\/post"}],"author":[{"embeddable":true,"href":"https:\/\/www.marianagurza.ro\/blog\/wp-json\/wp\/v2\/users\/1"}],"replies":[{"embeddable":true,"href":"https:\/\/www.marianagurza.ro\/blog\/wp-json\/wp\/v2\/comments?post=16589"}],"version-history":[{"count":12,"href":"https:\/\/www.marianagurza.ro\/blog\/wp-json\/wp\/v2\/posts\/16589\/revisions"}],"predecessor-version":[{"id":16591,"href":"https:\/\/www.marianagurza.ro\/blog\/wp-json\/wp\/v2\/posts\/16589\/revisions\/16591"}],"wp:attachment":[{"href":"https:\/\/www.marianagurza.ro\/blog\/wp-json\/wp\/v2\/media?parent=16589"}],"wp:term":[{"taxonomy":"category","embeddable":true,"href":"https:\/\/www.marianagurza.ro\/blog\/wp-json\/wp\/v2\/categories?post=16589"},{"taxonomy":"post_tag","embeddable":true,"href":"https:\/\/www.marianagurza.ro\/blog\/wp-json\/wp\/v2\/tags?post=16589"}],"curies":[{"name":"wp","href":"https:\/\/api.w.org\/{rel}","templated":true}]}}