{"id":16609,"date":"2013-12-06T22:27:20","date_gmt":"2013-12-06T22:27:20","guid":{"rendered":"http:\/\/www.marianagurza.ro\/blog\/?p=16609"},"modified":"2013-12-06T22:28:12","modified_gmt":"2013-12-06T22:28:12","slug":"pom-de-craciun-de-radu-gyr-2","status":"publish","type":"post","link":"https:\/\/www.marianagurza.ro\/blog\/2013\/12\/06\/pom-de-craciun-de-radu-gyr-2\/","title":{"rendered":"Pom de Cr\u0103ciun de Radu Gyr"},"content":{"rendered":"<p style=\"text-align: center;\"><a href=\"http:\/\/www.marianagurza.ro\/blog\/wp-content\/uploads\/2013\/12\/Radu-Gyr.jpg\"><img loading=\"lazy\" decoding=\"async\" class=\"size-medium wp-image-16610\" title=\"Radu Gyr\" src=\"http:\/\/www.marianagurza.ro\/blog\/wp-content\/uploads\/2013\/12\/Radu-Gyr-229x300.jpg\" alt=\"\" width=\"229\" height=\"300\" srcset=\"https:\/\/www.marianagurza.ro\/blog\/wp-content\/uploads\/2013\/12\/Radu-Gyr-229x300.jpg 229w, https:\/\/www.marianagurza.ro\/blog\/wp-content\/uploads\/2013\/12\/Radu-Gyr.jpg 245w\" sizes=\"auto, (max-width: 229px) 100vw, 229px\" \/><\/a><\/p>\n<p><strong>\u00a0\u00a0\u00a0\u00a0\u00a0\u00a0 Pom de Cr\u0103ciun<\/strong><\/p>\n<p style=\"text-align: left;\">\u00a0\u00a0\u00a0\u00a0\u00a0\u00a0\u00a0\u00a0\u00a0\u00a0\u00a0\u00a0\u00a0\u00a0\u00a0\u00a0\u00a0\u00a0\u00a0\u00a0\u00a0\u00a0\u00a0\u00a0\u00a0\u00a0\u00a0\u00a0\u00a0\u00a0<em> de Radu Gyr<\/em><\/p>\n<p>&nbsp;<\/p>\n<p>&nbsp;<\/p>\n<p>Cu \u00eengerii ce se-ndurau s\u0103 vin\u0103<br \/>\nVeneau smochine din Ierusalim,<br \/>\nIar noi p\u00e2ndeam, proste\u015fte \u015fi sublim,<br \/>\nPe Mo\u015f-Cr\u0103ciun la geamuri de hermin\u0103.<\/p>\n<p>\u015ei c\u00e2nd pl\u00e2ngea \u00een cer un heruvim,<br \/>\nC\u0103deau \u00een brad mari lacrimi de lumin\u0103,<br \/>\nCre\u015ftea din fiecare-o mandarin\u0103<br \/>\n\u015ei ne d\u0103dea azur s\u0103 mirosim.<\/p>\n<p>Ce gravi stau ast\u0103zi numai pe morminte<br \/>\nSerafi de piatr\u0103, orbi \u015fi f\u0103r\u0103 grai.<br \/>\n\u00cen s\u0103nii nu mai vin ca mai-nainte<\/p>\n<p>Nici Mo\u015f-Cr\u0103ciun, nici sf\u00e2ntul Neculai,<br \/>\nIar noi am pus prin cetini oseminte<br \/>\n\u015ei-am oblonit fereastra c\u0103tre rai.<\/p>\n","protected":false},"excerpt":{"rendered":"<p>\u00a0\u00a0\u00a0\u00a0\u00a0\u00a0 Pom de Cr\u0103ciun \u00a0\u00a0\u00a0\u00a0\u00a0\u00a0\u00a0\u00a0\u00a0\u00a0\u00a0\u00a0\u00a0\u00a0\u00a0\u00a0\u00a0\u00a0\u00a0\u00a0\u00a0\u00a0\u00a0\u00a0\u00a0\u00a0\u00a0\u00a0\u00a0\u00a0 de Radu Gyr &nbsp; &nbsp; Cu \u00eengerii ce se-ndurau s\u0103 vin\u0103 Veneau smochine din Ierusalim, [&#038;hellip<\/p>\n","protected":false},"author":1,"featured_media":0,"comment_status":"closed","ping_status":"closed","sticky":false,"template":"","format":"standard","meta":{"footnotes":""},"categories":[3],"tags":[],"class_list":["post-16609","post","type-post","status-publish","format-standard","hentry","category-articole"],"_links":{"self":[{"href":"https:\/\/www.marianagurza.ro\/blog\/wp-json\/wp\/v2\/posts\/16609","targetHints":{"allow":["GET"]}}],"collection":[{"href":"https:\/\/www.marianagurza.ro\/blog\/wp-json\/wp\/v2\/posts"}],"about":[{"href":"https:\/\/www.marianagurza.ro\/blog\/wp-json\/wp\/v2\/types\/post"}],"author":[{"embeddable":true,"href":"https:\/\/www.marianagurza.ro\/blog\/wp-json\/wp\/v2\/users\/1"}],"replies":[{"embeddable":true,"href":"https:\/\/www.marianagurza.ro\/blog\/wp-json\/wp\/v2\/comments?post=16609"}],"version-history":[{"count":3,"href":"https:\/\/www.marianagurza.ro\/blog\/wp-json\/wp\/v2\/posts\/16609\/revisions"}],"predecessor-version":[{"id":16612,"href":"https:\/\/www.marianagurza.ro\/blog\/wp-json\/wp\/v2\/posts\/16609\/revisions\/16612"}],"wp:attachment":[{"href":"https:\/\/www.marianagurza.ro\/blog\/wp-json\/wp\/v2\/media?parent=16609"}],"wp:term":[{"taxonomy":"category","embeddable":true,"href":"https:\/\/www.marianagurza.ro\/blog\/wp-json\/wp\/v2\/categories?post=16609"},{"taxonomy":"post_tag","embeddable":true,"href":"https:\/\/www.marianagurza.ro\/blog\/wp-json\/wp\/v2\/tags?post=16609"}],"curies":[{"name":"wp","href":"https:\/\/api.w.org\/{rel}","templated":true}]}}