{"id":16662,"date":"2013-12-13T10:18:48","date_gmt":"2013-12-13T10:18:48","guid":{"rendered":"http:\/\/www.marianagurza.ro\/blog\/?p=16662"},"modified":"2013-12-13T10:33:32","modified_gmt":"2013-12-13T10:33:32","slug":"bentodica-nu-compromite","status":"publish","type":"post","link":"https:\/\/www.marianagurza.ro\/blog\/2013\/12\/13\/bentodica-nu-compromite\/","title":{"rendered":"BenTodic\u0103: Nu compromite Neamul Rom\u00e2nesc!"},"content":{"rendered":"<p style=\"text-align: justify;\"><a href=\"http:\/\/www.marianagurza.ro\/blog\/wp-content\/uploads\/2013\/12\/TODICA-Benoni-WB.jpg\"><img loading=\"lazy\" decoding=\"async\" class=\"size-medium wp-image-16665 alignleft\" title=\"TODICA-Benoni-WB\" src=\"http:\/\/www.marianagurza.ro\/blog\/wp-content\/uploads\/2013\/12\/TODICA-Benoni-WB-225x300.jpg\" alt=\"\" width=\"225\" height=\"300\" srcset=\"https:\/\/www.marianagurza.ro\/blog\/wp-content\/uploads\/2013\/12\/TODICA-Benoni-WB-225x300.jpg 225w, https:\/\/www.marianagurza.ro\/blog\/wp-content\/uploads\/2013\/12\/TODICA-Benoni-WB.jpg 480w\" sizes=\"auto, (max-width: 225px) 100vw, 225px\" \/><\/a>\u00cen revista <em>Flac\u0103ra<\/em>, din 22-28 noiembrie 2013 a lui Adrian P\u0103unescu, Alexandru \u015etef\u0103nescu spune despre Eminescu c\u0103 a fost orbit temporar atunci c\u00e2nd, \u00een poezia <em>Epigonii<\/em> a omagiat pe unii scriitori f\u0103r\u0103 valoare ast\u0103zi, a\u015fez\u00e2ndu-i undeva sus, \u00een panteonul poeziei. Cred c\u0103 Alex \u015etef\u0103nescu \u00eel simplific\u0103 prea mult pe Eminescu f\u0103r\u0103 a \u00eencerca s\u0103 se plaseze \u00een vremea poetului \u015fi s\u0103-\u015fi imagineze, m\u0103car, c\u0103 ar avea capacitatea intelectual\u0103 \u015fi sclipirea geniului rom\u00e2nesc. Este o impietate s\u0103-l \u201etoci\u201d pe Eminescu. Nu vreau s\u0103-l ofensez pe autor, \u00eens\u0103 mul\u0163i, atunci c\u00e2nd c\u0103\u0163\u0103r\u00e2ndu-se pe umerii mon\u015ftrilor sacri \u015fi \u201er\u00e2c\u00e2ind\u201d \u00een aura lor, se iluzioneaz\u0103 c\u0103 praful de stele se pogoar\u0103 pe cre\u015ftetul lor \u015fi-i \u00eennobileaz\u0103!!! Dar, ei, s\u0103racii, coboar\u0103 \u00een bezna prozaic\u0103! Azi mai mult ca niciodat\u0103 avem nevoie de a scoate \u00een eviden\u0163\u0103 esen\u0163a neamului \u015fi dac\u0103 n-o facem, este o violare a eticii mele ca om. Trebuie s\u0103-mi duc cu demnitate \u015fi cu fruntea sus onoarea \u015fi respectul pentru aproapele meu. \u00cen guverne avem azi oameni nepotrivi\u0163i pentru fotoliile pe care le ocup\u0103 \u015fi este vina noastr\u0103 c\u0103 am sc\u0103pat de sub control astfel de pozi\u0163ii importante ocupate de oameni total incompeten\u0163i, lipsi\u0163i de m\u0103sur\u0103 \u015fi de moral\u0103. Am pus contabili \u00een func\u0163ii de ingineri \u015fi mili\u0163ieni \u00een func\u0163ii de contabili, am f\u0103cut din securi\u015fti, popi \u015fi din popi, nebuni. Dac\u0103 evreii l-ar avea pe Eminescu \u00een panteonul lor nu s-ar mai folosi de holocaust pentru publicitate ci s-ar m\u00e2ndri cu Eminescu cum se m\u00e2ndresc englezii cu Shakespeare, ru\u015fii cu Tolstoi, italienii cu Leonardo da Vinci \u00a0sau americanii cu industria lor militar\u0103.<\/p>\n<p style=\"text-align: justify;\">\u00a0\u00a0\u00a0\u00a0\u00a0\u00a0\u00a0\u00a0\u00a0 Guvernele lovesc \u00een cet\u0103\u0163enii care i-au ales, iar poli\u0163ia care e pl\u0103tit\u0103 din contribu\u0163ia popula\u0163iei \u00een scopul protec\u0163iei ei este folosit\u0103 de interese str\u0103ine ca s\u0103-\u015fi \u00eenlesneasc\u0103 exploatarea \u015fi sporirea profiturilor prin abuz, arest\u0103ri \u015fi intimidare a proprietarilor de drept din mo\u015fi str\u0103mo\u015fi. Compania Chevron a intrat ca \u201dporcu-n cucuruz\u201d \u00een zona Vasluiului pentru exploatarea gazelor naturale.<\/p>\n<p style=\"text-align: justify;\">\u00a0\u00a0\u00a0\u00a0\u00a0\u00a0\u00a0\u00a0\u00a0 Nu trebuie s\u0103 ne ascundem. A sosit timpul s\u0103 spunem lucrurilor pe nume. Ho\u0163ia nu se va opri dac\u0103 noi nu o vom cere. P\u00e2n\u0103 nu demult, Mandela era considerat mare terorist \u015fi \u00eentemni\u0163at pentru 27 de ani, iar la \u00eenmorm\u00e2ntarea sa s-au gr\u0103bit s\u0103 fie prezen\u0163i cei mai mul\u0163i dintre conduc\u0103torii lumii. De ce? Pentru c\u0103 el a crezut p\u00e2n\u0103 la cap\u0103t \u00een idealul s\u0103u, \u00een eliberarea semenilor s\u0103i \u015fi pentru c\u0103 nu s-a dat b\u0103tut, azi este respectat. A demonstrat c\u0103 dreptatea \u015fi adev\u0103rul \u00eenvinge, c\u0103 \u201cteroristul\u201c de ieri poate fi pre\u015fedintele de m\u00e2ine. Adev\u0103rul face parte din s\u0103n\u0103tate. Minciuna \u00eemboln\u0103ve\u015fte. Suntem \u00eenconjura\u0163i de minciun\u0103 prin toate formele posibile de propagand\u0103 \u00eenc\u00e2t oamenilor le e lehamite s\u0103 le mai urm\u0103reasc\u0103. Mai nou, au \u00eenceput s\u0103-i foloseasc\u0103 pe cei tineri, singura, naiva, sincera \u015fi inocenta categorie pe care o \u00a0mai poate atrage \u015fi au \u00eenceput s-o exploateze \u015fi pe asta. S\u0103 nu mai compromitem \u015fi s\u0103 nu uit\u0103m, astfel repet\u0103m istoria. Ce se \u00eent\u00e2mpl\u0103 \u00een Egipt, se \u00eent\u00e2mpl\u0103 pentru c\u0103 oamenii \u015fi-au pierdut leg\u0103tura cu trecutul \u015fi asta e noua politic\u0103 promovat\u0103 pe toat\u0103 planeta &#8211; tr\u0103irea \u00een prezent, \u201cdoar\u201d. Ni se distrug valorile culturale \u015fi credin\u0163a, iar noi continu\u0103m s\u0103 fim pasivi. Biserica e o mare for\u0163\u0103, \u00eens\u0103 st\u0103 pasiv\u0103, nu vrea s\u0103 \u0163in\u0103 pasul cu evolu\u0163ia diavolului. Dumnezeu nu e un mo\u015f cu barb\u0103 \u015fi un baston \u00een m\u00e2n\u0103. Dumnezeu e creatorul \u00eentregului univers \u015fi El ne ajut\u0103 s\u0103-L cunoa\u015ftem, s\u0103 ne cunoa\u015ftem. El ne-a dat Biblia prin ale\u015fii S\u0103i ca \u00eendrumar spre El \u015fi spre noi \u00een\u015fine. \u00cen \u00een\u0163elegerea mea, Biblia este o carte multicodificat\u0103. Marile lucr\u0103ri ale marilor oameni au fost inspirate de ea. Ceea ce \u00eenseamn\u0103 c\u0103 lucr\u0103ri multidimensionale necesit\u0103 un volum incredibil de mare de cuno\u015ftin\u0163e ca s\u0103 poat\u0103 fi \u00een\u0163elese \u015fi cuprinse \u00een \u00eentreaga lor m\u0103re\u0163ie. O m\u0103re\u0163ie de o inestimabil\u0103 valoare \u015fi \u00eensemn\u0103tate universal\u0103. E nevoie de dragoste pentru carte. Cuno\u015ftin\u0163ele incredibile necesit\u0103 \u00een\u0163elepciune \u015fi maturitate intelectual\u0103 incredibile, deci de dragoste incredibil\u0103 pentru carte. Trebuie \u00eenv\u0103\u0163at treptat \u015fi \u00een timp. Asta nu vine dintr-o dat\u0103. Nu putem s\u0103ri dintr-o dat\u0103 la func\u0163ii algebrice sau trigonometrie f\u0103r\u0103 adunare \u015fi sc\u0103dere. Cuno\u015ftin\u0163e nu \u00eenseamn\u0103 inteligen\u0163\u0103, iar inteligen\u0163a nu \u00eenseamn\u0103 \u00een\u0163elepciune. A avea cuno\u015ftin\u0163e nu \u00eenseamn\u0103 altceva dec\u00e2t c\u0103 e\u015fti familiarizat cu anumite date \u015fi fapte (descoperiri \u015ftiin\u0163ifice, principii matematice, istorie, politic\u0103 etc. Toate acestea ne spun c\u0103 o persoan\u0103 are capacitatea, este capabil s\u0103-\u015fi aminteasc\u0103 \u015fi s\u0103 redea o cantitate mare de informa\u0163ii. Al doilea aspect al acestei ecua\u0163ii este inteligen\u0163a sau abilitatea de a \u00een\u0163elege faptele \u015fi rela\u0163ia sau \u00eenterconexiunea dintre ele. Doar cunosc\u00e2ndu-le nu e \u00eendeajuns ca s\u0103 le conectezi deoarece pentru asta ai nevoie de \u00een\u0163elegere \u015fi, din nefericire majoritatea oamenilor duc lips\u0103 de ea \u015fi asta se \u00eent\u00e2mpl\u0103 pentru c\u0103 ei cred c\u0103 \u015ftiind totul e suficient \u015fi c\u0103 acesta e cap\u0103tul cunoa\u015fterii.<\/p>\n<p style=\"text-align: justify;\">Cuno\u015ftin\u0163ele au nevoie de \u00een\u0163elepciune pentru a le armoniza \u015fi a le face benefice. Problema este c\u0103 \u00een\u0163elepciunea nu poate fi \u00eenv\u0103\u0163at\u0103 prin \u015ftiin\u0163\u0103, analiz\u0103 sau logic\u0103. Adev\u0103rata \u00een\u0163elepciune poate fi cultivat\u0103 doar prin experien\u0163\u0103, c\u00e2nd toate dorin\u0163ele de interes personal, prestigiu \u015fi putere sunt eliminate. \u00cen\u0163elepciunea mai poate fi cultivat\u0103 prin sacrificiu \u015fi suferin\u0163\u0103. \u00a0I-a trebuit civiliza\u0163iei 2000 de ani ca s\u0103 inventeze alfabetul cre\u00e2nd simbolurile lui dup\u0103 sunetele vorbirii. Fenicienii au transformat 550 de semne cuneiforme \u00een 30 de litere pentru a le u\u015fura munca \u00een tranzac\u0163iile lor comerciale, iar dup\u0103 mai multe adapt\u0103ri de c\u0103tre greci \u015fi romani s-a ajuns la alfabetul de azi. Iar noi, ast\u0103zi, dac\u0103 vom privi \u00een interiorul nostru, ne vom speria de \u00eentuneric, pentru c\u0103 nu suntem preg\u0103ti\u0163i s\u0103 vedem stelele.<\/p>\n<p style=\"text-align: justify;\">\u00a0\u00a0\u00a0\u00a0\u00a0\u00a0\u00a0\u00a0\u00a0 S\u0103 nu ne pierdem copiii \u00een lucruri ieftine. Pe 10 octombrie anul acesta \u00a0a avut loc aniversarea a 200 de ani de la na\u015fterea lui Giuseppe Verdi. Verdi \u015fi-a folosit muzica pentru a-\u015fi elibera na\u0163iunea de sub asuprirea imperiului austro-ungar. A ridicat spiritul \u015fi demnitatea italienilor d\u00e2ndu-le curaj prin muzica sa s\u0103-i r\u0103stoarne pe asupritori. A fost o revolu\u0163ie f\u0103r\u0103 s\u00e2nge \u015fi desigur c\u0103 la moartea sa l-au dus la cimitir c\u00e2teva sute de mii de oameni. Puterea muzicii \u015fi dragostei de neam \u015fi libertate. Unde e acest fenomen ast\u0103zi? Mai exist\u0103? Ce avem noi azi nu e muzic\u0103 de calibru revolu\u0163ionar. E muzic\u0103 f\u0103cut\u0103 la comand\u0103 pentru reac\u0163ii ieftine, comerciale. Mai investe\u015fte azi vreunul dintre mai marii magna\u0163i \u00een art\u0103 sau educa\u0163ie? S\u0103 creeze frumosul \u015fi s\u0103 restaureze umanitatea? Nu. Pentru c\u0103 frumosul une\u015fte lumea, n-o dezbin\u0103. Ori, altele sunt azi interesele.<\/p>\n<p style=\"text-align: justify;\">\u00a0\u00a0\u00a0\u00a0\u00a0\u00a0\u00a0\u00a0\u00a0 Vie\u0163ile noastre au devenit foarte complicate \u015fi aglomerate. Nu mai avem timp s\u0103 ne rug\u0103m, s\u0103 medit\u0103m. Chiar prepararea cafelei diminea\u0163a e un lucru care cere timp \u015fi exerci\u0163iu mecanic. Agenda noastr\u0103 zilnic\u0103 e at\u00e2t de dens\u0103 \u00eenc\u00e2t nu mai avem timp de g\u00e2ndire, dar s\u0103 ne mai folosim creierul la maxima sa capacitate. \u015ei a nu-\u0163i folosi creierul este \u00eentr-adev\u0103r cel mai mare p\u0103cat. Ne rupem de modul nostru firesc de a tr\u0103i \u00een armonie cu natura. Tr\u0103im \u00eentr-o societate plin\u0103 de reguli \u015fi legi care se ascut zilnic \u015fi c\u00e2nd asta se \u00eent\u00e2mpl\u0103, \u00a0sistemul se d\u0103r\u00e2m\u0103, se \u00eemboln\u0103ve\u015fte. Democa\u0163ia se duce \u00een jos \u015fi ne trage dup\u0103 ea. Trebuie s\u0103 ne g\u00e2ndim la Dumnezeul nostru, al cerurilor \u015fi p\u0103m\u00e2ntului. Noi suntem parte din acest cosmos nu doar parte a acestui p\u0103m\u00e2nt. Planeta e parte a sistemului nostru solar, iar sistemul, al galaxiei \u015fi universului \u015fi trebuie s\u0103 ne g\u00e2ndim la Dumnezeu \u00een acest fel. Trebuie s\u0103 \u00een\u0163elegem dou\u0103 lucruri: 1. Noi to\u0163i venim din acela\u015fi loc \u015fi suntem parte din marea crea\u0163ie a lui Dumnezeu \u015fi ca atare, nu exist\u0103 unii ale\u015fi \u015fi al\u0163ii mai pu\u0163in ale\u015fi ci doar etnicitate \u015fi culoare. \u015ei 2. Noi to\u0163i suntem o familie care locuim pe aceast\u0103 planet\u0103 care apar\u0163ine acestui cosmos \u015fi a\u015fa trebuie s\u0103 g\u00e2ndeasc\u0103 omul acestui p\u0103m\u00e2nt. \u00cen terminii \u00eentregii crea\u0163ii a Lui Dumnezeu. \u00cen ace\u015fti termini ar trebui s\u0103 ne vorbeasc\u0103 \u015fi conduc\u0103torii no\u015ftri politici \u015fi spirituali.<\/p>\n<p style=\"text-align: justify;\">\u00a0\u00a0\u00a0\u00a0\u00a0\u00a0\u00a0\u00a0\u00a0 Rom\u00e2nia \u015fi limba rom\u00e2n\u0103, azi, mai mult ca niciodat\u0103 are mare nevoie de Marele nostru poet, \u00a0Mihai Eminescu. El trebuie recunoscut la adev\u0103rata sa valoare, trebuie s\u0103 \u00een\u0163elegem \u015fi s\u0103 recunoa\u015ftem c\u0103 a fost cu adev\u0103rat un geniu, care dep\u0103\u015fe\u015fte pe mul\u0163i al\u0163i ale\u015fi \u015fi ridica\u0163i la rang de Sfin\u0163i \u015fi Protectori de neam. Dac\u0103 Argentina crede ca Eva Peron merita s\u0103 fie ridicat\u0103 la rang de sf\u00e2nt\u0103, dac\u0103 Australia a ridicat-o la rang de sf\u00e2nt\u0103 pe Mary MacKillop, atunci Eminescu are \u00eenmiit mai multe merite.<\/p>\n<p style=\"text-align: justify;\">\u00a0\u00a0\u00a0\u00a0\u00a0\u00a0\u00a0\u00a0\u00a0 Biserica Ortodox\u0103 Rom\u00e2n\u0103 \u015fi noi to\u0163i avem o mare datorie pe umeri \u00een salvarea \u015fi protejarea neamului rom\u00e2nesc. S\u0103 nu-l compromitem!<\/p>\n<p style=\"text-align: justify;\">Ben Todic\u0103<\/p>\n<p style=\"text-align: justify;\">Australia<\/p>\n","protected":false},"excerpt":{"rendered":"<p>\u00cen revista Flac\u0103ra, din 22-28 noiembrie 2013 a lui Adrian P\u0103unescu, Alexandru \u015etef\u0103nescu spune despre Eminescu c\u0103 a fost orbit [&#038;hellip<\/p>\n","protected":false},"author":1,"featured_media":0,"comment_status":"closed","ping_status":"closed","sticky":false,"template":"","format":"standard","meta":{"footnotes":""},"categories":[3],"tags":[],"class_list":["post-16662","post","type-post","status-publish","format-standard","hentry","category-articole"],"_links":{"self":[{"href":"https:\/\/www.marianagurza.ro\/blog\/wp-json\/wp\/v2\/posts\/16662","targetHints":{"allow":["GET"]}}],"collection":[{"href":"https:\/\/www.marianagurza.ro\/blog\/wp-json\/wp\/v2\/posts"}],"about":[{"href":"https:\/\/www.marianagurza.ro\/blog\/wp-json\/wp\/v2\/types\/post"}],"author":[{"embeddable":true,"href":"https:\/\/www.marianagurza.ro\/blog\/wp-json\/wp\/v2\/users\/1"}],"replies":[{"embeddable":true,"href":"https:\/\/www.marianagurza.ro\/blog\/wp-json\/wp\/v2\/comments?post=16662"}],"version-history":[{"count":5,"href":"https:\/\/www.marianagurza.ro\/blog\/wp-json\/wp\/v2\/posts\/16662\/revisions"}],"predecessor-version":[{"id":16664,"href":"https:\/\/www.marianagurza.ro\/blog\/wp-json\/wp\/v2\/posts\/16662\/revisions\/16664"}],"wp:attachment":[{"href":"https:\/\/www.marianagurza.ro\/blog\/wp-json\/wp\/v2\/media?parent=16662"}],"wp:term":[{"taxonomy":"category","embeddable":true,"href":"https:\/\/www.marianagurza.ro\/blog\/wp-json\/wp\/v2\/categories?post=16662"},{"taxonomy":"post_tag","embeddable":true,"href":"https:\/\/www.marianagurza.ro\/blog\/wp-json\/wp\/v2\/tags?post=16662"}],"curies":[{"name":"wp","href":"https:\/\/api.w.org\/{rel}","templated":true}]}}