{"id":16676,"date":"2013-12-16T12:21:12","date_gmt":"2013-12-16T12:21:12","guid":{"rendered":"http:\/\/www.marianagurza.ro\/blog\/?p=16676"},"modified":"2013-12-16T12:23:53","modified_gmt":"2013-12-16T12:23:53","slug":"victor-roncea-ips-teofan-la-pomenirea-de-sase-luni-a-parintelui-justin-copiii-parintelui-colindatori-la-petru-voda-si-cuvantul-mitropolitului","status":"publish","type":"post","link":"https:\/\/www.marianagurza.ro\/blog\/2013\/12\/16\/victor-roncea-ips-teofan-la-pomenirea-de-sase-luni-a-parintelui-justin-copiii-parintelui-colindatori-la-petru-voda-si-cuvantul-mitropolitului\/","title":{"rendered":"Victor Roncea: &#8220;I.P.S Teofan la Pomenirea de \u0219ase luni a P\u0103rintelui Justin. Copiii P\u0103rintelui, colind\u0103tori la Petru Vod\u0103 \u0219i cuv\u00e2ntul Mitropolitului&#8221;"},"content":{"rendered":"<p style=\"text-align: center;\"><a href=\"http:\/\/www.marianagurza.ro\/blog\/wp-content\/uploads\/2013\/12\/Petru-Voda-Ro-pomenire-6-luni-Parintele-Justin-1024x683.jpg\"><img loading=\"lazy\" decoding=\"async\" class=\"size-medium wp-image-16677\" title=\"Petru-Voda-Ro-pomenire-6-luni-Parintele-Justin-1024x683\" src=\"http:\/\/www.marianagurza.ro\/blog\/wp-content\/uploads\/2013\/12\/Petru-Voda-Ro-pomenire-6-luni-Parintele-Justin-1024x683-300x200.jpg\" alt=\"\" width=\"300\" height=\"200\" srcset=\"https:\/\/www.marianagurza.ro\/blog\/wp-content\/uploads\/2013\/12\/Petru-Voda-Ro-pomenire-6-luni-Parintele-Justin-1024x683-300x200.jpg 300w, https:\/\/www.marianagurza.ro\/blog\/wp-content\/uploads\/2013\/12\/Petru-Voda-Ro-pomenire-6-luni-Parintele-Justin-1024x683.jpg 1024w\" sizes=\"auto, (max-width: 300px) 100vw, 300px\" \/><\/a><\/p>\n<div id=\"stcpDiv\">\n<p style=\"text-align: center;\"><strong>Petru-Voda.Ro: Pomenirea de 6 luni a P\u0103rintelui Justin<\/strong><\/p>\n<p style=\"text-align: justify;\">&#8220;Pentru cei ce l-au cunoscut pe P\u0103rintele Justin, trecerea celor \u015fase luni de la plecarea sa dintre noi a avut dou\u0103, dac\u0103 nu trei dimensiuni. \u00cent\u00eei, amintirea clipelor desp\u0103r\u0163irii a f\u0103cut aceast\u0103 vreme de o greutate aproape cu neputin\u0163\u0103 de purtat. Apoi, comuniunea \u00een Duhul Sf\u00eent cu p\u0103rintele, p\u0103rt\u0103\u015fia ne\u00eencetat\u0103 \u2013 prin rug\u0103ciune \u2013 cu sfin\u0163ia sa, au transformat vremea ce a trecut \u00eentr-o ne\u00eencetat\u0103 Liturghie, la care P\u0103rintele Justin, slujind \u00eempreun\u0103 cu Mirele Hristos pe Care at\u00eet L-a iubit, ne face pe noi, fiii s\u0103i duhovnice\u015fti, s\u0103 intr\u0103m \u00eentr-o dimensiune a unui timp f\u0103r\u0103 de timp, ne face p\u0103rta\u015fi ve\u015fniciei c\u0103tre care ne cheam\u0103 M\u00eentuitorul Hristos s\u0103 venim cu candela sufletului aprins\u0103 \u015fi \u00eempodobi\u0163i cu fapte bune. Mai la urm\u0103 ar fi dimensiunea acestei existen\u0163e, plin\u0103 de griji, de ispite \u015fi de necazuri, care se \u00eemplete\u015fte ne\u00eencetat at\u00eet cu durerea desp\u0103r\u0163irii, c\u00eet \u015fi cu bucuria comuniunii cu iubitul duhovnic.<\/p>\n<p style=\"text-align: justify;\">A\u015fadar, cele \u015fase luni de desp\u0103r\u0163ire vremelnic\u0103 au fost totdeodat\u0103 \u015fi prea lungi \u015fi dureroase, \u015fi scurte \u015fi f\u0103r\u0103 putin\u0163\u0103 de a deosebi durerile desp\u0103r\u0163irii de acum de cele de atunci, \u015fi dincolo de vreme, f\u0103r\u0103 putin\u0163\u0103 de a fi m\u0103surate. O!, ad\u00eencul bog\u0103\u0163iei \u015fi al \u00een\u0163elepciunii \u015fi al \u015ftiin\u0163ei lui Dumnezeu! C\u00eet s\u00eent de necercate judec\u0103\u0163ile Lui \u015fi de neurmate c\u0103ile Lui! C\u00eet de neputincioas\u0103 este limba omeneasc\u0103 \u00een a vorbi despre dragostea dumnezeiasc\u0103!<\/p>\n<p style=\"text-align: justify;\">S\u00eemb\u0103t\u0103, 14 Decembrie, c\u00eeteva sute de fii duhovnice\u015fti au \u00eenfruntat gerul, z\u0103pada \u015fi ghea\u0163a ca s\u0103 fie al\u0103turi de omul care i-a iubit cel mai mult pe acest p\u0103m\u00eent, de a c\u0103rui dragoste sufletele lor s-au r\u0103nit ve\u015fnic pentru Dumnezeu. \u00cent\u00eei st\u0103t\u0103tor al clericilor, Mitropolitul Teofan a binecuv\u00eentat cu darul apostolic al arhieriei ob\u015ftea celor de fa\u0163\u0103 \u015fi la sf\u00eer\u015fitul Liturghiei a \u0163inut un cuv\u00eent de m\u00eeng\u00eeiere pentru fiii duhovnice\u015fti ai duhovnicului dragostei, fiii cei iubi\u0163i ai P\u0103rintelui Justin de la Petru Vod\u0103.&#8221;<\/p>\n<p style=\"text-align: justify;\"><em>Integral, cu numeroase fotografii, la<\/em> <strong><a href=\"http:\/\/manastirea.petru-voda.ro\/2013\/12\/15\/pomenirea-de-6-luni-parintelui-justin\/\">Petru-Voda.Ro<\/a><\/strong><\/p>\n<p style=\"text-align: justify;\">Cititi si: <strong><a title=\"Adevarul despre dezgroparea si reinhumarea Parintelui Gheorghe Calciu Dumitreasa si Testamentul sau catre fratii de la Petru Voda\" href=\"http:\/\/www.ziaristionline.ro\/2013\/12\/16\/adevarul-despre-dezgroparea-si-reinhumarea-parintelui-gheorghe-calciu-dumitreasa\/\" rel=\"bookmark\">Adevarul despre dezgroparea si reinhumarea Parintelui Gheorghe Calciu Dumitreasa si Testamentul sau catre fratii de la Petru Voda \u00bb<\/a><\/strong><\/p>\n<\/div>\n<div style=\"text-align: justify;\"><a href=\"http:\/\/roncea.ro\/\" target=\"_blank\">Victor Roncea<\/a><\/div>\n<div>Sursa:<a href=\"http:\/\/roncea.ro\/2013\/12\/15\/ips-teofan-la-pomenirea-de-sase-luni-a-parintelui-justin-copiii-parintelui-colindatori-la-petru-voda-si-cuvantul-mitropolitului-video\/\"> http:\/\/roncea.ro\/2013\/12\/15\/ips-teofan-la-pomenirea-de-sase-luni-a-parintelui-justin-copiii-parintelui-colindatori-la-petru-voda-si-cuvantul-mitropolitului-video\/<\/a><\/p>\n<p style=\"text-align: justify;\">\n<\/div>\n","protected":false},"excerpt":{"rendered":"<p>Petru-Voda.Ro: Pomenirea de 6 luni a P\u0103rintelui Justin &#8220;Pentru cei ce l-au cunoscut pe P\u0103rintele Justin, trecerea celor \u015fase luni [&#038;hellip<\/p>\n","protected":false},"author":1,"featured_media":0,"comment_status":"closed","ping_status":"closed","sticky":false,"template":"","format":"standard","meta":{"footnotes":""},"categories":[3,6],"tags":[],"class_list":["post-16676","post","type-post","status-publish","format-standard","hentry","category-articole","category-linkuri-externe"],"_links":{"self":[{"href":"https:\/\/www.marianagurza.ro\/blog\/wp-json\/wp\/v2\/posts\/16676","targetHints":{"allow":["GET"]}}],"collection":[{"href":"https:\/\/www.marianagurza.ro\/blog\/wp-json\/wp\/v2\/posts"}],"about":[{"href":"https:\/\/www.marianagurza.ro\/blog\/wp-json\/wp\/v2\/types\/post"}],"author":[{"embeddable":true,"href":"https:\/\/www.marianagurza.ro\/blog\/wp-json\/wp\/v2\/users\/1"}],"replies":[{"embeddable":true,"href":"https:\/\/www.marianagurza.ro\/blog\/wp-json\/wp\/v2\/comments?post=16676"}],"version-history":[{"count":3,"href":"https:\/\/www.marianagurza.ro\/blog\/wp-json\/wp\/v2\/posts\/16676\/revisions"}],"predecessor-version":[{"id":16679,"href":"https:\/\/www.marianagurza.ro\/blog\/wp-json\/wp\/v2\/posts\/16676\/revisions\/16679"}],"wp:attachment":[{"href":"https:\/\/www.marianagurza.ro\/blog\/wp-json\/wp\/v2\/media?parent=16676"}],"wp:term":[{"taxonomy":"category","embeddable":true,"href":"https:\/\/www.marianagurza.ro\/blog\/wp-json\/wp\/v2\/categories?post=16676"},{"taxonomy":"post_tag","embeddable":true,"href":"https:\/\/www.marianagurza.ro\/blog\/wp-json\/wp\/v2\/tags?post=16676"}],"curies":[{"name":"wp","href":"https:\/\/api.w.org\/{rel}","templated":true}]}}