{"id":16681,"date":"2013-12-16T20:17:03","date_gmt":"2013-12-16T20:17:03","guid":{"rendered":"http:\/\/www.marianagurza.ro\/blog\/?p=16681"},"modified":"2013-12-19T19:00:53","modified_gmt":"2013-12-19T19:00:53","slug":"boris-david-pentru-orasul-meu-drag-timisoara-2","status":"publish","type":"post","link":"https:\/\/www.marianagurza.ro\/blog\/2013\/12\/16\/boris-david-pentru-orasul-meu-drag-timisoara-2\/","title":{"rendered":"Boris David: Pentru ora\u015ful meu drag, Timi\u015foara!"},"content":{"rendered":"<p style=\"text-align: center;\"><img loading=\"lazy\" decoding=\"async\" class=\"size-medium wp-image-16742\" title=\"foto 2(2)\" src=\"http:\/\/www.marianagurza.ro\/blog\/wp-content\/uploads\/2013\/12\/foto-22-300x300.jpg\" alt=\"\" width=\"300\" height=\"300\" srcset=\"https:\/\/www.marianagurza.ro\/blog\/wp-content\/uploads\/2013\/12\/foto-22-300x300.jpg 300w, https:\/\/www.marianagurza.ro\/blog\/wp-content\/uploads\/2013\/12\/foto-22-150x150.jpg 150w, https:\/\/www.marianagurza.ro\/blog\/wp-content\/uploads\/2013\/12\/foto-22.jpg 701w\" sizes=\"auto, (max-width: 300px) 100vw, 300px\" \/><\/p>\n<p style=\"text-align: center;\">\n<p style=\"text-align: left;\"><strong>\u00a0\u00a0\u00a0\u00a0\u00a0\u00a0\u00a0\u00a0\u00a0\u00a0\u00a0\u00a0 16 Decembrie<\/strong><\/p>\n<p style=\"text-align: left;\">\n<p>Ce-a r\u0103mas din ziua-n care<br \/>\n\u00centr-un Recviem scriam<br \/>\nC\u0103 la-a Domnului Putere<br \/>\nEu smerit m\u0103 \u00eenchinam.<\/p>\n<p>\u015ei-l rugam s\u0103 pedepseasc\u0103<br \/>\nPe acei ce-au \u00eendr\u0103znit<br \/>\nS\u0103 ucid\u0103 oameni pa\u015fnici<br \/>\nCe cu slove au ie\u015fit.<\/p>\n<p>Au scos piepturile goale<br \/>\nS\u0103 opreasc\u0103 un m\u0103cel<br \/>\nDar sub haina ost\u0103\u015feasc\u0103<br \/>\nSe-ascundeau trimi\u015fi de el.<\/p>\n<p>El, sau Ea, sau Camarila,<br \/>\nPentru noi nu mai conta &#8211;<br \/>\nAu scuipat cu jar \u00een piepturi<br \/>\n\u015ei i-au ars spre-ai \u00eengropa.<\/p>\n<p>Au stropit cu s\u00e2nge ro\u015fu<br \/>\nChiar \u015fi scara unui Dom &#8211;<br \/>\nChi\u0163\u0103ind ca \u015fobolanii,<br \/>\nComanda un pretins om.<br \/>\n\u015ei senin pleca spre cas\u0103<br \/>\nUnde-o fat\u0103-l a\u015ftepta! &#8211;<br \/>\nUn copil, ce un p\u0103rinte,<br \/>\nA-l privi, nu \u00eendr\u0103znea.<\/p>\n<p>Celor ce-au sculat poporul<br \/>\nAste r\u00e2nduri eu le-nchin &#8211;<br \/>\nEi se plimb\u0103-acum prin Ceruri<br \/>\nUnde totul e senin.<\/p>\n<p>&nbsp;<\/p>\n<p><strong>Boris David<\/strong><\/p>\n<p>16 decembrie 2013<\/p>\n<p style=\"text-align: justify;\">\n","protected":false},"excerpt":{"rendered":"<p>\u00a0\u00a0\u00a0\u00a0\u00a0\u00a0\u00a0\u00a0\u00a0\u00a0\u00a0\u00a0 16 Decembrie Ce-a r\u0103mas din ziua-n care \u00centr-un Recviem scriam C\u0103 la-a Domnului Putere Eu smerit m\u0103 \u00eenchinam. \u015ei-l [&#038;hellip<\/p>\n","protected":false},"author":1,"featured_media":0,"comment_status":"closed","ping_status":"closed","sticky":false,"template":"","format":"standard","meta":{"footnotes":""},"categories":[3,6],"tags":[],"class_list":["post-16681","post","type-post","status-publish","format-standard","hentry","category-articole","category-linkuri-externe"],"_links":{"self":[{"href":"https:\/\/www.marianagurza.ro\/blog\/wp-json\/wp\/v2\/posts\/16681","targetHints":{"allow":["GET"]}}],"collection":[{"href":"https:\/\/www.marianagurza.ro\/blog\/wp-json\/wp\/v2\/posts"}],"about":[{"href":"https:\/\/www.marianagurza.ro\/blog\/wp-json\/wp\/v2\/types\/post"}],"author":[{"embeddable":true,"href":"https:\/\/www.marianagurza.ro\/blog\/wp-json\/wp\/v2\/users\/1"}],"replies":[{"embeddable":true,"href":"https:\/\/www.marianagurza.ro\/blog\/wp-json\/wp\/v2\/comments?post=16681"}],"version-history":[{"count":6,"href":"https:\/\/www.marianagurza.ro\/blog\/wp-json\/wp\/v2\/posts\/16681\/revisions"}],"predecessor-version":[{"id":16684,"href":"https:\/\/www.marianagurza.ro\/blog\/wp-json\/wp\/v2\/posts\/16681\/revisions\/16684"}],"wp:attachment":[{"href":"https:\/\/www.marianagurza.ro\/blog\/wp-json\/wp\/v2\/media?parent=16681"}],"wp:term":[{"taxonomy":"category","embeddable":true,"href":"https:\/\/www.marianagurza.ro\/blog\/wp-json\/wp\/v2\/categories?post=16681"},{"taxonomy":"post_tag","embeddable":true,"href":"https:\/\/www.marianagurza.ro\/blog\/wp-json\/wp\/v2\/tags?post=16681"}],"curies":[{"name":"wp","href":"https:\/\/api.w.org\/{rel}","templated":true}]}}