{"id":16691,"date":"2013-12-16T22:16:05","date_gmt":"2013-12-16T22:16:05","guid":{"rendered":"http:\/\/www.marianagurza.ro\/blog\/?p=16691"},"modified":"2013-12-16T22:22:05","modified_gmt":"2013-12-16T22:22:05","slug":"petre-tutea-romanul-grija-mea-a-fost-sa-nu-fac-neamul-romanesc-de-ras-am-suferit-pentru-un-ideal-am-aparat-interesele-romaniei-in-mod-eroic-prin-iubire-si-suferinta","status":"publish","type":"post","link":"https:\/\/www.marianagurza.ro\/blog\/2013\/12\/16\/petre-tutea-romanul-grija-mea-a-fost-sa-nu-fac-neamul-romanesc-de-ras-am-suferit-pentru-un-ideal-am-aparat-interesele-romaniei-in-mod-eroic-prin-iubire-si-suferinta\/","title":{"rendered":"Petre \u0162u\u0163ea, rom\u00e2nul: ,,Grija mea a fost s\u0103 nu fac neamul rom\u00e2nesc de r\u00e2s. Am suferit pentru un ideal. Am ap\u0103rat interesele Rom\u00e2niei \u00een mod eroic. Prin iubire \u0219i suferin\u021b\u0103.&#8221;"},"content":{"rendered":"<p style=\"text-align: center;\"><img loading=\"lazy\" decoding=\"async\" src=\"http:\/\/upload.wikimedia.org\/wikipedia\/ro\/thumb\/7\/75\/Petre_%C8%9Au%C8%9Bea.jpg\/200px-Petre_%C8%9Au%C8%9Bea.jpg\" alt=\"\" width=\"200\" height=\"248\" \/><\/p>\n<p style=\"text-align: justify;\">\u201cEu, cultural, sunt un european, dar <em>fundamentul spiritual e de \u021b\u0103ran din Muscel<\/em>. La \u00eenchisoare, <strong>grija mea a fost s\u0103 nu fac neamul rom\u00e2nesc de r\u00e2s<\/strong>. \u0218i to\u021bi din genera\u021bia mea au sim\u021bit aceast\u0103 grij\u0103. <strong>Dac\u0103 m\u0103 schingiuiau ca s\u0103 m\u0103rturisesc c\u0103 sunt t\u00e2mpit, nu m\u0103 interesa, dar dac\u0103 era ca s\u0103 nu mai fac pe rom\u00e2nul, m\u0103 l\u0103sam schingiuit p\u00e2n\u0103 la moarte.<\/strong> Eu nu \u0219tiu dac\u0103 vom fi aprecia\u021bi pentru ce am f\u0103cut, important este c\u0103 nu am f\u0103cut-o niciodat\u0103 doar declarativ, ci c\u0103 <strong>am suferit pentru un ideal.<\/strong> &#8230;Defini\u021bia mea este: <strong>Petre \u021au\u021bea, rom\u00e2nul. Am ap\u0103rat interesele Rom\u00e2niei \u00een mod eroic<\/strong>, nu diplomatic. <strong>Prin iubire \u0219i suferin\u021b\u0103.<\/strong> \u0218i convingerea mea este c\u0103 <strong>suferin\u021ba r\u0103m\u00eene totu\u0219i cea mai mare dovad\u0103 a dragostei lui Dumnezeu.<\/strong>\u201d<\/p>\n<p style=\"text-align: justify;\"><strong>Petre \u021au\u021bea<\/strong><\/p>\n","protected":false},"excerpt":{"rendered":"<p>\u201cEu, cultural, sunt un european, dar fundamentul spiritual e de \u021b\u0103ran din Muscel. La \u00eenchisoare, grija mea a fost s\u0103 [&#038;hellip<\/p>\n","protected":false},"author":1,"featured_media":0,"comment_status":"closed","ping_status":"closed","sticky":false,"template":"","format":"standard","meta":{"footnotes":""},"categories":[3],"tags":[],"class_list":["post-16691","post","type-post","status-publish","format-standard","hentry","category-articole"],"_links":{"self":[{"href":"https:\/\/www.marianagurza.ro\/blog\/wp-json\/wp\/v2\/posts\/16691","targetHints":{"allow":["GET"]}}],"collection":[{"href":"https:\/\/www.marianagurza.ro\/blog\/wp-json\/wp\/v2\/posts"}],"about":[{"href":"https:\/\/www.marianagurza.ro\/blog\/wp-json\/wp\/v2\/types\/post"}],"author":[{"embeddable":true,"href":"https:\/\/www.marianagurza.ro\/blog\/wp-json\/wp\/v2\/users\/1"}],"replies":[{"embeddable":true,"href":"https:\/\/www.marianagurza.ro\/blog\/wp-json\/wp\/v2\/comments?post=16691"}],"version-history":[{"count":4,"href":"https:\/\/www.marianagurza.ro\/blog\/wp-json\/wp\/v2\/posts\/16691\/revisions"}],"predecessor-version":[{"id":16693,"href":"https:\/\/www.marianagurza.ro\/blog\/wp-json\/wp\/v2\/posts\/16691\/revisions\/16693"}],"wp:attachment":[{"href":"https:\/\/www.marianagurza.ro\/blog\/wp-json\/wp\/v2\/media?parent=16691"}],"wp:term":[{"taxonomy":"category","embeddable":true,"href":"https:\/\/www.marianagurza.ro\/blog\/wp-json\/wp\/v2\/categories?post=16691"},{"taxonomy":"post_tag","embeddable":true,"href":"https:\/\/www.marianagurza.ro\/blog\/wp-json\/wp\/v2\/tags?post=16691"}],"curies":[{"name":"wp","href":"https:\/\/api.w.org\/{rel}","templated":true}]}}