{"id":16696,"date":"2013-12-16T22:41:01","date_gmt":"2013-12-16T22:41:01","guid":{"rendered":"http:\/\/www.marianagurza.ro\/blog\/?p=16696"},"modified":"2013-12-16T22:41:01","modified_gmt":"2013-12-16T22:41:01","slug":"adevarul-despre-dezgroparea-si-reinhumarea-parintelui-gheorghe-calciu-dumitreasa-si-testamentul-sau-catre-fratii-de-la-petru-voda","status":"publish","type":"post","link":"https:\/\/www.marianagurza.ro\/blog\/2013\/12\/16\/adevarul-despre-dezgroparea-si-reinhumarea-parintelui-gheorghe-calciu-dumitreasa-si-testamentul-sau-catre-fratii-de-la-petru-voda\/","title":{"rendered":"&#8220;Adev\u0103rul despre dezgroparea \u0219i re\u00eenhumarea P\u0103rintelui Gheorghe Calciu Dumitreasa \u0219i Testamentul s\u0103u c\u0103tre fra\u021bii de la Petru Vod\u0103&#8221;"},"content":{"rendered":"<div id=\"stcpDiv\">\n<p style=\"text-align: justify;\"><em><strong><a href=\"http:\/\/www.marianagurza.ro\/blog\/wp-content\/uploads\/2013\/12\/Mesagerul-Parintele-Justin-Parintele-Calciu-Decembrie-2013-Petru-Voda.jpg\"><img loading=\"lazy\" decoding=\"async\" class=\"alignleft\" title=\"Mesagerul-Parintele-Justin-Parintele-Calciu-Decembrie-2013-Petru-Voda\" src=\"http:\/\/www.marianagurza.ro\/blog\/wp-content\/uploads\/2013\/12\/Mesagerul-Parintele-Justin-Parintele-Calciu-Decembrie-2013-Petru-Voda-213x300.jpg\" alt=\"\" width=\"213\" height=\"300\" \/><\/a><a href=\"http:\/\/www.ziaristionline.ro\/\" target=\"_blank\">Ziaristi Online: <\/a>,,Reproducem un reportaj edificator al colegilor nostri de la Mesagerul de Neamt, nu inainte de a sublinia ca in spatiul online circula si minciuna ticaloasa ca Parintele Justin ar fi vrut sa-l dezgroape pe Parintele Calciu la sapte ani. Aceasta afirmatie este un neadevar cras, am fost asigurati de catre reprezentanti ai manastirii Petru Voda. Un neadevar din tolba prafuita a agentilor si servitorilor unui grup etnic, personaje planturoase si patapievicioase, obisnuite cu melanjul de adevar si minciuna pentru a triumfa minciuna si tatal ei, adaugam noi. Si acum textul:&#8221;<\/strong><\/em><\/p>\n<p style=\"text-align: justify;\"><strong>A doua prigonire a p\u0103rintelui Calciu<\/strong><\/p>\n<p style=\"text-align: justify;\">Motto:<em> \u201dVai lumii, din pricina smintelilor! C\u0103 smintelile trebuie s\u0103 vin\u0103, dar vai omului aceluia prin care vine sminteala\u201d.<\/em> (Matei 18,7)<\/p>\n<p style=\"text-align: justify;\">\u00cen plin postul Cr\u0103ciunului, c\u00e2nd toat\u0103 lumea e mai preocupat\u0103 de cele cre\u0219tine\u0219ti \u0219i mai aplecat\u0103 cu sufletul spre cele sfinte, o veste a tulburat inimile credincio\u0219ilor: la m\u0103n\u0103stirea Petru Vod\u0103, locul ridicat de P\u0103rintele Iustin, s-a f\u0103cut parastasul de 7 ani pentru p\u0103rintele Calciu Dumitreasa, iar acesta ar fi fost g\u0103sit cu trupul neputrezit. O singur\u0103 televiziune, Antena 3, a dat imagini care p\u0103reau a sus\u021bine \u00eentru totul ideea c\u0103 p\u0103rintele Calciu a fost g\u0103sit cu sfinte moa\u0219te. \u0218tirea a fost rapid preluat\u0103 de ziarele locale, presa na\u021bional\u0103 \u0219i mai ales diver\u0219i rom\u00e2ni cu site-uri \u0219i bloguri aplecate spre mai mult\u0103 sau mai pu\u021bin\u0103 spiritualitate. Evident, au ap\u0103rut elemente noi. C\u0103 ob\u0219tea de la Petru Vod\u0103 ar fi cerut in corpore canonizarea p\u0103rintelui Calciu, c\u0103 este puhoi de lume care vine \u0219i cere acela\u0219i lucru \u0219i c\u0103, per ansamblu, \u00eentr-o vreme \u00een care rom\u00e2nilor le-au r\u0103mas prea pu\u021bini st\u00e2lpi de sus\u021binere, p\u0103rintele Calciu ar putea face mai multe pentru ei dac\u0103 ar fi declarat sf\u00e2nt. La orizont se prefigureaz\u0103 o isterie cresc\u00e2nd\u0103, abil \u00eentre\u021binut\u0103, care angreneaz\u0103 tot mai multe inimi (\u0219i mai pu\u021bine min\u021bi), de\u0219i nimeni nu pare s\u0103 fi considerat necesar s\u0103 mearg\u0103 p\u00e2n\u0103 la Petru Vod\u0103. M\u0103car s\u0103 vad\u0103. Noi am fost. Ce am v\u0103zut, ce am aflat, e cutremur\u0103tor.<\/p>\n<p style=\"text-align: justify;\"><strong>* P\u0103rintele Calciu Dumitreasa<\/strong><\/p>\n<p style=\"text-align: justify;\">A fost unul dintre cei prigoni\u021bi de regimul comunist, dar care s-a statornicit \u00een credin\u021ba sa \u00een Hristos \u0219i \u00een ideea na\u021bional\u0103. A petrecut peste 21 de ani \u00een cele mai crunte din temni\u021bele comuniste (1948-1964 \u0219i 1979-1984), trec\u00e2nd \u0219i prin iadul reeduc\u0103rii, de la Pite\u0219ti \u0219i Aiud.<\/p>\n<p style=\"text-align: justify;\">\u00cen 1963, a fost eliberat din \u00eenchisoare, cu domiciliu for\u021bat \u00een B\u0103r\u0103gan, apoi a fost eliberat, \u00een 1964, dup\u0103 amnistia general\u0103. A urmat Filologia \u0219i Teologia, fiind \u00eenvestit cu harul preo\u021biei \u0219i ajunge profesor la Seminarul Teologic Ortodox din Bucure\u0219ti. Este arestat pentru a doua oar\u0103 \u00een 1979, judecat \u0219i condamnat abuziv la mai mult de 10 ani \u00eenchisoare \u0219i confiscarea averii. Arestarea a determinat un val de proteste din partea intelectualilor rom\u00e2ni afla\u021bi \u00een str\u0103in\u0103tate: Mircea Eliade, Virgil Ierunca, Eugen Ionescu, Monica Lovinescu, Paul Goma. A trecut prin sec\u021bia de psihiatrie a penitenciarului Jilava, apoi a fost dus la penitenciarul Aiud, unde mare parte din deten\u021bie a petrecut-o \u00een izolare. Dup\u0103 5 ani \u0219i jum\u0103tate, \u00een 20 august 1984, este eliberat, ca urmare a presiunilor interna\u021bionale venite din partea liderilor lumii, cum ar fi Margaret Thatcher, Ronald Reagan, Papa Ioan Paul al II-lea. Contrar voin\u021bei sale, \u00een anul 1985 este obligat s\u0103 p\u0103r\u0103seasc\u0103 \u021bara \u00eempreun\u0103 cu familia \u0219i se stabile\u0219te \u00een Statele Unite, unde prime\u0219te cet\u0103\u021benia de onoare. Aici \u0219i-a continuat lupta \u00een numele lui Dumnezeu \u0219i eforturile pentru ap\u0103rarea intereselor rom\u00e2nilor, fiind primit la Casa Alb\u0103 de 2 pre\u0219edin\u021bi \u2013 Ronald Reagan \u0219i George W. Bush.<\/p>\n<p style=\"text-align: justify;\">A trecut la Domnul \u00een Statele Unite, \u00een ziua de 21 noiembrie 2006. Conform dorin\u021bei sale, este \u00eenmorm\u00e2ntat \u00een \u021bara pe care a iubit-o at\u00e2t de mult, \u00een cimitirul M\u0103n\u0103stirii Petru Vod\u0103:<\/p>\n<p style=\"text-align: justify;\">\u201dMai \u00eent\u00e2i, s\u0103 \u0219ti\u021bi c\u0103 P\u0103rintele Stare\u021b al M\u0103n\u0103stirii Petru-Vod\u0103, Arhimandritul Iustin P\u00e2rvu, ne-a acordat \u00een cimitirul m\u0103n\u0103stirii dou\u0103 gropi al\u0103turate, pentru ca, a\u0219a cum am tr\u0103it \u00een via\u021b\u0103, s\u0103 fiu \u0219i-n moarte cu so\u021bia mea Adriana, care m-a ajutat \u00een \u00eemprejur\u0103rile grele, cu un curaj pe care \u00eenainte de aceste \u00eemprejur\u0103ri nici nu i l-am b\u0103nuit. La c\u0103p\u0103t\u00e2i va fi o singur\u0103 cruce de piatr\u0103, pe care vor fi scrise numele noastre, data na\u0219terii \u0219i a decesului \u0219i un \u00eendemn c\u0103tre cei care ne vor vizita morm\u00e2ntul, s\u0103 se roage pentru noi.<\/p>\n<p style=\"text-align: justify;\">Conform legilor americane, trupul meu va fi depus \u00eentr-o cas\u0103 mortuar\u0103, care va \u00eendeplini procedurile prev\u0103zute pentru un trup care va fi transportat \u00een Rom\u00e2nia. Dup\u0103 sp\u0103larea profesional\u0103 f\u0103cut\u0103 de casa mortuar\u0103, ruga\u021bi un preot ortodox s\u0103 spele trupul cu vin \u0219i untdelemn, rostind rug\u0103ciunile de cuviin\u021b\u0103 \u0219i miruindu-m\u0103 pe tot trupul. Apoi, s\u0103 m\u0103 \u00eembrace cu straiele preo\u021be\u0219ti \u0219i pe piept s\u0103-mi pun\u0103 icoana Maicii Domnului, cea sculptat\u0103 \u00een os \u0219i fixat\u0103 \u00eentr-un cadru de lemn, pe care mi-a d\u0103ruit-o \u00een spital Prea Fericitul Patriarh Teoctist al Rom\u00e2niei, care mi-a dat \u0219i binecuv\u00e2ntare pentru asta. \u00cen m\u00e2na dreapt\u0103 s\u0103-mi pun\u0103 sf\u00e2nta cruce \u0219i metaniile primite de la M\u0103n\u0103stirea Diacone\u0219ti, care vor merge cu mine \u00een morm\u00e2nt\u201d (P\u0103rintele Calciu, 12 noiembrie 2006, Spitalul Militar Bucure\u0219ti).<\/p>\n<p style=\"text-align: justify;\"><strong>* Testamentul<\/strong><\/p>\n<p style=\"text-align: justify;\">Ca \u0219i c\u00e2nd ar fi \u0219tiut ce se va \u00eent\u00e2mpla peste ani, p\u0103rintele Calciu a l\u0103sat un testament, cu lucruri clare \u0219i deloc interpretabile:<\/p>\n<p style=\"text-align: justify;\">\u201d\u0218tiu c\u0103 \u00eenmorm\u00e2ntarea mea va fi \u00eenconjurat\u0103 de o anumit\u0103 v\u00e2lv\u0103, pe care n-o merit \u00een moarte, precum n-am meritat-o nici \u00een via\u021b\u0103. Oameni vor vorbi, vor crea legende, dar Dumnezeu va deosebi adev\u0103rul de legend\u0103 \u0219i m\u0103 va ar\u0103ta a\u0219a cum am fost, ca un p\u0103c\u0103tos \u0219i nevrednic. (\u2026) Am vorbit mai sus despre acel duh de pietate popular\u0103 care poate gre\u0219i, poate crea false minuni. De aceea V\u0103 rog, Prea Cuvioase P\u0103rinte stare\u021b, s\u0103 g\u0103si\u021bi o cale prin care s\u0103 \u00eempiedica\u021bi asemenea lucruri: fie c\u0103 ve\u021bi l\u0103sa la m\u0103n\u0103stire un document, fie c\u0103 ve\u021bi pune acest document \u00een sicriul meu. Diavolul s-ar putea folosi de aceast\u0103 mitologie popular\u0103 spre a \u00eempiedica putrezirea trupului meu \u0219i atunci ar putea fi r\u0103t\u0103cirea din urm\u0103 mai mare ca cea dint\u00e2i.<\/p>\n<p style=\"text-align: justify;\">Dac\u0103 peste ani, din anumite nevoi de construc\u021bie sau din alte cauze, trupul meu va fi dezgropat \u0219i, spre uimirea multora, va fi neputrezit, preo\u021bii s\u0103 citeasc\u0103 peste el rug\u0103ciuni de desfacere a blestemului, ca trupul s\u0103 se risipeasc\u0103 \u00een cele din care a fost alc\u0103tuit, c\u0103 nu de la Dumnezeu se va fi f\u0103cut minunea aceasta, ci din \u00een\u0219elarea celui r\u0103u. S\u0103 fie lega\u021bi preo\u021bii care m-au v\u0103zut s\u0103 nu vorbeasc\u0103 niciodat\u0103 despre aceast\u0103 minune fals\u0103 \u0219i trupul pus \u00eentr-o alt\u0103 groap\u0103 spre a fi uitat pentru totdeauna.\u201d (Preot Gheorghe Calciu,<strong> <\/strong>28 octombrie 2006, Spitalul Militar Bucure\u0219ti, cit. <em>Via\u021ba P\u0103rintelui Gheorghe Calciu, Ed. Chistiana, Bucure\u0219ti, 2007)<\/em><\/p>\n<p style=\"text-align: justify;\">\u00cen fa\u021ba acestui testament, nu prea mai e loc de comentarii sau interpret\u0103ri. Totu\u0219i, la Petru Vod\u0103, trei-patru c\u0103lug\u0103ri s-au erijat \u00een interpre\u021bi, inspira\u021bi din exterior, de divinitate sau nu. Conduc\u0103torul lor pare a fi p\u0103rintele Teodot, cel care \u0219i recunoa\u0219te c\u0103 ini\u021biativa de a-l dezgropa pe p\u0103rintele Calciu i-a apar\u021binut. Pe p\u0103rintele Teodot l-am g\u0103sit \u00een chilia p\u0103rintelui Iustin, \u00een camera din spate, veghind trupul p\u0103rintelui Calciu \u0219i usc\u00e2ndu-l cu aeroterma.<\/p>\n<p style=\"text-align: justify;\"><strong>* Parastas la un morm\u00e2nt gol<\/strong><\/p>\n<p style=\"text-align: justify;\">P\u0103rintele Teodot e dornic s\u0103 vorbeasc\u0103 \u0219i s\u0103 justifice ce s-a f\u0103cut, chiar dac\u0103 asta \u00eenseamn\u0103 s\u0103 amestece propria-i voin\u021b\u0103 cu \u00eenv\u0103\u021b\u0103mintele p\u0103rintelui Calciu, ale p\u0103rintelui Iustin ori chiar lucrarea Sf\u00e2ntului Duh. Poveste\u0219te, oricui vrea s\u0103-l asculte, iar povestea e stupefiant\u0103.<\/p>\n<p style=\"text-align: justify;\">\u0218i a \u00eenceput cu \u201dM-am dus la morm\u00e2ntul p\u0103rintelui Calciu, cu care am avut o leg\u0103tur\u0103 deosebit\u0103. C\u00e2nd am fost c\u0103lug\u0103rit, p\u0103rintele Calciu era aici \u0219i a \u021binut predic\u0103. Eu am partea orizontal\u0103 a Crucii p\u0103rintelui Calciu la mine \u00een chilie. Acea parte \u00eenseamn\u0103 iubirea de oameni. Am mers la morm\u00e2ntul p\u0103rintelui Calciu \u0219i i-am spus: \u00abP\u0103rinte, eu nu vreau s\u0103 te sup\u0103r, pentru c\u0103 \u0219tiu c\u0103 e\u0219ti sf\u00e2nt. Dac\u0103 tu vrei s\u0103 fii dezgropat, de-ne nou\u0103 \u00eencredin\u021bare\u00bb, \u0219i mi-a zis: \u00abCu toat\u0103 bucuria!\u00bb\u201d<\/p>\n<p style=\"text-align: justify;\">A urmat o revela\u021bie pe care p\u0103rintele Teodot a sim\u021bit-o ca pe \u201do putere deosebit\u0103\u201d \u00eentr-o noapte de s\u00e2mb\u0103t\u0103, dar nu s-a putut duce s\u0103 dezgroape trupul p\u0103rintelui Calciu c\u0103 n-a venit \u201dcineva\u201d cu uneltele. \u0218i-a am\u00e2nat-o pentru mar\u021bi, mai ales c\u0103 \u201dLuni i-am spus p\u0103rintelui stare\u021b ce am de g\u00e2nd, el mi-a spus c\u0103 oficial nu dezgroap\u0103 pe nimeni, dar fac\u0103-se voia Domnului\u201d.<\/p>\n<p style=\"text-align: justify;\">\u201dMar\u021bi am \u00eenceput s\u0103-l dezgrop, ziua \u00een amiaza mare. Am reu\u0219it s\u0103 ajung p\u00e2n\u0103 la podul de lemn de deasupra sicriului, iar c\u00e2nd am ajuns aici am fost \u00eempiedicat. A venit cineva \u0219i m-a luat de acolo, m-a \u00een\u0219elat c\u0103 m\u0103 duce nu \u0219tiu unde \u0219i p\u00e2n\u0103 la urm\u0103 nu am mai continuat dezgrop\u0103mintea. Al\u021bii au fost pu\u0219i s\u0103 toarne p\u0103m\u00e2nt \u00eenapoi, s\u0103-l \u00eengroape la loc. Cineva ne-a acuzat c\u0103 ne juc\u0103m cu Dumnezeu \u0219i cu sfin\u021bii\u201d.<\/p>\n<p style=\"text-align: justify;\">Mar\u021bi era 11 noiembrie, am\u0103nunt important de precizat. Teodot nu spune c\u0103 s-ar fi f\u0103cut vreo slujb\u0103 cre\u0219tineasc\u0103 la momentul dezgrop\u0103rii, dar zice c\u0103 a postit el dou\u0103 zile jum\u2019ate. Dup\u0103 care a c\u0103utat pe internet predicile p\u0103rintelui Calciu \u0219i din prima oferit\u0103 de Google a ales \u00eendemnul de care avea nevoie mai departe: \u201dAceasta a fost una din \u00eencredin\u021b\u0103rile prin care noi am avut puterea s\u0103 purcedem \u00een noaptea de joi spre vineri (14 spre 15 noiembrie)\u2026 Aceasta a fost lucrarea Duhului Sf\u00e2nt, dar pe noi nu ne crede nimeni\u201d.<\/p>\n<p style=\"text-align: justify;\">Pe 16 decembrie, un sobor de preo\u021bi a oficiat parastasul p\u0103rintelui Calciu, la morm\u00e2ntul din cimitirul de la Petru Vod\u0103. Morm\u00e2nt gol, dup\u0103 cum spune chiar Teodot: \u201eNoi l-am scos \u00eenainte de slujba de parastas, el era aici \u00eenainte de slujb\u0103, scos de noi. Acolo am l\u0103sat c\u00e2teva oase\u2026\u201d<\/p>\n<p style=\"text-align: justify;\">Cum s-a f\u0103cut parastas dac\u0103 nu mai era trupul acolo, cum au f\u0103cut preo\u021bii slujba dac\u0103 \u0219tiau c\u0103 morm\u00e2ntul e gol \u2013 sau, poate, nu \u0219tiau -, cum au putut fi l\u0103sate ni\u0219te oase acolo dac\u0103 trupul era \u00eentreg, acestea \u0219i multe altele sunt \u00eentreb\u0103ri la care nu avem deocamdat\u0103 r\u0103spunsuri.<\/p>\n<p style=\"text-align: justify;\"><strong>* Mitropolitul \u0219i stare\u021bul Hariton\u2026 Fac\u0103-se voia Domnului<\/strong><\/p>\n<p style=\"text-align: justify;\">Cu greutatea \u0219i importan\u021ba pe care i-o asigur\u0103 statutul de p\u0103str\u0103tor al cheilor de la chilia P\u0103rintelui Iustin, p\u0103rintele Teodot este acum gardianul trupului p\u0103rintelui Calciu. Nu d\u0103 cheile nim\u0103nui \u0219i, cu excep\u021bia lui \u0219i-a celor trei companioni, to\u021bi c\u0103lug\u0103rii de la Petru Vod\u0103 sunt \u201dturba\u021bi de diavol\u201d. \u201dAu vrut s\u0103-l \u00eengroape la loc. Au venit la mine \u0219i au vrut s\u0103 \u00eemi ia cheia cu for\u021ba, m-au amenin\u021bat c\u0103 vor sparge u\u0219ile. (\u2026) Eu atunci am zis c\u0103 ar fi cel mai bine s\u0103 vin\u0103 mitropolitul, ca s\u0103 decid\u0103 ce s\u0103 facem. Numai a\u0219a i-am putut lini\u0219ti. C\u00e2nd a venit mitropolitul, a ascultat ce a avut de spus fiecare dintre noi \u0219i a spus c\u0103 p\u0103rerea lui este s\u0103-l \u00eengrop\u0103m \u00eenapoi \u0219i s\u0103 punem \u00een biseric\u0103 cele c\u00e2teva oseminte care ne-au r\u0103mas. Tot atunci, ne-a spus c\u0103 nu ne oblig\u0103 s\u0103 facem asta, c\u0103 n-o s\u0103 vin\u0103 cu jandarmii s\u0103 ne oblige, ci c\u0103 e strict p\u0103rerea lui\u201d.<\/p>\n<p style=\"text-align: justify;\">P\u0103rintele stare\u021b Hariton Negrea a p\u0103rut cel pu\u021bin la fel de neimplicat \u00een aceast\u0103 chestiune, parc\u0103 l\u0103s\u00e2nd lucrurile s\u0103 curg\u0103 de la sine: \u201dNu putem avea o pozi\u021bie oficial\u0103, pentru c\u0103 avem o problem\u0103 \u00een acest moment cu fiul p\u0103rintelui Calciu, care vrea s\u0103 dea \u00een judecat\u0103 m\u0103n\u0103stirea \u0219i s\u0103 cear\u0103 multe zeci de mii de dolari\u201d. \u00cen\u021belegem c\u0103 ar fi o consecin\u021b\u0103 a dezgrop\u0103rii trupului f\u0103r\u0103 acordul familiei. \u00centrebat de ac\u021biunea grupului lui Teodot, p\u0103rintele stare\u021b a fost evaziv: \u201dS-au gr\u0103bit, lucrurile nu se fac a\u0219a\u201d. Am insistat s\u0103 afl\u0103m de ce Teodot are cheile \u0219i se comport\u0103 ca \u0219i cum ar fi el, singur, st\u0103p\u00e2n peste acea parte din m\u0103n\u0103stire. P\u0103rintele stare\u021b a dat un r\u0103spuns \u00eemp\u0103ciuitor, dar care nu se leag\u0103 cu regulile de ascultare dintr-o m\u0103n\u0103stire: \u201dEu sunt venit de pu\u021bin timp. Am g\u0103sit aici ni\u0219te lucruri \u0219i nu le pot schimba dintr-o dat\u0103\u201d. Noi, de aici, \u00een\u021belegem c\u0103, dat\u0103 fiind perioada scurt\u0103 de c\u00e2nd p\u0103rintele Hariton este stare\u021b, nu-\u0219i permite s\u0103 intre \u00eentru totul \u00een atribu\u021biunile func\u021biei.<\/p>\n<p style=\"text-align: justify;\">Lipsa de fermitate \u00een acest caz, de la nivelul stare\u021bului p\u00e2n\u0103 la \u00cePS Teofan, nu face \u00eens\u0103 dec\u00e2t s\u0103-i dea p\u0103rintelui Teodot impresia c\u0103 are perfect\u0103 dreptate \u0219i justificare \u00een ceea ce a f\u0103cut \u0219i face.<\/p>\n<p style=\"text-align: justify;\">\u201dEu nu voi face niciodat\u0103 acest lucru, nu voi da cheia unor persoane care sunt \u00een ispit\u0103, \u00een boal\u0103 demonic\u0103. Ei sunt \u00eenfrico\u0219a\u021bi de lege, nu au \u00eencredere \u00een sf\u00e2ntul. (\u2026) \u00cen afar\u0103 de o parte din ob\u0219tea de aici, c\u0103zut\u0103 \u00een ispit\u0103, aflarea moa\u0219telor este motiv de mare bucurie. \u00cen prezen\u021ba mitropolitului, un preot bolnav, p\u0103rintele Luca, ar fi cerut alungarea din ob\u0219te a celor care au dezgropat sfintele moa\u0219te. A spus c\u0103 este cea mai mare f\u0103r\u0103delege \u0219i neascultare, c\u0103 fiecare a f\u0103cut ce a vrut. Dac\u0103 ar fi fost un blestem, s-ar fi \u00eent\u00e2mplat ceva, dar moa\u0219tele au r\u0103mas intacte\u201d.<\/p>\n<p style=\"text-align: justify;\"><strong>\u00a0* Promisiunea Mitropoliei: \u201dlucrurile se vor a\u0219eza \u00eentr-un firesc\u201d<\/strong><\/p>\n<p style=\"text-align: justify;\">Am luat leg\u0103tura, mar\u021bi, 10 decembrie, cu Mitropolia Moldovei \u0219i Bucovinei, pentru a afla pozi\u021bia oficial\u0103 asupra situa\u021biei de la Petru Vod\u0103 \u0219i, mai ales, asupra perspectivelor care se \u00eentrev\u0103d, dat fiind c\u0103 trupul p\u0103rintelui Calciu odihne\u0219te acum pe un pat de sc\u00e2nduri, la c\u0103ldura unei aeroterme, \u0219i i se aduc al\u0103turi vizitatori care s\u0103-l cinsteasc\u0103 \u0219i s\u0103-l s\u0103rute ca pe moa\u0219te. P\u0103rintele Constantin Sturzu, purt\u0103torul de cuv\u00e2nt al MMB, ne-a explicat c\u0103<\/p>\n<p style=\"text-align: justify;\">\u201d\u00cen general, Biserica Ortodox\u0103 nu se gr\u0103be\u0219te cu canonizarea, acest lucru se \u00eent\u00e2mpl\u0103 la mult\u0103 vreme dup\u0103 trecerea \u00een cele ve\u0219nice. Au fost mul\u021bi sfin\u021bi canoniza\u021bi dup\u0103 foarte mul\u021bi ani. De exemplu, Sf. \u0218tefan cel Mare a fost t\u00e2rziu canonizat, de\u0219i \u00een evlavia poporului exista ca sf\u00e2nt. Nu e nicio grab\u0103, nu e \u00een duhul Bisericii s\u0103 gr\u0103beasc\u0103 lucrurile atunci c\u00e2nd vorbim de canonizare\u201d.<\/p>\n<p style=\"text-align: justify;\">\u00centrebat dac\u0103, totu\u0219i, pe parcursul acestui proces \u00eendelungat, r\u0103m\u0103\u0219i\u021bele n-ar trebui \u00eengropate, m\u0103car p\u00e2n\u0103 la decizia final\u0103, p\u0103rintele Sturzu a r\u0103spuns clar: \u201dAr trebui \u00eengropate. Bine, acum, depinde, de la caz la caz\u201d.<\/p>\n<p style=\"text-align: justify;\">Strict \u00een cazul trupului p\u0103rintelui Calciu Dumitreasa, p\u0103rintele Constantin Sturzu a fost limpede: \u201dCum n-a fost \u00eengropat la loc?! \u0218tiam c\u0103 a fost \u00eengropat\u201d.<\/p>\n<p style=\"text-align: justify;\">Dup\u0103 ce i-am spus p\u0103rintelui ce \u0219tim noi \u2013 c\u0103 trupului p\u0103rintelui Calciu nu numai c\u0103 n-a fost pus \u00eenapoi \u00een \u021b\u0103rn\u0103, ci este \u021binut \u00een chilia p\u0103rintelui Iustin \u0219i este ar\u0103tat tuturor pelerinilor care ajung la Petru Vod\u0103, pentru ca ace\u0219tia s\u0103 se \u00eenchine la el ca la sfinte moa\u0219te -, pr. Constantin Sturzu a cerut un r\u0103gaz. A revenit apoi, la scurt timp:<\/p>\n<p style=\"text-align: justify;\">\u201d\u00centr-adev\u0103r, lucrurile stau a\u0219a cum le-a\u021bi spus dvs. Am \u00een\u021beles c\u0103 la nivelul Mitropoliei se \u0219tie acest lucru. Ce pot eu s\u0103 v\u0103 spun este c\u0103 \u00een acest moment lucrurile se analizeaz\u0103 din mai multe puncte de vedere. \u0218i legale, \u0219i canonice, chiar testamentare, pentru c\u0103 p\u0103rintele Calciu a l\u0103sat clar c\u0103 nu vrea s\u0103 fie dezgropat, iar asta va c\u00e2nt\u0103ri foarte mult \u00een analiz\u0103. Avem \u00eencredere \u0219i \u00een maturitatea ob\u0219tii \u0219i credem c\u0103 lucrurile se vor a\u0219eza \u00eentr-un firesc al lor. \u00cen c\u00e2teva zile, nu mai mult\u201d.<\/p>\n<p style=\"text-align: justify;\"><em>* \u201dPrigoane, pu\u0219c\u0103rii, lag\u0103re, temni\u021be, izol\u0103ri, \u00eenfomet\u0103ri, schingiuiri, umiliri, astea le-am trecut \u0219i noi. Nu mai sunt at\u00e2t de grozave. Dar prin ce ve\u021bi trece voi, aceasta nu a mai fost de la \u00eenceputul lumii p\u00e2n\u0103 azi\u201d<\/em> \u2013 P\u0103rintele Iustin.<\/p>\n<p style=\"text-align: justify;\"><strong>* \u00cendemn la cump\u0103tare<\/strong><\/p>\n<p style=\"text-align: justify;\">\u00cen fa\u021ba pozi\u021biei \u00eenc\u0103 ambigue a oficialilor Bisericii Ortodoxe \u0219i a determin\u0103rii p\u0103rintelui Teodot, ne vedem obliga\u021bi s\u0103 facem acest \u00eendemn la cump\u0103tare. Departe de noi g\u00e2ndul de a ne \u00eendoi de harul p\u0103rintelui Calciu. Ba, dimpotriv\u0103, Bunul Dumnezeu s\u0103-l r\u0103spl\u0103teasc\u0103 pentru toate eforturile f\u0103cute \u00een slujba M\u00e2ntuitorului Iisus Hristos, dup\u0103 c\u00e2t de mult a iubit \u0219i a slujit Rom\u00e2nia, Biserica Cre\u0219tin\u0103 Ortodox\u0103 \u0219i crea\u021bia lui Dumnezeu!<\/p>\n<p style=\"text-align: justify;\">Trebuie totu\u0219i s\u0103 \u021binem cont de chiar testamentul s\u0103u, de faptul c\u0103 a murit \u00een \u021bar\u0103 str\u0103in\u0103 \u0219i a fost primenit dup\u0103 obiceiuri str\u0103ine, pentru un transport care a durat 2 s\u0103pt\u0103m\u00e2ni. P\u0103rintele Teodot spunea c\u0103, atunci c\u00e2nd l-au dezgropat, p\u0103rintele Calciu era \u201dp\u00e2n\u0103 la br\u00e2u \u00eentr-un sac de nylon \u0219i tot ce era \u00een sac s-a p\u0103strat, \u00een ciuda umezelii din jur\u201d. Din cauza umezelii a pus el aeroterma. Un preot din Bac\u0103u, venit s\u0103 vad\u0103 cu ochii lui realitatea, a exclamat: \u201dBine, p\u0103rinte, dar dac\u0103 sunt sfinte moa\u0219te n-au nevoie s\u0103 fie uscate cu aeroterma!\u201d<\/p>\n<p style=\"text-align: justify;\">Exist\u0103 un lucru care ar trebui s\u0103 ne fac\u0103 \u0219i mai cump\u0103ta\u021bi: un martir al luptei anticomuniste, umilit, b\u0103tut, batjocorit \u00een \u00eenchisori, are, de aproape o lun\u0103 de zile, trupul deshumat \u0219i expus agresiunilor de oriunde \u0219i de tot felul. Ori tocmai asta a cerut s\u0103 nu i se fac\u0103.<\/p>\n<p style=\"text-align: justify;\"><strong>\u00centrebarea e qui prodest?<\/strong><\/p>\n<p style=\"text-align: justify;\">Ultima or\u0103: Ieri, miercuri, 11 decembrie, p\u0103rintele Constantin Sturzu de la Mitropolia Moldovei \u0219i Bucovinei ne-a declarat, pe la pr\u00e2nz, c\u0103 \u201dSuntem \u00een aceea\u0219i etap\u0103, dar lucrurile urmeaz\u0103 s\u0103 se rezolve, nu mai dureaz\u0103 mult\u201d. Tot cam pe atunci, dinspre Petru Vod\u0103 a venit \u0219i vestea c\u0103 p\u0103rintele Calciu Dumitreasa a fost re\u00eenhumat, iar c\u0103lug\u0103rii care l-au tulburat \u00een odihna sa au fost trimi\u0219i spre alte locuri.<\/p>\n<p style=\"text-align: justify;\">* \u201d<strong>\u00cen <a href=\"http:\/\/roncea.ro\/2013\/11\/21\/scrisoarea-testament-a-parintelui-gheorghe-calciu-catre-fratii-de-la-petru-voda-azi-7-ani-fara-parintele-gheorghe-patimitorul-maine-6-ani-cu-parintele-ioanichie-luptatorul-la-cer-video-cu-parinte\/\">testamentul p\u0103rintelui<\/a> scrie c\u0103 dac\u0103 va fi dezgropat \u0219i g\u0103sit \u00eentreg, s\u0103 fie \u00eengropat nu \u0219tiu unde, iar cei care \u00eel \u00eengroap\u0103 s\u0103 fie \u00ablega\u021bi\u00bb, a\u0219a \u00eenc\u00e2t s\u0103 nu \u0219tie nimeni niciodat\u0103 unde a fost pus. Asta e smerenia lui, noi nu putem s\u0103 facem a\u0219a ceva ad-literam. Noi trebuie s\u0103 \u00een\u021belegem \u00een duh testamentul<\/strong>\u201d \u2013 interpretarea lui Teodot a testamentului p\u0103rintelui Calciu.<\/p>\n<div style=\"text-align: justify;\">\n<div><strong>Moa\u0219tele sfin\u021bilor \u0219i puterea lor<\/strong><\/div>\n<div>\n<p>\u00cen 2006, \u00eentr-un interviu acordat Formula As, p\u0103rintele Calciu Dumitreasa atingea tocmai subiectul moa\u0219telor.\u201dMoa\u0219tele sunt corpuri neputrezite ale sfin\u021bilor. Aici e o \u00eentreag\u0103 teorie despre neputrezirea trupurilor. Dumnezeu \u00eenzestreaz\u0103 cu un anumit dar, chiar \u0219i dup\u0103 moarte, persoanele care au o via\u021b\u0103 spiritual\u0103 \u00eenalt\u0103. Dar nu insist \u00een privin\u021ba aceasta. Vreau doar s\u0103 spun c\u0103 exist\u0103 o rela\u021bie str\u00e2ns\u0103 \u00eentre sufletul sf\u00e2ntului \u0219i moa\u0219tele pe care le vener\u0103m. Este bine s\u0103 le cinstim. Ne\u00eendoios c\u0103 aceast\u0103 sete de venera\u021bie a moa\u0219telor \u021bine \u0219i de o anumit\u0103 rela\u021bie care se stabile\u0219te \u00eentre credinciosul care se roag\u0103 sf\u00e2ntului \u0219i sf\u00e2ntul respectiv. Sunt convins c\u0103 fiecare credincios \u00ee\u0219i d\u0103 seama c\u0103 nu moa\u0219tele \u00een sine aduc vindec\u0103ri, sau consol\u0103ri, ori sc\u0103p\u0103ri de necazuri, ci sf\u00e2ntul, prin harul pe care Dumnezeu i l-a dat, poate s\u0103 opereze prin acele particele de moa\u0219te. Dac\u0103 exist\u0103 persoane care cred c\u0103 moa\u0219tele fac bine, nu Dumnezeu \u00censu\u0219i, \u00eenseamn\u0103 c\u0103 au c\u0103zut \u00eentr-un exces, foarte aproape de idolatrie. (\u2026) Am constatat c\u0103, indiferent dac\u0103 e\u0219ti credincios sau ateu, nevoia de miracol este la fel de mare. \u00cen Occident, vr\u0103jitoarele \u0219i ghicitoarele sunt la mare c\u0103utare. Este o r\u0103t\u0103cire pentru noi, oamenii, n\u0103scocit\u0103 de diavol, pentru a satisface setea noastr\u0103 de miracol. Probabil c\u0103 \u0219i aici, \u00een \u021bar\u0103, sunt oameni care merg la moa\u0219te, dar \u0219i la vr\u0103jitoare. Este un amestec ne\u00eeng\u0103duit. (\u2026)<\/p>\n<p>Oamenii cred c\u0103 la s\u0103rb\u0103tori puterea sf\u00e2ntului cre\u0219te. \u0218i cred c\u0103 au dreptate. Important este \u00eens\u0103 ca oamenii s\u0103 nu-\u0219i fac\u0103 idol. S\u0103 nu uite c\u0103 dincolo de moa\u0219te este Sf\u00e2ntul \u0219i, mai ales, este Dumnezeu, care \u00eei d\u0103 putere sf\u00e2ntului \u0219i care face ca minunea s\u0103 se realizeze. Se \u0219tie c\u0103 acolo unde credin\u021ba se bazeaz\u0103 exclusiv pe minuni, nu este credin\u021b\u0103 tare.<\/p>\n<p>&#8211; Cum realiz\u0103m c\u0103 suntem dinaintea unor moa\u0219te?<\/p>\n<p>&#8211; Moa\u0219tele sunt consacrate de Biseric\u0103, asta e garan\u021bia. Vindec\u0103rile sau \u00eentoarcerea la credin\u021b\u0103 sunt consecin\u021be ale acestui fapt, c\u0103 moa\u0219tele sunt consacrate de Biseric\u0103. (\u2026) Sunt moa\u0219te dac\u0103 sunt \u00eemplinite toate canoanele \u0219i fac minuni. \u00cens\u0103 constatarea Bisericii este important\u0103 \u0219i ea vine prudent\u0103, dup\u0103 ce se verific\u0103 toate semnele. Nu e r\u0103u c\u0103 se \u00eent\u00e2mpl\u0103 astfel.<\/p>\n<p>&#8211; Nu exist\u0103 pericolul s\u0103 se fac\u0103 un comer\u021b cu moa\u0219te?<\/p>\n<p>&#8211; Ei, \u0219i sfin\u021bii sunt supu\u0219i unui risc, unor obiceiuri ale noastre\u2026 (z\u00e2mbe\u0219te). Eu m\u0103 g\u00e2ndesc c\u0103 poate sf\u00e2ntul s-a rugat la Dumnezeu s\u0103 ajung\u0103, chiar \u0219i cump\u0103rat pe buc\u0103\u021bele, \u00een anumite locuri unde oamenii au mai mult\u0103 nevoie de el. (\u2026) Dar toate bisericile sunt pline de har, iar Dumnezeu este pretutindeni, nu numai unde sunt moa\u0219te. Nu to\u021bi sfin\u021bii devin moa\u0219te. Dumnezeu lucreaz\u0103 prin diverse haruri pe care le pune \u00een anumi\u021bi oameni. Moa\u0219tele sunt numai un fel de manifestare a divinit\u0103\u021bii. (\u2026) Cre\u0219tinul nu trebuie s\u0103 se limiteze la rug\u0103ciunea dinaintea moa\u0219telor ori chiar la rug\u0103ciunea c\u0103tre sf\u00e2ntul invocat. Cre\u0219tinul s\u0103 fie con\u0219tient c\u0103 Dumnezeu \u00censu\u0219i lucreaz\u0103 prin sfin\u021bi \u0219i r\u0103spunde rug\u0103ciunilor f\u0103cute la icoane sau la moa\u0219te. Altminteri, va fi foarte aproape de idolatrie. Pericolul e foarte mare, mai ales pentru oamenii care sunt ad\u00e2nc credincio\u0219i, dar nu au o baz\u0103 a \u00een\u021belegerii lui Dumnezeu. (sursa: Formula As)<\/p>\n<\/div>\n<\/div>\n<p style=\"text-align: justify;\"><strong>Dana OSTAHIE<\/strong><br \/>\n<strong> Valentin B\u0102L\u0102NESCU<\/strong><\/p>\n<p style=\"text-align: justify;\"><em>Publicat la 12 Dec 2013<\/em><\/p>\n<p style=\"text-align: justify;\"><strong><a href=\"http:\/\/mesagerulneamt.ro\/2013\/12\/a-doua-prigonire-a-parintelui-calciu\/\">Mesagerul de Neamt<\/a> via <a href=\"http:\/\/www.ziaristionline.ro\/2013\/12\/16\/adevarul-despre-dezgroparea-si-reinhumarea-parintelui-gheorghe-calciu-dumitreasa\/\">Ziaristi Online<\/a><\/strong><\/p>\n<\/div>\n<div>\n<div id=\"stcpDiv\" style=\"text-align: justify;\">\n<p>Cititi <strong>Testamentul Parintelui<\/strong> la <strong>Marturisitorii: <a href=\"http:\/\/www.marturisitorii.ro\/2013\/12\/07\/parintele-gheorghe-calciu-dumitreasa-sau-despre-curajul-de-a-marturisi\/\" rel=\"bookmark\">P\u0103rintele Gheorghe Calciu \u2013 Dumitreasa sau despre curajul de a m\u0103rturisi<\/a><\/strong><\/p>\n<p>Vedeti si <strong><a href=\"http:\/\/www.parintelejustinparvu.ro\/2013\/12\/15\/o-minune-a-parintelui-justin-parvu-si-30-de-fotografii-de-arhiva-de-la-inceputurile-inaltarii-manastirii-petru-voda-si-pana-azi\/\">O minune a Parintelui Justin Parvu si 30 de fotografii de arhiva de la inceputurile inaltarii Manastirii Petru Voda si pana azi<\/a>\u00a0<\/strong><\/p>\n<p>Sursa:<a href=\"http:\/\/www.ziaristionline.ro\/2013\/12\/16\/adevarul-despre-dezgroparea-si-reinhumarea-parintelui-gheorghe-calciu-dumitreasa\/\">http:\/\/www.ziaristionline.ro\/2013\/12\/16\/adevarul-despre-dezgroparea-si-reinhumarea-parintelui-gheorghe-calciu-dumitreasa\/<\/a>&nbsp;<\/p>\n<\/div>\n<\/div>\n","protected":false},"excerpt":{"rendered":"<p>Ziaristi Online: ,,Reproducem un reportaj edificator al colegilor nostri de la Mesagerul de Neamt, nu inainte de a sublinia ca [&#038;hellip<\/p>\n","protected":false},"author":1,"featured_media":0,"comment_status":"closed","ping_status":"closed","sticky":false,"template":"","format":"standard","meta":{"footnotes":""},"categories":[3,6],"tags":[],"class_list":["post-16696","post","type-post","status-publish","format-standard","hentry","category-articole","category-linkuri-externe"],"_links":{"self":[{"href":"https:\/\/www.marianagurza.ro\/blog\/wp-json\/wp\/v2\/posts\/16696","targetHints":{"allow":["GET"]}}],"collection":[{"href":"https:\/\/www.marianagurza.ro\/blog\/wp-json\/wp\/v2\/posts"}],"about":[{"href":"https:\/\/www.marianagurza.ro\/blog\/wp-json\/wp\/v2\/types\/post"}],"author":[{"embeddable":true,"href":"https:\/\/www.marianagurza.ro\/blog\/wp-json\/wp\/v2\/users\/1"}],"replies":[{"embeddable":true,"href":"https:\/\/www.marianagurza.ro\/blog\/wp-json\/wp\/v2\/comments?post=16696"}],"version-history":[{"count":2,"href":"https:\/\/www.marianagurza.ro\/blog\/wp-json\/wp\/v2\/posts\/16696\/revisions"}],"predecessor-version":[{"id":16699,"href":"https:\/\/www.marianagurza.ro\/blog\/wp-json\/wp\/v2\/posts\/16696\/revisions\/16699"}],"wp:attachment":[{"href":"https:\/\/www.marianagurza.ro\/blog\/wp-json\/wp\/v2\/media?parent=16696"}],"wp:term":[{"taxonomy":"category","embeddable":true,"href":"https:\/\/www.marianagurza.ro\/blog\/wp-json\/wp\/v2\/categories?post=16696"},{"taxonomy":"post_tag","embeddable":true,"href":"https:\/\/www.marianagurza.ro\/blog\/wp-json\/wp\/v2\/tags?post=16696"}],"curies":[{"name":"wp","href":"https:\/\/api.w.org\/{rel}","templated":true}]}}