{"id":16700,"date":"2013-12-16T22:52:23","date_gmt":"2013-12-16T22:52:23","guid":{"rendered":"http:\/\/www.marianagurza.ro\/blog\/?p=16700"},"modified":"2013-12-16T22:56:49","modified_gmt":"2013-12-16T22:56:49","slug":"pr-justin-%e2%80%93-despre-inviere-iertare-iubire-si-discernamint","status":"publish","type":"post","link":"https:\/\/www.marianagurza.ro\/blog\/2013\/12\/16\/pr-justin-%e2%80%93-despre-inviere-iertare-iubire-si-discernamint\/","title":{"rendered":"P\u0103rintele Justin P\u00e2rvu \u2013 Despre \u00eenviere, iertare, iubire \u015fi discern\u0103m\u00e2nt"},"content":{"rendered":"<p style=\"text-align: justify;\"><img loading=\"lazy\" decoding=\"async\" class=\"alignleft\" src=\"https:\/\/melidoniumm.files.wordpress.com\/2012\/05\/parintele-justin-de-boboteaza-2012-208x300.jpg?w=166&amp;h=240\" alt=\"Parintele-Justin-de-Boboteaza-2012\" width=\"166\" height=\"240\" \/>Cobor\u00e2rea la iad a M\u00e2ntuitorului, spune acatistul \u2013 cu sufletul \u015fi dumnezeirea. Cu sufletul imediat dup\u0103 ce a \u00eenchis ochii pe cruce sau dup\u0103 cobor\u00e2rea \u00een morm\u00e2nt?<\/p>\n<p style=\"text-align: justify;\"><em><strong>A fost cu totul \u015fi peste tot Acela\u015fi, nu S-a desp\u0103r\u0163it, Om \u015fi Dumnezeu Adev\u0103rat!<\/strong><\/em><\/p>\n<p style=\"text-align: justify;\">&#8211; Ce \u00eenseamn\u0103 iubire?<\/p>\n<p style=\"text-align: justify;\"><strong><em>S\u0103-\u0163i dai via\u0163a pentru aproapele. S\u0103 nu faci nimic dec\u00e2t grija de a veni \u00een ajutorul celuilalt. \u015ei la masa de pr\u00e2nz pe care o iei trebuie s\u0103 te g\u00e2nde\u015fti la cel\u0103lalt care a\u015fteapt\u0103 la u\u015f\u0103 sau a\u015fteapt\u0103 undeva o bucat\u0103 de p\u00e2ine.<\/em><\/strong><strong><em><\/em><\/strong><\/p>\n<p style=\"text-align: justify;\"><strong><em><br \/>\n<\/em><\/strong>&#8211; Chiar dac\u0103 e\u015fti tu neputincios?<\/p>\n<p style=\"text-align: justify;\"><em><strong>Chiar dac\u0103 e\u015fti neputincios, \u00eemparte-\u0163i bucata ta de p\u00e2ine cu dragostea lui. Asta este adev\u0103rata dragoste \u015fi via\u0163\u0103 pe care trebuie s-o ducem noi, da.<\/strong><\/em><strong><em><\/em><\/strong><\/p>\n<p style=\"text-align: justify;\"><strong><em><br \/>\n<\/em><\/strong>&#8211; Mi-a spus cineva: \u201cDac\u0103 vorbe\u015fti cu p\u0103rintele Justin, \u00eentreab\u0103-l lucruri esen\u0163iale\u201d. Ce crede\u0163i c\u0103 ar fi esen\u0163ial, care ar fi mesajul pentru oamenii din vremurile pe care le tr\u0103im?<\/p>\n<p style=\"text-align: justify;\"><strong><em>Mesajul este s\u0103 ne p\u0103str\u0103m \u00een stare de convingere. S\u0103 nu renun\u0163\u0103m, s\u0103 nu ced\u0103m. Pentru c\u0103 vin vremuri grele, \u00eencerc\u0103ri, \u015fi la presiunile acestea s\u0103 r\u0103m\u00e2nem \u00een integritatea noastr\u0103. De asta a avut nevoie \u00een toate vremurile Biserica. Mucenicii, martirii, pe care i-au martirizat persecu\u0163iile trecutului, au fost pe pozi\u0163ia aceasta ferm\u0103 de convingere de Adev\u0103r. S\u0103 nu c\u0103dem din ceea ce ne-a stabilit \u00eenv\u0103\u0163\u0103tura noastr\u0103. \u201cNu mai tr\u0103im noi, ci Hristos\u201d. \u201cDac\u0103 tr\u0103im, ai Domnului suntem, dac\u0103 murim ai Domnului suntem\u201d, oriunde \u015fi oric\u00e2nd noi suntem aici \u00een veci aceia\u015fi, numai noi s\u0103 fim preg\u0103ti\u0163i pentru comoara aceasta mare, \u015fi \u201cc\u0103mara Ta, M\u00e2ntuitorule, o v\u0103d \u00eempodobit\u0103\u201d. \u2013 \u201cC\u0103mara Ta, M\u00e2ntuitorule\u201d, care se c\u00e2nt\u0103 a\u015fa de frumos! \u2013 \u201cDar \u00eembr\u0103c\u0103minte nu am ca s\u0103 intru \u00eentr-\u00eensa\u201d. Deci trebuie s\u0103 ne cur\u0103\u0163\u0103m, s\u0103 mergem cu bra\u0163ele p\u0103rinte\u015fti deschise ca \u00een via\u0163a c\u0103lug\u0103reasc\u0103. \u201cBra\u0163ele \u00eemp\u0103r\u0103te\u015fti deschide-le mie!\u201d, c\u0103ci p\u0103catele \u015fi f\u0103r\u0103delegile prin aceste lucruri ale vie\u0163ii c\u0103lug\u0103re\u015fti a lumii cre\u015ftine trebuie minate, ca s\u0103 putem rezista mai mult. Fiindc\u0103 preg\u0103tirea cre\u015ftinului e slava cre\u015ftinului.<\/em><\/strong><\/p>\n<p style=\"text-align: justify;\"><em><strong>Ce rost au partidele \u00eentr-o na\u0163iune? Dezmembrarea de unitate. Lupta, r\u0103utatea, du\u015fm\u0103nia dintre oameni, mijlocul de deformare \u015fi distrugere a unei na\u0163iuni, pentru c\u0103 acolo oamenii nu fac altceva dec\u00e2t s\u0103 se du\u015fm\u0103neasc\u0103, s\u0103 se urasc\u0103 \u00eentre ei. Ei \u015ftiu c\u0103 dac\u0103 ne du\u015fm\u0103nim \u00eentre noi, satana ne poate st\u0103p\u00e2ni mai u\u015for. De 2000 de ani e aceast\u0103 demonizare a lumii prin toate mijloacele, \u015fi a ajuns \u015fi \u00een cel politic, \u015fi cel politic e a\u015fa precum o scriem noi, pentru c\u0103 nu ascult\u0103m de glasul Celui Care trebuie s\u0103 vin\u0103. \u00centre alte scopuri pe care le are omul, este \u015fi acesta, politic, \u00een via\u0163a noastr\u0103. Dar nu judec\u0103m care-i este rostul, nu ne d\u0103m seama ce \u00eenseamn\u0103 unitatea cre\u015ftin\u0103, ce \u00eenseamn\u0103 Hristos, dragostea, bun\u0103tatea \u015fi unirea \u00eentre noi. Se spune: Biserica n-are voie s\u0103 fac\u0103 politic\u0103, \u015fcoala n-are voie s\u0103 fac\u0103 politic\u0103, justi\u0163ia n-are voie s\u0103 fac\u0103 politic\u0103, medicii n-au voie s\u0103 fac\u0103 politic\u0103, p\u0103i atunci cine face politic\u0103? Borfa\u015fii, scursurile societ\u0103\u0163ii? P\u0103i \u00een republica lui Platon \u00een antichitate un popor trebuia s\u0103-\u015fi aleag\u0103 ce e mai de elit\u0103, oamenii de\u015ftep\u0163i, filosofii, \u00een\u0163elep\u0163ii, oamenii de \u015ftiin\u0163\u0103, care conduceau o na\u0163ie. Dar noi, de 14 ani n-avem alt\u0103 na\u015ftere de partide dec\u00e2t partidul care \u015fi \u00eenainte ne-a st\u0103p\u00e2nit. Nu putem ie\u015fi din mla\u015ftina asta, dac\u0103 ei merg din genera\u0163ie \u00een genera\u0163ie. Gr\u00e2ul nostru e \u00eempestri\u0163at cu toat\u0103 neghina, iar noi \u2013 supu\u015fi pierz\u0103rii, iar ca s\u0103 sco\u0163i neghina trebuie s\u0103 seceri tot gr\u00e2ul \u015fi s\u0103 alegi fir cu fir.<\/strong><\/em><\/p>\n<p style=\"text-align: justify;\">&#8211; Ce \u00eenseamn\u0103 \u201cde c\u00e2te ori ai c\u0103zut, s\u0103 te ridici\u201d?<\/p>\n<p style=\"text-align: justify;\"><em><strong>De c\u00e2te ori ai c\u0103zut, scoal\u0103-te. Ai p\u0103c\u0103tuit, du-te \u015fi te spovede\u015fte. Te dezleag\u0103 duhovnicul, \u015fi mergi mai departe. Fereasc\u0103 Dumnezeu, ai c\u0103zut iar\u0103\u015fi \u2013 ori de c\u00e2te ori, scoal\u0103-te! \u2013 \u015fi sluga revine la St\u0103p\u00e2n.<\/strong><\/em><\/p>\n<p style=\"text-align: justify;\">&#8211; \u015ei te va ierta?<\/p>\n<p style=\"text-align: justify;\"><em><strong>Te va ierta, c\u0103 \u00eenainte de a te pleca \u015fi a spune, Dumnezeu te-a iertat, asta e bun\u0103tatea lui Dumnezeu. \u00cenainte chiar de a termina p\u0103catul \u2013 \u201cam gre\u015fit, iart\u0103-m\u0103!\u201d \u015fi Dumnezeu vine \u015fi te iart\u0103. \u00cens\u0103 nu trebuie s\u0103 avem convingerea c\u0103 trebuie s\u0103 tot c\u0103dem, s\u0103 ne tot ducem, c\u0103ci c\u0103dem \u00een p\u0103catul \u00eempotriva Duhului Sf\u00e2nt, care nu se va ierta \u00een veac.<\/strong><\/em><\/p>\n<p style=\"text-align: justify;\">&#8211; Ne e fric\u0103 de moarte. Moartea e un sf\u00e2r\u015fit?<\/p>\n<p style=\"text-align: justify;\"><em><strong>E o datorie pe care trebuie s\u0103 o \u00eemplinim. A\u015fa cum avem un \u00eenceput la voia lui Dumnezeu, a\u015fa avem \u015fi un sf\u00e2r\u015fit, la voia lui Dumnezeu. Trebuie s\u0103 fim mul\u0163umi\u0163i \u015fi de una, \u015fi de alta.<\/strong><\/em><\/p>\n<p style=\"text-align: justify;\">&#8211; S\u0103 ne \u00eemp\u0103c\u0103m cu infinitul prin credin\u0163\u0103.<\/p>\n<p style=\"text-align: justify;\">Interviuri de Isabela Aiv\u0103ncesei \u015fi monahia Mina Suman.<\/p>\n<p style=\"text-align: justify;\"><a href=\"http:\/\/manastirea.petru-voda.ro\/2013\/12\/05\/pr-justin-despre-inviere-iertare-iubire-si-discernamint\/\" target=\"_blank\">manastirea.petru-voda.ro<\/a><\/p>\n","protected":false},"excerpt":{"rendered":"<p>Cobor\u00e2rea la iad a M\u00e2ntuitorului, spune acatistul \u2013 cu sufletul \u015fi dumnezeirea. Cu sufletul imediat dup\u0103 ce a \u00eenchis ochii [&#038;hellip<\/p>\n","protected":false},"author":1,"featured_media":0,"comment_status":"closed","ping_status":"closed","sticky":false,"template":"","format":"standard","meta":{"footnotes":""},"categories":[3,6],"tags":[],"class_list":["post-16700","post","type-post","status-publish","format-standard","hentry","category-articole","category-linkuri-externe"],"_links":{"self":[{"href":"https:\/\/www.marianagurza.ro\/blog\/wp-json\/wp\/v2\/posts\/16700","targetHints":{"allow":["GET"]}}],"collection":[{"href":"https:\/\/www.marianagurza.ro\/blog\/wp-json\/wp\/v2\/posts"}],"about":[{"href":"https:\/\/www.marianagurza.ro\/blog\/wp-json\/wp\/v2\/types\/post"}],"author":[{"embeddable":true,"href":"https:\/\/www.marianagurza.ro\/blog\/wp-json\/wp\/v2\/users\/1"}],"replies":[{"embeddable":true,"href":"https:\/\/www.marianagurza.ro\/blog\/wp-json\/wp\/v2\/comments?post=16700"}],"version-history":[{"count":7,"href":"https:\/\/www.marianagurza.ro\/blog\/wp-json\/wp\/v2\/posts\/16700\/revisions"}],"predecessor-version":[{"id":16702,"href":"https:\/\/www.marianagurza.ro\/blog\/wp-json\/wp\/v2\/posts\/16700\/revisions\/16702"}],"wp:attachment":[{"href":"https:\/\/www.marianagurza.ro\/blog\/wp-json\/wp\/v2\/media?parent=16700"}],"wp:term":[{"taxonomy":"category","embeddable":true,"href":"https:\/\/www.marianagurza.ro\/blog\/wp-json\/wp\/v2\/categories?post=16700"},{"taxonomy":"post_tag","embeddable":true,"href":"https:\/\/www.marianagurza.ro\/blog\/wp-json\/wp\/v2\/tags?post=16700"}],"curies":[{"name":"wp","href":"https:\/\/api.w.org\/{rel}","templated":true}]}}