{"id":16708,"date":"2013-12-17T07:33:21","date_gmt":"2013-12-17T07:33:21","guid":{"rendered":"http:\/\/www.marianagurza.ro\/blog\/?p=16708"},"modified":"2013-12-17T07:33:21","modified_gmt":"2013-12-17T07:33:21","slug":"sandu-catinean-versuri","status":"publish","type":"post","link":"https:\/\/www.marianagurza.ro\/blog\/2013\/12\/17\/sandu-catinean-versuri\/","title":{"rendered":"Sandu C\u0103tinean: Versuri"},"content":{"rendered":"<p style=\"text-align: center;\"><a href=\"http:\/\/www.marianagurza.ro\/blog\/wp-content\/uploads\/2013\/12\/Sandu-catinean.jpg\"><img loading=\"lazy\" decoding=\"async\" class=\"size-medium wp-image-16709\" title=\"Sandu catinean\" src=\"http:\/\/www.marianagurza.ro\/blog\/wp-content\/uploads\/2013\/12\/Sandu-catinean-300x225.jpg\" alt=\"\" width=\"300\" height=\"225\" srcset=\"https:\/\/www.marianagurza.ro\/blog\/wp-content\/uploads\/2013\/12\/Sandu-catinean-300x225.jpg 300w, https:\/\/www.marianagurza.ro\/blog\/wp-content\/uploads\/2013\/12\/Sandu-catinean-1024x768.jpg 1024w, https:\/\/www.marianagurza.ro\/blog\/wp-content\/uploads\/2013\/12\/Sandu-catinean.jpg 2048w\" sizes=\"auto, (max-width: 300px) 100vw, 300px\" \/><\/a><\/p>\n<p style=\"text-align: center;\">\n<p><strong>\u00a0\u00a0\u00a0 Amurgul<\/strong><\/p>\n<p>&nbsp;<\/p>\n<p>&nbsp;<\/p>\n<p>Amurgul curge s\u00e2ngeriu<\/p>\n<p>Pe dealuri se strecoar\u0103 umbre<\/p>\n<p>E \u00eentuneric \u015fi pustiu<\/p>\n<p>Iar visele sunt tot mai sumbre<\/p>\n<p>&nbsp;<\/p>\n<p>Doar Ana mai ofteaz\u0103 stins<\/p>\n<p>Cu ochii pironi\u0163i pe ape<\/p>\n<p>Iar Ion cu fluierul de g\u00e2t<\/p>\n<p>Se d\u0103 de Ana mai aproape\u2026<\/p>\n<p>&nbsp;<\/p>\n<p>\u201eIoane, trestiile-s moi<\/p>\n<p>\u015ei se afund\u0103-ad\u00e2nc \u00een ape<\/p>\n<p>Noi, cred c-om piere am\u00e2ndoi<\/p>\n<p>\u015ei \u00een cur\u00e2nd or s\u0103 ne-ngroape\u201d\u2026<\/p>\n<p>&nbsp;<\/p>\n<p>\u201eAn\u0103, An\u0103, v\u00e2ntul sufl\u0103<\/p>\n<p>\u015ei m\u0103-ngroap\u0103 sub ninsori<\/p>\n<p>Nu pleca de l\u00e2ng\u0103 mine<\/p>\n<p>Nu vreau An\u0103 ca s\u0103 mori\u201d\u2026<\/p>\n<p>&nbsp;<\/p>\n<p>\u201eAh, Ioane cum se scutur<\/p>\n<p>Florile de pe salc\u00e2m<\/p>\n<p>Cum se-ntunec\u0103 p\u0103m\u00e2ntul<\/p>\n<p>Doamne Ioane, ce de chin\u201d\u2026<\/p>\n<p>&nbsp;<\/p>\n<p>\u201eAn\u0103, An\u0103 via\u0163a noastr\u0103\u2026<\/p>\n<p>S-a topit prin v\u0103i cu soare Doamne,<\/p>\n<p>An\u0103 cum ard norii<\/p>\n<p>Doamne \u015fi ce r\u0103u m\u0103 doare\u201d\u2026<\/p>\n<p>&nbsp;<\/p>\n<p>\u201eIoane, scumpul meu b\u0103rbat<\/p>\n<p>Cum miroase a furtun\u0103<\/p>\n<p>Au plecat cu to\u0163i din sat<\/p>\n<p>\u0162ine-m\u0103 mai str\u00e2ns de m\u00e2n\u0103\u201d\u2026<\/p>\n<p>&nbsp;<\/p>\n<p>\u015ei prin albia de veacuri<\/p>\n<p>Some\u015f curge trist \u015fi gol<\/p>\n<p>Nu-s copii s\u0103 r\u00e2d\u0103-n soare<\/p>\n<p>Nici vreun f\u00e2lf\u00e2it de stol\u2026<\/p>\n<p>&nbsp;<\/p>\n<p>Au pierit cu to\u0163i prin lume<\/p>\n<p>\u015ei s-au risipit ca fumul<\/p>\n<p>Au r\u0103mas doar pietre goale<\/p>\n<p>Dealuri reci, \u015fi-n coast\u0103 drumul\u2026<\/p>\n<p>&nbsp;<\/p>\n<p>\u201eIoane-a\u015f vrea s\u0103 spun o rug\u0103\u201d<\/p>\n<p>\u015ei prin nori se aude-un tunet<\/p>\n<p>\u201eDoamne, \u0163ine-ne-mpreun\u0103 !<\/p>\n<p>\u201d Strig\u0103 Ana\u2026cu un urlet\u2026<\/p>\n<p>&nbsp;<\/p>\n<p>&nbsp;<\/p>\n<p>Sandu C\u0103tinean din Bon\u0163ida<\/p>\n<p>&nbsp;<\/p>\n<p>&nbsp;<\/p>\n<p><strong>\u00a0\u00a0\u00a0\u00a0\u00a0\u00a0\u00a0\u00a0\u00a0\u00a0\u00a0\u00a0 Ioane&#8230;<\/strong><\/p>\n<p><strong>\u00a0<\/strong><\/p>\n<p><strong>\u00a0<\/strong><\/p>\n<p>Ioane vezi de-adap\u0103 vaca<\/p>\n<p>C\u0103 apar iar norii reci<\/p>\n<p>Vezi Ioane s\u0103 dai apa<\/p>\n<p>C\u0103 noi om pieri pe veci<\/p>\n<p>&nbsp;<\/p>\n<p>Ioane ! v\u00e2ntul iar r\u0103stoarn\u0103<\/p>\n<p>Buruieni din negrul drum<\/p>\n<p>Zilele se zbat gr\u0103bite<\/p>\n<p>\u015ei-a pieri tot ce e-acum<\/p>\n<p>&nbsp;<\/p>\n<p>Vaci \u015fi c\u00e2mpuri \u00eenflorate<\/p>\n<p>N-or mai fi prin v\u0103i domoale<\/p>\n<p>Ioane ! noi vom fi morminte<\/p>\n<p>C\u00e2nd v-or fi nisipuri goale<\/p>\n<p>&nbsp;<\/p>\n<p>Doine c\u00e2mpuri doruri hore<\/p>\n<p>\u00cen miresme de uit\u0103ri<\/p>\n<p>S-or zdrobi de obiceiuri<\/p>\n<p>Ce ne vin din dep\u0103rt\u0103ri<\/p>\n<p>&nbsp;<\/p>\n<p>Ioane m\u00e2n\u0103 mai cu mil\u0103<\/p>\n<p>Oile prin vadul cald<\/p>\n<p>Vezi Ioane cum vin norii<\/p>\n<p>Doamne ce cumplit m\u0103 ard\u2026<\/p>\n<p>&nbsp;<\/p>\n<p>P\u0103s\u0103ri negre hr\u0103p\u0103re\u0163e<\/p>\n<p>Se rotesc \u00een valea-albastr\u0103<\/p>\n<p>Ioane simt cum toate-a noastre<\/p>\n<p>N-or r\u0103m\u00e2ne-n urma noastr\u0103\u2026<\/p>\n<p>&nbsp;<\/p>\n<p>Lumi str\u0103ine reci \u015fi fade<\/p>\n<p>S-or l\u0103\u0163i pe la nucet<\/p>\n<p>Vezi Ioane cum dai apa<\/p>\n<p>M\u00e2ng\u00e2ie izvoru-ncet\u2026<\/p>\n<p>&nbsp;<\/p>\n<p>Nu-l mai sup\u0103ra Ioane<\/p>\n<p>Vezi cum dragul greu suspin\u0103<\/p>\n<p>Pune apa mai cu mil\u0103<\/p>\n<p>S-aib\u0103 parte de hodin\u0103\u2026<\/p>\n<p>&nbsp;<\/p>\n<p>Ce-i frumos \u00een lume Ioane<\/p>\n<p>Ce dureri dor mai cumplit<\/p>\n<p>Ce vor fi copiii no\u015ftri<\/p>\n<p>F\u0103r\u0103 hore f\u0103r\u0103 c\u00e2nt &#8230;<\/p>\n<p>&nbsp;<\/p>\n<p>Nori s\u0103lbateci zburd\u0103-n ceruri<\/p>\n<p>V\u00e2nturi sure sufl\u0103 negru<\/p>\n<p>Florile se-ascund speriate<\/p>\n<p>In cur\u00e2nd dispare codru\u2026<\/p>\n<p>&nbsp;<\/p>\n<p>Peste c\u00e2mp scaie\u0163i de\u015fertici<\/p>\n<p>Se gonesc \u00een dimine\u0163uri<\/p>\n<p>Lumea-aceasta cu flori m\u00e2ndre<\/p>\n<p>Moare-ncet topit\u0103-n ce\u0163uri\u2026<\/p>\n<p>&nbsp;<\/p>\n<p>Ioane \u0163ine-m\u0103 de m\u00e2n\u0103<\/p>\n<p>Hai sa ne-nchin\u0103m t\u0103cu\u0163i<\/p>\n<p>Vino Ioane sa bem apa<\/p>\n<p>Vacilor ce pier \u00een mun\u0163i\u2026<\/p>\n<p>&nbsp;<\/p>\n<p>\u0162ine-m\u0103 mai str\u00e2ns de m\u00e2n\u0103<\/p>\n<p>Hai ! z\u00e2mbe\u015fte-mi \u00eenc-o dat\u0103<\/p>\n<p>Ioane\u2026c\u00e2nd vom fi cenu\u015f\u0103<\/p>\n<p>Vom mai fi noi laolalta ?&#8230;<\/p>\n<p>&nbsp;<\/p>\n<p>&nbsp;<\/p>\n<p>Sandu C\u0103tinean \u2013 din Bon\u021bida &#8211;<\/p>\n<p>&nbsp;<\/p>\n","protected":false},"excerpt":{"rendered":"<p>\u00a0\u00a0\u00a0 Amurgul &nbsp; &nbsp; Amurgul curge s\u00e2ngeriu Pe dealuri se strecoar\u0103 umbre E \u00eentuneric \u015fi pustiu Iar visele sunt tot [&#038;hellip<\/p>\n","protected":false},"author":1,"featured_media":0,"comment_status":"closed","ping_status":"closed","sticky":false,"template":"","format":"standard","meta":{"footnotes":""},"categories":[3],"tags":[],"class_list":["post-16708","post","type-post","status-publish","format-standard","hentry","category-articole"],"_links":{"self":[{"href":"https:\/\/www.marianagurza.ro\/blog\/wp-json\/wp\/v2\/posts\/16708","targetHints":{"allow":["GET"]}}],"collection":[{"href":"https:\/\/www.marianagurza.ro\/blog\/wp-json\/wp\/v2\/posts"}],"about":[{"href":"https:\/\/www.marianagurza.ro\/blog\/wp-json\/wp\/v2\/types\/post"}],"author":[{"embeddable":true,"href":"https:\/\/www.marianagurza.ro\/blog\/wp-json\/wp\/v2\/users\/1"}],"replies":[{"embeddable":true,"href":"https:\/\/www.marianagurza.ro\/blog\/wp-json\/wp\/v2\/comments?post=16708"}],"version-history":[{"count":2,"href":"https:\/\/www.marianagurza.ro\/blog\/wp-json\/wp\/v2\/posts\/16708\/revisions"}],"predecessor-version":[{"id":16711,"href":"https:\/\/www.marianagurza.ro\/blog\/wp-json\/wp\/v2\/posts\/16708\/revisions\/16711"}],"wp:attachment":[{"href":"https:\/\/www.marianagurza.ro\/blog\/wp-json\/wp\/v2\/media?parent=16708"}],"wp:term":[{"taxonomy":"category","embeddable":true,"href":"https:\/\/www.marianagurza.ro\/blog\/wp-json\/wp\/v2\/categories?post=16708"},{"taxonomy":"post_tag","embeddable":true,"href":"https:\/\/www.marianagurza.ro\/blog\/wp-json\/wp\/v2\/tags?post=16708"}],"curies":[{"name":"wp","href":"https:\/\/api.w.org\/{rel}","templated":true}]}}