{"id":16727,"date":"2013-12-17T17:45:45","date_gmt":"2013-12-17T17:45:45","guid":{"rendered":"http:\/\/www.marianagurza.ro\/blog\/?p=16727"},"modified":"2013-12-17T17:45:45","modified_gmt":"2013-12-17T17:45:45","slug":"radu-gyr-avem-o-tara-sfanta","status":"publish","type":"post","link":"https:\/\/www.marianagurza.ro\/blog\/2013\/12\/17\/radu-gyr-avem-o-tara-sfanta\/","title":{"rendered":"Radu Gyr: Avem o \u0163ar\u0103 sf\u00e2nt\u0103!"},"content":{"rendered":"<p style=\"text-align: center;\"><a href=\"http:\/\/www.marianagurza.ro\/blog\/wp-content\/uploads\/2013\/12\/iarna-la-manastirea-petru-voda-20-dec-2011.jpg\"><img loading=\"lazy\" decoding=\"async\" class=\"size-medium wp-image-16728\" title=\"iarna-la-manastirea-petru-voda-20-dec-2011\" src=\"http:\/\/www.marianagurza.ro\/blog\/wp-content\/uploads\/2013\/12\/iarna-la-manastirea-petru-voda-20-dec-2011-300x225.jpg\" alt=\"\" width=\"300\" height=\"225\" srcset=\"https:\/\/www.marianagurza.ro\/blog\/wp-content\/uploads\/2013\/12\/iarna-la-manastirea-petru-voda-20-dec-2011-300x225.jpg 300w, https:\/\/www.marianagurza.ro\/blog\/wp-content\/uploads\/2013\/12\/iarna-la-manastirea-petru-voda-20-dec-2011.jpg 500w\" sizes=\"auto, (max-width: 300px) 100vw, 300px\" \/><\/a><\/p>\n<p><strong>\u00a0\u00a0\u00a0\u00a0\u00a0\u00a0\u00a0\u00a0\u00a0\u00a0\u00a0 <\/strong><\/p>\n<p><strong>\u00a0\u00a0\u00a0\u00a0\u00a0\u00a0\u00a0\u00a0\u00a0\u00a0\u00a0\u00a0\u00a0\u00a0\u00a0\u00a0\u00a0\u00a0\u00a0\u00a0 Avem o \u0163ar\u0103<\/strong><\/p>\n<p><strong>\u00a0<\/strong><\/p>\n<p><strong>\u00a0<\/strong><\/p>\n<p><strong>Avem o \u0163ar\u0103 unde au st\u0103p\u00e2nit odat\u0103<\/strong><\/p>\n<p><strong>Vitejii daci, b\u0103rba\u0163i nemuritori.<\/strong><\/p>\n<p><strong>\u015ei unde stau de veacuri laolalt\u0103,<\/strong><\/p>\n<p><strong>Izvoare, v\u0103i \u015fi mun\u0163i cu fruntea-n z\u0103ri.<\/strong><\/p>\n<p><strong>.<\/strong><\/p>\n<p><strong>Avem troi\u0163e sfinte, altare \u015fi icoane<\/strong><\/p>\n<p><strong>\u015ei candeli ard cu mii de p\u00e2lp\u00e2iri;<\/strong><\/p>\n<p><strong>Avem at\u00e2tea lacrimi \u015fi prigoane <\/strong><\/p>\n<p><strong>C\u0103 ne e plin p\u0103m\u00e2ntul de martiri.<\/strong><\/p>\n<p><strong>.<\/strong><\/p>\n<p><strong>Avem la Putna, Sf\u00e2nt \u015fi viu cu duhul <\/strong><\/p>\n<p><strong>Pe cel ce-a stat Ortodoxiei scut; <\/strong><\/p>\n<p><strong>\u015ei azi de-l vom chema s\u0103-nfr\u00e2ng-apusul,<\/strong><\/p>\n<p><strong>Va r\u0103sturna cinci veacuri de p\u0103m\u00e2nt.<\/strong><\/p>\n<p>.<\/p>\n<p><strong>Avem pe Br\u00e2ncoveanu pild\u0103 tare, <\/strong><\/p>\n<p><strong>C\u0103ci pruncii lui sub sabie-au c\u0103zut; <\/strong><\/p>\n<p><strong>Ca s\u0103 p\u0103zeasc\u0103 f\u0103r\u0103 de schimbare <\/strong><\/p>\n<p><strong>Credin\u0163a dreapt\u0103-n care s-au n\u0103scut.<\/strong><\/p>\n<p><strong>.<\/strong><\/p>\n<p><strong>Avem Ardealul sf\u00e2nt, p\u0103m\u00e2ntul r\u0103stignirii,<\/strong><\/p>\n<p><strong>Cu tunuri sf\u00e2rtecat de cel viclean;<\/strong><\/p>\n<p><strong>Avem ierarhii sfin\u0163i, pe Iancu \u015fi martirii,<\/strong><\/p>\n<p><strong>Pe Horia tras pe roat\u0103 pentru neam.<\/strong><\/p>\n<p><strong>.<\/strong><\/p>\n<p><strong>Azi iara\u015fi te-au suit vr\u0103jma\u015fii t\u0103i pe cruce,<\/strong><\/p>\n<p><strong>Ardeal cu trei culori \u00eempodobit;<\/strong><\/p>\n<p><strong>Scriind deasupra vina ta cu s\u00e2nge, <\/strong><\/p>\n<p><strong>Aceea c\u0103, ortodoxia ai iubit.<\/strong><\/p>\n<p><strong>.<\/strong><\/p>\n<p><strong>Avem un Rai de sfin\u0163i \u00een temni\u0163i da\u0163i la moarte <\/strong><\/p>\n<p><strong>\u015ei arunca\u0163i \u00een groapa ne\u015ftiu\u0163i; <\/strong><\/p>\n<p><strong>Dar ast\u0103zi d\u00e2nd p\u0103m\u00e2ntul la o parte <\/strong><\/p>\n<p><strong>Ies moa\u015fte sfinte-n zeghe grea de de\u0163inu\u0163i. <\/strong><\/p>\n<p>.<\/p>\n<p><strong>E jertfa lor de veacuri m\u0103rturia <\/strong><\/p>\n<p><strong>Ce strig\u0103 din morminte p\u00e2n\u2019 la noi: <\/strong><\/p>\n<p><strong>S\u0103 ap\u0103r\u0103m cu r\u00e2vn\u0103 Ortodoxia <\/strong><\/p>\n<p><strong>\u015ei-acest p\u0103m\u00e2nt, de Sfin\u0163i \u015fi de eroi!<\/strong><\/p>\n<p>&nbsp;<\/p>\n","protected":false},"excerpt":{"rendered":"<p>\u00a0\u00a0\u00a0\u00a0\u00a0\u00a0\u00a0\u00a0\u00a0\u00a0\u00a0 \u00a0\u00a0\u00a0\u00a0\u00a0\u00a0\u00a0\u00a0\u00a0\u00a0\u00a0\u00a0\u00a0\u00a0\u00a0\u00a0\u00a0\u00a0\u00a0\u00a0 Avem o \u0163ar\u0103 \u00a0 \u00a0 Avem o \u0163ar\u0103 unde au st\u0103p\u00e2nit odat\u0103 Vitejii daci, b\u0103rba\u0163i nemuritori. \u015ei unde [&#038;hellip<\/p>\n","protected":false},"author":1,"featured_media":0,"comment_status":"closed","ping_status":"closed","sticky":false,"template":"","format":"standard","meta":{"footnotes":""},"categories":[3],"tags":[],"class_list":["post-16727","post","type-post","status-publish","format-standard","hentry","category-articole"],"_links":{"self":[{"href":"https:\/\/www.marianagurza.ro\/blog\/wp-json\/wp\/v2\/posts\/16727","targetHints":{"allow":["GET"]}}],"collection":[{"href":"https:\/\/www.marianagurza.ro\/blog\/wp-json\/wp\/v2\/posts"}],"about":[{"href":"https:\/\/www.marianagurza.ro\/blog\/wp-json\/wp\/v2\/types\/post"}],"author":[{"embeddable":true,"href":"https:\/\/www.marianagurza.ro\/blog\/wp-json\/wp\/v2\/users\/1"}],"replies":[{"embeddable":true,"href":"https:\/\/www.marianagurza.ro\/blog\/wp-json\/wp\/v2\/comments?post=16727"}],"version-history":[{"count":2,"href":"https:\/\/www.marianagurza.ro\/blog\/wp-json\/wp\/v2\/posts\/16727\/revisions"}],"predecessor-version":[{"id":16730,"href":"https:\/\/www.marianagurza.ro\/blog\/wp-json\/wp\/v2\/posts\/16727\/revisions\/16730"}],"wp:attachment":[{"href":"https:\/\/www.marianagurza.ro\/blog\/wp-json\/wp\/v2\/media?parent=16727"}],"wp:term":[{"taxonomy":"category","embeddable":true,"href":"https:\/\/www.marianagurza.ro\/blog\/wp-json\/wp\/v2\/categories?post=16727"},{"taxonomy":"post_tag","embeddable":true,"href":"https:\/\/www.marianagurza.ro\/blog\/wp-json\/wp\/v2\/tags?post=16727"}],"curies":[{"name":"wp","href":"https:\/\/api.w.org\/{rel}","templated":true}]}}