{"id":16748,"date":"2013-12-19T16:25:24","date_gmt":"2013-12-19T16:25:24","guid":{"rendered":"http:\/\/www.marianagurza.ro\/blog\/?p=16748"},"modified":"2013-12-19T21:13:10","modified_gmt":"2013-12-19T21:13:10","slug":"daris-basarab-boris-postume-vii%e2%80%a6","status":"publish","type":"post","link":"https:\/\/www.marianagurza.ro\/blog\/2013\/12\/19\/daris-basarab-boris-postume-vii%e2%80%a6\/","title":{"rendered":"Daris Basarab (Boris): Postume vii\u2026"},"content":{"rendered":"<p style=\"text-align: center;\"><a href=\"http:\/\/www.marianagurza.ro\/blog\/wp-content\/uploads\/2013\/12\/12.jpg\"><img loading=\"lazy\" decoding=\"async\" class=\"size-medium wp-image-16769\" title=\"1\" src=\"http:\/\/www.marianagurza.ro\/blog\/wp-content\/uploads\/2013\/12\/12-209x300.jpg\" alt=\"\" width=\"209\" height=\"300\" srcset=\"https:\/\/www.marianagurza.ro\/blog\/wp-content\/uploads\/2013\/12\/12-209x300.jpg 209w, https:\/\/www.marianagurza.ro\/blog\/wp-content\/uploads\/2013\/12\/12-713x1024.jpg 713w\" sizes=\"auto, (max-width: 209px) 100vw, 209px\" \/><\/a><\/p>\n<p>&nbsp;<\/p>\n<p>&nbsp;<\/p>\n<p>&nbsp;<\/p>\n<p><strong>Dor de\u2026<\/strong><\/p>\n<p>&nbsp;<\/p>\n<p>Dor de dorurile mele<\/p>\n<p>Dor de duc\u0103, dor de mare<\/p>\n<p>Dor de via\u0163\u0103 \u015fi de soare<\/p>\n<p>\u015ei de tine, printre ele.<\/p>\n<p>&nbsp;<\/p>\n<p>Dor de clipe-n care stele<\/p>\n<p>D\u0103ruiam f\u0103r\u0103 de preget<\/p>\n<p>Dirij\u00e2nd dintr-al meu cuget<\/p>\n<p>Sensul g\u00e2ndurilor mele.<\/p>\n<p>&nbsp;<\/p>\n<p>Azi de caut prin sertare<\/p>\n<p>C\u00e2te-un dor din cele multe<\/p>\n<p>N-am cui cere s\u0103 le-asculte\u2026<\/p>\n<p>&nbsp;<\/p>\n<p>Nu c\u0103 nu ar fi \u00een stare<\/p>\n<p>Dar\u00a0 m\u0103 tem c\u0103-s doar a mele<\/p>\n<p>\u015ei deci nu au c\u0103utare\u2026<\/p>\n<p>&nbsp;<\/p>\n<p>28 mai 2013<\/p>\n<p>&nbsp;<\/p>\n<p><strong>\u00a0<\/strong><\/p>\n<p><strong>Tot alerg\u00e2nd\u2026<\/strong><\/p>\n<p>&nbsp;<\/p>\n<p>Tot alerg\u00e2nd dup\u0103-un apus &#8211;<\/p>\n<p>\u00cempins de ce-a fost Micul Prin\u0163 &#8211;<\/p>\n<p>M-am pomenit de vreme dus<\/p>\n<p>Departe de al meu trecut<\/p>\n<p>Pe care-oric\u00e2t eu l-a\u015f scruta<\/p>\n<p>Nu-l pot \u00eentoarce, repeta,<\/p>\n<p>C\u0103ci m\u0103 orbe\u015fte al meu Apus<\/p>\n<p>Pe care l-am ajuns, f\u0103r\u0103 a vrea.<\/p>\n<p>&nbsp;<\/p>\n<p>De ce se-nt\u00e2mpl\u0103-a\u015fa ceva<\/p>\n<p>O spun cu vorba altcuiva:<\/p>\n<p>Nu cerceta!&#8230;e inutil &#8211;<\/p>\n<p>Nu-i om s\u0103 poat\u0103 explica &#8211;<\/p>\n<p>C\u0103ci orice drum are-un sf\u00e2r\u015fit<\/p>\n<p>Aleatoriu, din p\u0103cat,<\/p>\n<p>Ce nu-i f\u0103cut a-l controla<\/p>\n<p>Un om ce-ncearc\u0103 a visa.<\/p>\n<p>&nbsp;<\/p>\n<p>C\u0103ci visul nu-i ceva finit<\/p>\n<p>El trece peste orice zid<\/p>\n<p>Crez\u00e2nd c\u0103 \u015fi-unde nu-i sf\u00e2r\u015fit<\/p>\n<p>Visarea-i parte-n infinit.<\/p>\n<p>Sun\u0103 cumva prea optimist?!<\/p>\n<p>Nu, e luat chiar din trecut<\/p>\n<p>Ce-l \u00eenso\u0163e\u015fte f\u0103r\u0103 a vrea<\/p>\n<p>Chiar de-l orbe\u015fte-al s\u0103u Apus\u2026<\/p>\n<p>&nbsp;<\/p>\n<p>3 iunie 2013<\/p>\n<p>&nbsp;<\/p>\n<p><strong>T\u0103cerea<\/strong><\/p>\n<p>&nbsp;<\/p>\n<p>O fi t\u0103cerea poleit\u0103<\/p>\n<p>Cu aur galben, auriu,<\/p>\n<p>Dar ce nu \u015fti\u0163i e c\u0103 ascunde<\/p>\n<p>Dureri ce vin dintr-un pustiu.<\/p>\n<p>&nbsp;<\/p>\n<p>Pustiul care nu se vede<\/p>\n<p>Oric\u00e2t ai fi de str\u0103veziu &#8211;<\/p>\n<p>Z\u00e2mbe\u015fti, glume\u015fti, dar ceva pl\u00e2nge<\/p>\n<p>\u00cen sufletul ce \u00eenc\u0103-i viu.<\/p>\n<p>&nbsp;<\/p>\n<p>C\u0103ci nu se moare pe nespuse,<\/p>\n<p>Chiar dac-ar fi mult mai u\u015for &#8211;<\/p>\n<p>De ce \u0163i-e dat nu ai sc\u0103pare,<\/p>\n<p>T\u0103cut, tu strigi, de ce \u0163i-e dor.<\/p>\n<p>&nbsp;<\/p>\n<p>\u015ei-a\u015fa-n t\u0103cere po\u0163i ascunde<\/p>\n<p>Ce din orgoliu-l tot p\u0103strezi &#8211;<\/p>\n<p>L\u0103s\u00e2nd s\u0103 treac\u0103,-a c\u00e2ta oar\u0103?!<\/p>\n<p>Ceva ce nu mai vrei s\u0103 vezi\u2026<\/p>\n<p>&nbsp;<\/p>\n<p>&nbsp;<\/p>\n<p>4 august 2013<\/p>\n<p>&nbsp;<\/p>\n<p>&nbsp;<\/p>\n<p><strong>S-a n\u0103scut\u2026<\/strong><\/p>\n<p><strong>\u00a0<\/strong><\/p>\n<p>S-a n\u0103scut un copil<\/p>\n<p>O minune de fat\u0103<\/p>\n<p>C\u0103 va fi r\u0103sf\u0103\u0163at\u0103<\/p>\n<p>Nu-i figur\u0103 de stil.<\/p>\n<p>&nbsp;<\/p>\n<p>Eu pe surse-am aflat &#8211;<\/p>\n<p>Tot ce-i suflet vuie\u015fte<\/p>\n<p>\u015ei o und\u0103-mi \u015fopte\u015fte &#8211;<\/p>\n<p>Ce u\u015for te-ai tr\u0103dat.<\/p>\n<p>&nbsp;<\/p>\n<p>C\u0103ci \u015fi al\u0163ii o \u015ftiu<\/p>\n<p>C\u0103 m-ascund \u00een cuvinte &#8211;<\/p>\n<p>Dar privirea-mi dezminte<\/p>\n<p>A lor vorbe-n pustiu.<\/p>\n<p>&nbsp;<\/p>\n<p>Cum ar fi s\u0103 le spun<\/p>\n<p>C\u0103-n ce simt, au dreptate &#8211;<\/p>\n<p>Chiar de e pe furate<\/p>\n<p>Eu la timp m\u0103 adun\u2026<\/p>\n<p>&nbsp;<\/p>\n<p>18 octombrie 2013<\/p>\n<p>&nbsp;<\/p>\n<p><strong>\u00cen prag de iarn\u0103\u2026<\/strong><\/p>\n<p><strong>\u00a0<\/strong><\/p>\n<p>E toamn\u0103 t\u00e2rzie<\/p>\n<p>Ca m\u00e2ine z\u0103pada<\/p>\n<p>Va-ntinde hermina-i<\/p>\n<p>De-un alb de contrast<\/p>\n<p>Dispare-va glodul<\/p>\n<p>St\u00e2rnit de o ploaie<\/p>\n<p>Cu tot ce ora\u015ful<\/p>\n<p>Mai are-n balast.<\/p>\n<p>&nbsp;<\/p>\n<p>Dar cum ce e negru<\/p>\n<p>P\u0103teaz\u0103 \u015fi-un suflet<\/p>\n<p>A\u015fa \u015fi hermina<\/p>\n<p>Va fi \u2019dalma\u0163ian\u2019<\/p>\n<p>\u015ei-atuncea \u015fi pa\u015fii<\/p>\n<p>Cu-a lor contribu\u0163ii<\/p>\n<p>Vor scoate mocirla<\/p>\n<p>Iar iarna-i \u00een van.<\/p>\n<p>&nbsp;<\/p>\n<p>De ce toate-acestea<\/p>\n<p>De ce nu ne p\u0103s\u0103?!<\/p>\n<p>De ce murd\u0103ria<\/p>\n<p>Acoper\u0103 tot?!<\/p>\n<p>\u015ei strada-i un suflet<\/p>\n<p>Iar praful o spurc\u0103<\/p>\n<p>S\u0103 facem s\u0103 fie<\/p>\n<p>Curat peste tot.<\/p>\n<p>&nbsp;<\/p>\n<p>24 noiembrie 2013<\/p>\n<p>&nbsp;<\/p>\n<p>&nbsp;<\/p>\n<p>&nbsp;<\/p>\n<p><strong>Lacrimi\u2026<\/strong><\/p>\n<p>&nbsp;<\/p>\n<p>Lacrimi de bucurie<\/p>\n<p>S-au prelins din ochii t\u0103i<\/p>\n<p>Ce-am f\u0103cut ca s\u0103 le merit?!<\/p>\n<p>De ce-s umezi ochii mei?!<\/p>\n<p>&nbsp;<\/p>\n<p>Am primit c\u00e2teva r\u00e2nduri<\/p>\n<p>Ce ar umple-un \u00eentreg tom \u2013<\/p>\n<p>Cine poate s\u0103-n\u0163eleag\u0103<\/p>\n<p>C\u0103-mi \u00eendrept pa\u015fii spre-un Dom!<\/p>\n<p>&nbsp;<\/p>\n<p>Doar \u00eentr-un l\u0103ca\u015f de tain\u0103<\/p>\n<p>A\u015f putea s\u0103 reg\u0103sesc,<\/p>\n<p>Lini\u015ftea de ieri pierdut\u0103,<\/p>\n<p>Bucuria c\u0103 tr\u0103iesc.<\/p>\n<p>&nbsp;<\/p>\n<p>Uneori sunt clipe-n care,<\/p>\n<p>Vreau chiar Lui s\u0103-i mul\u0163umesc\u2026<\/p>\n<p>&nbsp;<\/p>\n<p>13 decembrie 2013<\/p>\n<p>&nbsp;<\/p>\n<p><strong>Boris David<\/strong><\/p>\n<p><strong>\u00a0<\/strong><\/p>\n<p>(Din\u00a0 volumul<strong> Postume vii<\/strong>\u2026 de <strong>Daris Basarab<\/strong> alias<strong> Boris David<\/strong>,\u00a0 Editura Mu\u0219atinia, Roman)<\/p>\n","protected":false},"excerpt":{"rendered":"<p>&nbsp; &nbsp; &nbsp; Dor de\u2026 &nbsp; Dor de dorurile mele Dor de duc\u0103, dor de mare Dor de via\u0163\u0103 \u015fi [&#038;hellip<\/p>\n","protected":false},"author":1,"featured_media":0,"comment_status":"closed","ping_status":"closed","sticky":false,"template":"","format":"standard","meta":{"footnotes":""},"categories":[3],"tags":[],"class_list":["post-16748","post","type-post","status-publish","format-standard","hentry","category-articole"],"_links":{"self":[{"href":"https:\/\/www.marianagurza.ro\/blog\/wp-json\/wp\/v2\/posts\/16748","targetHints":{"allow":["GET"]}}],"collection":[{"href":"https:\/\/www.marianagurza.ro\/blog\/wp-json\/wp\/v2\/posts"}],"about":[{"href":"https:\/\/www.marianagurza.ro\/blog\/wp-json\/wp\/v2\/types\/post"}],"author":[{"embeddable":true,"href":"https:\/\/www.marianagurza.ro\/blog\/wp-json\/wp\/v2\/users\/1"}],"replies":[{"embeddable":true,"href":"https:\/\/www.marianagurza.ro\/blog\/wp-json\/wp\/v2\/comments?post=16748"}],"version-history":[{"count":7,"href":"https:\/\/www.marianagurza.ro\/blog\/wp-json\/wp\/v2\/posts\/16748\/revisions"}],"predecessor-version":[{"id":16752,"href":"https:\/\/www.marianagurza.ro\/blog\/wp-json\/wp\/v2\/posts\/16748\/revisions\/16752"}],"wp:attachment":[{"href":"https:\/\/www.marianagurza.ro\/blog\/wp-json\/wp\/v2\/media?parent=16748"}],"wp:term":[{"taxonomy":"category","embeddable":true,"href":"https:\/\/www.marianagurza.ro\/blog\/wp-json\/wp\/v2\/categories?post=16748"},{"taxonomy":"post_tag","embeddable":true,"href":"https:\/\/www.marianagurza.ro\/blog\/wp-json\/wp\/v2\/tags?post=16748"}],"curies":[{"name":"wp","href":"https:\/\/api.w.org\/{rel}","templated":true}]}}