{"id":16780,"date":"2013-12-21T11:09:26","date_gmt":"2013-12-21T11:09:26","guid":{"rendered":"http:\/\/www.marianagurza.ro\/blog\/?p=16780"},"modified":"2013-12-21T11:09:26","modified_gmt":"2013-12-21T11:09:26","slug":"boris-david-amintiri-din-basarabia-rapita","status":"publish","type":"post","link":"https:\/\/www.marianagurza.ro\/blog\/2013\/12\/21\/boris-david-amintiri-din-basarabia-rapita\/","title":{"rendered":"Boris David: Amintiri din Basarabia r\u0103pit\u0103&#8230;"},"content":{"rendered":"<p style=\"text-align: center;\"><a href=\"http:\/\/www.marianagurza.ro\/blog\/wp-content\/uploads\/2013\/12\/646x404.jpg\"><img loading=\"lazy\" decoding=\"async\" class=\"size-medium wp-image-16781\" title=\"ismail\" src=\"http:\/\/www.marianagurza.ro\/blog\/wp-content\/uploads\/2013\/12\/646x404-300x187.jpg\" alt=\"\" width=\"300\" height=\"187\" srcset=\"https:\/\/www.marianagurza.ro\/blog\/wp-content\/uploads\/2013\/12\/646x404-300x187.jpg 300w, https:\/\/www.marianagurza.ro\/blog\/wp-content\/uploads\/2013\/12\/646x404.jpg 646w\" sizes=\"auto, (max-width: 300px) 100vw, 300px\" \/><\/a><\/p>\n<p style=\"text-align: center;\">\n<p><strong>\u00a0\u00a0\u00a0\u00a0\u00a0\u00a0\u00a0\u00a0\u00a0\u00a0\u00a0\u00a0\u00a0\u00a0 Mo\u015f Geril\u0103<br \/>\n<\/strong><br \/>\nMo\u015f Cr\u0103ciun, din totdeauna<br \/>\nBun, b\u0103tr\u00e2n, cu p\u0103rul dalb<br \/>\nCine a avut ideea<br \/>\nS\u0103 te strige ca pe-un alt<br \/>\nS\u0103-\u0163i traduc\u0103 al t\u0103u nume<br \/>\nDintr-o limb\u0103 ce nu-i dac\u0103<br \/>\nS\u0103 te fac\u0103 Mo\u015f Geril\u0103<br \/>\nS\u0103 apari la alt\u0103 dat\u0103?!<\/p>\n<p>Tu, din datina str\u0103bun\u0103<br \/>\nAi venit doar de Cr\u0103ciun<br \/>\nTo\u0163i \u00ee\u0163i cuno\u015fteam n\u0103ravul<br \/>\nA\u015ftept\u00e2ndu-te-n Ajun<\/p>\n<p>L\u00e2ng\u0103-un foc ce str\u00e2ngea-n cas\u0103<br \/>\nTot ce-i neam l-aceea\u015fi mas\u0103<br \/>\nL\u00e2ng\u0103-un pom sclipind de stele<br \/>\nCu copii, cu ochi m\u0103rgele.<\/p>\n<p>C\u00e2nd vorbeam de Mo\u015f Cr\u0103ciun<br \/>\nDe la mic p\u00e2n\u0103 la mare<br \/>\nDegustam fiorul care<br \/>\nNe-arunca \u00een alt\u0103 lume<br \/>\nLume scoas\u0103 din poveste<br \/>\nCe-o vedeam c-a\u015fa \u015fi este<br \/>\nPlin\u0103 de minuni, fantasme<br \/>\nMinunat\u0103 ca \u00een basme.<\/p>\n<p>Azi c\u00e2nd spunem Mo\u015f Geril\u0103<br \/>\nSun\u0103 cam str\u0103in, cam fals<br \/>\nNe p\u0103trund fiori de ghia\u0163\u0103<br \/>\nL-acest nume cam banal<br \/>\nTu apari ca \u015f-alt\u0103 dat\u0103<br \/>\n\u2019N seara zisului ajun<br \/>\nDar ajun de Anul Nou<br \/>\nNu-i Ajunul de Cr\u0103ciun&#8230;<\/p>\n<p>24 dec.\u201977<br \/>\nMaputo<\/p>\n","protected":false},"excerpt":{"rendered":"<p>\u00a0\u00a0\u00a0\u00a0\u00a0\u00a0\u00a0\u00a0\u00a0\u00a0\u00a0\u00a0\u00a0\u00a0 Mo\u015f Geril\u0103 Mo\u015f Cr\u0103ciun, din totdeauna Bun, b\u0103tr\u00e2n, cu p\u0103rul dalb Cine a avut ideea S\u0103 te strige ca [&#038;hellip<\/p>\n","protected":false},"author":1,"featured_media":0,"comment_status":"closed","ping_status":"closed","sticky":false,"template":"","format":"standard","meta":{"footnotes":""},"categories":[3],"tags":[],"class_list":["post-16780","post","type-post","status-publish","format-standard","hentry","category-articole"],"_links":{"self":[{"href":"https:\/\/www.marianagurza.ro\/blog\/wp-json\/wp\/v2\/posts\/16780","targetHints":{"allow":["GET"]}}],"collection":[{"href":"https:\/\/www.marianagurza.ro\/blog\/wp-json\/wp\/v2\/posts"}],"about":[{"href":"https:\/\/www.marianagurza.ro\/blog\/wp-json\/wp\/v2\/types\/post"}],"author":[{"embeddable":true,"href":"https:\/\/www.marianagurza.ro\/blog\/wp-json\/wp\/v2\/users\/1"}],"replies":[{"embeddable":true,"href":"https:\/\/www.marianagurza.ro\/blog\/wp-json\/wp\/v2\/comments?post=16780"}],"version-history":[{"count":2,"href":"https:\/\/www.marianagurza.ro\/blog\/wp-json\/wp\/v2\/posts\/16780\/revisions"}],"predecessor-version":[{"id":16783,"href":"https:\/\/www.marianagurza.ro\/blog\/wp-json\/wp\/v2\/posts\/16780\/revisions\/16783"}],"wp:attachment":[{"href":"https:\/\/www.marianagurza.ro\/blog\/wp-json\/wp\/v2\/media?parent=16780"}],"wp:term":[{"taxonomy":"category","embeddable":true,"href":"https:\/\/www.marianagurza.ro\/blog\/wp-json\/wp\/v2\/categories?post=16780"},{"taxonomy":"post_tag","embeddable":true,"href":"https:\/\/www.marianagurza.ro\/blog\/wp-json\/wp\/v2\/tags?post=16780"}],"curies":[{"name":"wp","href":"https:\/\/api.w.org\/{rel}","templated":true}]}}