{"id":16791,"date":"2013-12-22T08:01:08","date_gmt":"2013-12-22T08:01:08","guid":{"rendered":"http:\/\/www.marianagurza.ro\/blog\/?p=16791"},"modified":"2013-12-22T08:01:08","modified_gmt":"2013-12-22T08:01:08","slug":"sandu-catinean-prin-zapezi-o-caprioara","status":"publish","type":"post","link":"https:\/\/www.marianagurza.ro\/blog\/2013\/12\/22\/sandu-catinean-prin-zapezi-o-caprioara\/","title":{"rendered":"Sandu C\u0103tinean: Prin z\u0103pezi, o c\u0103prioar\u0103"},"content":{"rendered":"<p style=\"text-align: center;\"><a href=\"http:\/\/www.marianagurza.ro\/blog\/wp-content\/uploads\/2013\/12\/index.jpg\"><img loading=\"lazy\" decoding=\"async\" class=\"size-full wp-image-16792\" title=\"index\" src=\"http:\/\/www.marianagurza.ro\/blog\/wp-content\/uploads\/2013\/12\/index.jpg\" alt=\"\" width=\"275\" height=\"184\" \/><\/a><\/p>\n<p style=\"text-align: center;\">\n<p><strong>\u00a0\u00a0\u00a0\u00a0\u00a0\u00a0\u00a0\u00a0\u00a0\u00a0\u00a0\u00a0 Prin z\u0103pezi, o c\u0103prioar\u0103<\/strong><\/p>\n<p>&nbsp;<\/p>\n<p>&nbsp;<\/p>\n<p>Prin z\u0103pezi, o c\u0103prioar\u0103<\/p>\n<p>Trece trist, adulmec\u00e2nd<\/p>\n<p>Puiul ei, bl\u0103ni\u0163\u0103 sur\u0103<\/p>\n<p>Salt\u0103-ncet, z\u0103pezi trec\u00e2nd<\/p>\n<p>&nbsp;<\/p>\n<p>Umbra lunii se aga\u0163\u0103<\/p>\n<p>De un pin, pe cetini verzi<\/p>\n<p>Brazii str\u0103lucesc pe creste<\/p>\n<p>Parc-ar fi ai lumii g\u0103rzi<\/p>\n<p>&nbsp;<\/p>\n<p>Botul fin se \u00eenfioar\u0103<\/p>\n<p>De al nop\u0163ii ger cumplit<\/p>\n<p>Zgribulit tremur\u0103 puiul<\/p>\n<p>Prin z\u0103pezi \u00eenpotmolit<\/p>\n<p>&nbsp;<\/p>\n<p>C\u0103prioara se \u00eentoarce<\/p>\n<p>Linge puiul pe botic<\/p>\n<p>Prin fuioare de-ntuneric<\/p>\n<p>Ghemotoc de suflet mic<\/p>\n<p>&nbsp;<\/p>\n<p>Ce n\u0103prasnic sun\u0103 gerul<\/p>\n<p>Prin z\u0103pada sc\u00e2nteind<\/p>\n<p>Ochii tri\u015fti ai c\u0103prioarei<\/p>\n<p>M\u00e2ng\u00e2ind puiu\u0163ul bland<\/p>\n<p>&nbsp;<\/p>\n<p>Scr\u00e2\u015fnete pe flori de ghea\u0163\u0103<\/p>\n<p>Tulbur\u0103 t\u0103cerea nop\u0163ii<\/p>\n<p>Prin z\u0103pezi de-un alb feeric<\/p>\n<p>Se ghice\u015fte umbra mor\u0163ii<\/p>\n<p>&nbsp;<\/p>\n<p>Lini\u015ftea se-ntinde tainic<\/p>\n<p>Puiul prin z\u0103pezi sc\u00e2nce\u015fte<\/p>\n<p>C\u0103prioara simte r\u0103ul<\/p>\n<p>Spre poian\u0103 se gr\u0103be\u015fte<\/p>\n<p>&nbsp;<\/p>\n<p>Se aude-un susur fin<\/p>\n<p>De izvor ce-nfrunt\u0103 gerul<\/p>\n<p>Ape reci sfid\u00e2nd t\u0103cerea<\/p>\n<p>Ad\u00e2ncesc mai mult misterul<\/p>\n<p>&nbsp;<\/p>\n<p>Prin tufi\u015f str\u0103luce luna<\/p>\n<p>Iarba aspr\u0103 str\u0103lucind<\/p>\n<p>C\u0103prioara-\u015fi cheam\u0103 puiul<\/p>\n<p>Pe sub cetini ad\u00e2ncind<\/p>\n<p>&nbsp;<\/p>\n<p>Scormonind z\u0103pada dur\u0103<\/p>\n<p>Sf\u00e2\u015fie t\u0103cerea vast\u0103<\/p>\n<p>Iar din mun\u0163i coboar\u0103-un urlet<\/p>\n<p>Undeva de pe o creast\u0103<\/p>\n<p>&nbsp;<\/p>\n<p>Cuib\u0103rind a neputin\u0163\u0103<\/p>\n<p>Tremur\u0103-n ad\u00e2ncitur\u0103<\/p>\n<p>Cu boticul \u00een bl\u0103ni\u0163\u0103<\/p>\n<p>Puiul caut\u0103 c\u0103ldur\u0103<\/p>\n<p>&nbsp;<\/p>\n<p>Apoi, lini\u015ftea se-a\u015fterne<\/p>\n<p>Gerul tremur\u0103 mai tare<\/p>\n<p>Pe sub cetini trece-o umbr\u0103<\/p>\n<p>De t\u0103cere care doare<\/p>\n<p>&nbsp;<\/p>\n<p>C\u0103prioara-ncet muge\u015fte<\/p>\n<p>Peste puiul adormit<\/p>\n<p>\u015ei adoarme-ncet, molatec<\/p>\n<p>Cu un sc\u00e2ncet mul\u0163umit&#8230;<\/p>\n<p>&nbsp;<\/p>\n<p>Sandu C\u0103tinean \u2013 din Bon\u0163ida<\/p>\n<p>&nbsp;<\/p>\n","protected":false},"excerpt":{"rendered":"<p>\u00a0\u00a0\u00a0\u00a0\u00a0\u00a0\u00a0\u00a0\u00a0\u00a0\u00a0\u00a0 Prin z\u0103pezi, o c\u0103prioar\u0103 &nbsp; &nbsp; Prin z\u0103pezi, o c\u0103prioar\u0103 Trece trist, adulmec\u00e2nd Puiul ei, bl\u0103ni\u0163\u0103 sur\u0103 Salt\u0103-ncet, z\u0103pezi [&#038;hellip<\/p>\n","protected":false},"author":1,"featured_media":0,"comment_status":"closed","ping_status":"closed","sticky":false,"template":"","format":"standard","meta":{"footnotes":""},"categories":[3],"tags":[],"class_list":["post-16791","post","type-post","status-publish","format-standard","hentry","category-articole"],"_links":{"self":[{"href":"https:\/\/www.marianagurza.ro\/blog\/wp-json\/wp\/v2\/posts\/16791","targetHints":{"allow":["GET"]}}],"collection":[{"href":"https:\/\/www.marianagurza.ro\/blog\/wp-json\/wp\/v2\/posts"}],"about":[{"href":"https:\/\/www.marianagurza.ro\/blog\/wp-json\/wp\/v2\/types\/post"}],"author":[{"embeddable":true,"href":"https:\/\/www.marianagurza.ro\/blog\/wp-json\/wp\/v2\/users\/1"}],"replies":[{"embeddable":true,"href":"https:\/\/www.marianagurza.ro\/blog\/wp-json\/wp\/v2\/comments?post=16791"}],"version-history":[{"count":2,"href":"https:\/\/www.marianagurza.ro\/blog\/wp-json\/wp\/v2\/posts\/16791\/revisions"}],"predecessor-version":[{"id":16794,"href":"https:\/\/www.marianagurza.ro\/blog\/wp-json\/wp\/v2\/posts\/16791\/revisions\/16794"}],"wp:attachment":[{"href":"https:\/\/www.marianagurza.ro\/blog\/wp-json\/wp\/v2\/media?parent=16791"}],"wp:term":[{"taxonomy":"category","embeddable":true,"href":"https:\/\/www.marianagurza.ro\/blog\/wp-json\/wp\/v2\/categories?post=16791"},{"taxonomy":"post_tag","embeddable":true,"href":"https:\/\/www.marianagurza.ro\/blog\/wp-json\/wp\/v2\/tags?post=16791"}],"curies":[{"name":"wp","href":"https:\/\/api.w.org\/{rel}","templated":true}]}}