{"id":16803,"date":"2013-12-22T13:24:11","date_gmt":"2013-12-22T13:24:11","guid":{"rendered":"http:\/\/www.marianagurza.ro\/blog\/?p=16803"},"modified":"2013-12-22T13:24:11","modified_gmt":"2013-12-22T13:24:11","slug":"boris-david-pentru-maria-cand-va-fi-mare%e2%80%a6","status":"publish","type":"post","link":"https:\/\/www.marianagurza.ro\/blog\/2013\/12\/22\/boris-david-pentru-maria-cand-va-fi-mare%e2%80%a6\/","title":{"rendered":"Boris David: Pentru Maria, c\u00e2nd va fi mare\u2026"},"content":{"rendered":"<p style=\"text-align: center;\"><a href=\"http:\/\/www.marianagurza.ro\/blog\/wp-content\/uploads\/2013\/12\/FELICITARE.jpg\"><img loading=\"lazy\" decoding=\"async\" class=\"size-full wp-image-16804\" title=\"FELICITARE\" src=\"http:\/\/www.marianagurza.ro\/blog\/wp-content\/uploads\/2013\/12\/FELICITARE.jpg\" alt=\"\" width=\"275\" height=\"183\" \/><\/a><\/p>\n<p style=\"text-align: center;\">\n<p><strong>\u00a0\u00a0\u00a0\u00a0\u00a0\u00a0\u00a0\u00a0\u00a0\u00a0 Ascult\u2026<\/strong><\/p>\n<p>&nbsp;<\/p>\n<p>Ascult o muzic\u0103 Divin\u0103<\/p>\n<p>Din Bach, din Beethoven, din mine \u2013<\/p>\n<p>Din suflet se \u00eenal\u0163\u0103-o rug\u0103<\/p>\n<p>Ce o \u00eeng\u00e2n pe versuri line.<\/p>\n<p>&nbsp;<\/p>\n<p>Ce versuri?! Dac-a\u015f \u015fti, le-a\u015f scrie \u2013<\/p>\n<p>Spre Domnul par s\u0103 se \u00eendrepte \u2013<\/p>\n<p>Imboldul nu-mi d\u0103 liber la g\u00e2ndire<\/p>\n<p>\u015ei ele curg din mine, f\u0103r\u2019 s-a\u015ftepte.<\/p>\n<p>&nbsp;<\/p>\n<p>O fi de vin\u0103 atmosfera<\/p>\n<p>De lini\u015fte, ce ne cuprinde \u2013<\/p>\n<p>Colindele p\u0103trund \u00een case,<\/p>\n<p>Iar pomul, de lumini se-aprinde.<\/p>\n<p>&nbsp;<\/p>\n<p>Sonet fiind, s\u0103-nchei cu o urare \u2013<\/p>\n<p>Cr\u0103ciun, la to\u0163i, cu bucurie mare!<\/p>\n<p>&nbsp;<\/p>\n<p>Boris David<\/p>\n<p>22 decembrie 2013<\/p>\n","protected":false},"excerpt":{"rendered":"<p>\u00a0\u00a0\u00a0\u00a0\u00a0\u00a0\u00a0\u00a0\u00a0\u00a0 Ascult\u2026 &nbsp; Ascult o muzic\u0103 Divin\u0103 Din Bach, din Beethoven, din mine \u2013 Din suflet se \u00eenal\u0163\u0103-o rug\u0103 Ce [&#038;hellip<\/p>\n","protected":false},"author":1,"featured_media":0,"comment_status":"closed","ping_status":"closed","sticky":false,"template":"","format":"standard","meta":{"footnotes":""},"categories":[3],"tags":[],"class_list":["post-16803","post","type-post","status-publish","format-standard","hentry","category-articole"],"_links":{"self":[{"href":"https:\/\/www.marianagurza.ro\/blog\/wp-json\/wp\/v2\/posts\/16803","targetHints":{"allow":["GET"]}}],"collection":[{"href":"https:\/\/www.marianagurza.ro\/blog\/wp-json\/wp\/v2\/posts"}],"about":[{"href":"https:\/\/www.marianagurza.ro\/blog\/wp-json\/wp\/v2\/types\/post"}],"author":[{"embeddable":true,"href":"https:\/\/www.marianagurza.ro\/blog\/wp-json\/wp\/v2\/users\/1"}],"replies":[{"embeddable":true,"href":"https:\/\/www.marianagurza.ro\/blog\/wp-json\/wp\/v2\/comments?post=16803"}],"version-history":[{"count":2,"href":"https:\/\/www.marianagurza.ro\/blog\/wp-json\/wp\/v2\/posts\/16803\/revisions"}],"predecessor-version":[{"id":16806,"href":"https:\/\/www.marianagurza.ro\/blog\/wp-json\/wp\/v2\/posts\/16803\/revisions\/16806"}],"wp:attachment":[{"href":"https:\/\/www.marianagurza.ro\/blog\/wp-json\/wp\/v2\/media?parent=16803"}],"wp:term":[{"taxonomy":"category","embeddable":true,"href":"https:\/\/www.marianagurza.ro\/blog\/wp-json\/wp\/v2\/categories?post=16803"},{"taxonomy":"post_tag","embeddable":true,"href":"https:\/\/www.marianagurza.ro\/blog\/wp-json\/wp\/v2\/tags?post=16803"}],"curies":[{"name":"wp","href":"https:\/\/api.w.org\/{rel}","templated":true}]}}