{"id":17208,"date":"2014-01-23T07:56:39","date_gmt":"2014-01-23T07:56:39","guid":{"rendered":"http:\/\/www.marianagurza.ro\/blog\/?p=17208"},"modified":"2014-01-23T07:56:39","modified_gmt":"2014-01-23T07:56:39","slug":"vasile-alecsandri-hora-unirii","status":"publish","type":"post","link":"https:\/\/www.marianagurza.ro\/blog\/2014\/01\/23\/vasile-alecsandri-hora-unirii\/","title":{"rendered":"Vasile Alecsandri: Hora Unirii"},"content":{"rendered":"<p style=\"text-align: center;\"><a href=\"http:\/\/www.marianagurza.ro\/blog\/wp-content\/uploads\/2014\/01\/hora-unirii.jpg\"><img loading=\"lazy\" decoding=\"async\" class=\"size-medium wp-image-17209\" title=\"hora-unirii\" src=\"http:\/\/www.marianagurza.ro\/blog\/wp-content\/uploads\/2014\/01\/hora-unirii-300x189.jpg\" alt=\"\" width=\"300\" height=\"189\" srcset=\"https:\/\/www.marianagurza.ro\/blog\/wp-content\/uploads\/2014\/01\/hora-unirii-300x189.jpg 300w, https:\/\/www.marianagurza.ro\/blog\/wp-content\/uploads\/2014\/01\/hora-unirii.jpg 500w\" sizes=\"auto, (max-width: 300px) 100vw, 300px\" \/><\/a><\/p>\n<p style=\"text-align: center;\">\n<p style=\"text-align: left;\"><strong>Hora Unirii<\/strong><\/p>\n<p style=\"text-align: left;\">\u00a0\u00a0\u00a0\u00a0\u00a0\u00a0\u00a0\u00a0\u00a0\u00a0\u00a0 de Vasile Alecsandri<\/p>\n<p style=\"text-align: left;\">\n<p style=\"text-align: left;\"><span>Hai s\u0103 d\u0103m m\u00e2n\u0103 cu m\u00e2n\u0103<br \/>\nCei cu inim\u0103 rom\u00e2n\u0103,<br \/>\nS\u0103-nv\u00e2rtim hora fr\u0103\u0163iei<br \/>\nPe p\u0103m\u00e2ntul Rom\u00e2niei!<\/p>\n<p>Iarba rea din holde piar\u0103!<br \/>\nPiar\u0103 du\u015fm\u0103nia-n \u0163ar\u0103!<br \/>\n\u00centre noi s\u0103 nu mai fie<br \/>\nDec\u00e2t flori \u015fi omenie!<\/p>\n<p>M\u0103i muntene, m\u0103i vecine,<br \/>\nVin\u0103 s\u0103 te prinzi cu mine<br \/>\n\u015ei la via\u0163\u0103 cu unire,<br \/>\n\u015ei la moarte cu-nfr\u0103\u0163ire!<\/p>\n<p>Unde-i unul, nu-i putere<br \/>\nLa nevoi \u015fi la durere.<br \/>\nUnde-s doi, puterea cre\u015fte<br \/>\n\u015ei du\u015fmanul nu spore\u015fte!<\/p>\n<p>Am\u00e2ndoi suntem de-o mam\u0103,<br \/>\nDe-o f\u0103ptur\u0103 \u015fi de-o seam\u0103,<br \/>\nCa doi brazi \u00eentr-o tulpin\u0103,<br \/>\nCa doi ochi \u00eentr-o lumin\u0103.<\/p>\n<p>Am\u00e2ndoi avem un nume,<br \/>\nAm\u00e2ndoi o soart\u0103-n lume.<br \/>\nEu \u0163i-s frate, tu mi-e\u015fti frate,<br \/>\n\u00cen noi doi un suflet bate!<\/p>\n<p>Vin&#8217; la Milcov cu gr\u0103bire<br \/>\nS\u0103-1 sec\u0103m dintr-o sorbire,<br \/>\nCa s\u0103 treac\u0103 drumul mare<br \/>\nPeste-a noastre vechi hotare,<\/p>\n<p>\u015ei s\u0103 vad\u0103 sf\u00e2ntul soare<br \/>\n\u00centr-o zi de s\u0103rb\u0103toare<br \/>\nHora noastr\u0103 cea fr\u0103\u0163easc\u0103<br \/>\nPe c\u00e2mpia rom\u00e2neasc\u0103!<\/span><\/p>\n<p style=\"text-align: left;\">1857<\/p>\n<p style=\"text-align: left;\">\n","protected":false},"excerpt":{"rendered":"<p>Hora Unirii \u00a0\u00a0\u00a0\u00a0\u00a0\u00a0\u00a0\u00a0\u00a0\u00a0\u00a0 de Vasile Alecsandri Hai s\u0103 d\u0103m m\u00e2n\u0103 cu m\u00e2n\u0103 Cei cu inim\u0103 rom\u00e2n\u0103, S\u0103-nv\u00e2rtim hora fr\u0103\u0163iei Pe [&#038;hellip<\/p>\n","protected":false},"author":1,"featured_media":0,"comment_status":"closed","ping_status":"closed","sticky":false,"template":"","format":"standard","meta":{"footnotes":""},"categories":[3],"tags":[],"class_list":["post-17208","post","type-post","status-publish","format-standard","hentry","category-articole"],"_links":{"self":[{"href":"https:\/\/www.marianagurza.ro\/blog\/wp-json\/wp\/v2\/posts\/17208","targetHints":{"allow":["GET"]}}],"collection":[{"href":"https:\/\/www.marianagurza.ro\/blog\/wp-json\/wp\/v2\/posts"}],"about":[{"href":"https:\/\/www.marianagurza.ro\/blog\/wp-json\/wp\/v2\/types\/post"}],"author":[{"embeddable":true,"href":"https:\/\/www.marianagurza.ro\/blog\/wp-json\/wp\/v2\/users\/1"}],"replies":[{"embeddable":true,"href":"https:\/\/www.marianagurza.ro\/blog\/wp-json\/wp\/v2\/comments?post=17208"}],"version-history":[{"count":2,"href":"https:\/\/www.marianagurza.ro\/blog\/wp-json\/wp\/v2\/posts\/17208\/revisions"}],"predecessor-version":[{"id":17211,"href":"https:\/\/www.marianagurza.ro\/blog\/wp-json\/wp\/v2\/posts\/17208\/revisions\/17211"}],"wp:attachment":[{"href":"https:\/\/www.marianagurza.ro\/blog\/wp-json\/wp\/v2\/media?parent=17208"}],"wp:term":[{"taxonomy":"category","embeddable":true,"href":"https:\/\/www.marianagurza.ro\/blog\/wp-json\/wp\/v2\/categories?post=17208"},{"taxonomy":"post_tag","embeddable":true,"href":"https:\/\/www.marianagurza.ro\/blog\/wp-json\/wp\/v2\/tags?post=17208"}],"curies":[{"name":"wp","href":"https:\/\/api.w.org\/{rel}","templated":true}]}}