{"id":17244,"date":"2014-01-26T19:00:58","date_gmt":"2014-01-26T19:00:58","guid":{"rendered":"http:\/\/www.marianagurza.ro\/blog\/?p=17244"},"modified":"2014-01-26T19:00:58","modified_gmt":"2014-01-26T19:00:58","slug":"narcisa-irina-siminiuc-vantul-iernii","status":"publish","type":"post","link":"https:\/\/www.marianagurza.ro\/blog\/2014\/01\/26\/narcisa-irina-siminiuc-vantul-iernii\/","title":{"rendered":"Narcisa Irina Siminiuc: V\u00e2ntul iernii"},"content":{"rendered":"<p style=\"text-align: center;\"><a href=\"http:\/\/www.marianagurza.ro\/blog\/wp-content\/uploads\/2014\/01\/narcisa-irina-siminiuc....jpg\"><img loading=\"lazy\" decoding=\"async\" class=\"size-medium wp-image-17245\" title=\"narcisa irina siminiuc...\" src=\"http:\/\/www.marianagurza.ro\/blog\/wp-content\/uploads\/2014\/01\/narcisa-irina-siminiuc...-300x187.jpg\" alt=\"\" width=\"300\" height=\"187\" srcset=\"https:\/\/www.marianagurza.ro\/blog\/wp-content\/uploads\/2014\/01\/narcisa-irina-siminiuc...-300x187.jpg 300w, https:\/\/www.marianagurza.ro\/blog\/wp-content\/uploads\/2014\/01\/narcisa-irina-siminiuc....jpg 900w\" sizes=\"auto, (max-width: 300px) 100vw, 300px\" \/><\/a><\/p>\n<p style=\"text-align: center;\">\n<p><strong>V\u00e2ntul iernii<\/strong><\/p>\n<p>Hain vuie\u0219te<br \/>\nv\u00e2ntul iernii<br \/>\nprin codrul<br \/>\ndezbr\u0103cat de verde<br \/>\n\u0219i spulber\u0103<br \/>\nz\u0103pada alb\u0103<br \/>\n\u0219i seam\u0103n\u0103 urgie.<\/p>\n<p>A jale-\u0219i<br \/>\npleac\u0103 creanga,<br \/>\nun mai t\u00e2n\u0103r stejar,<br \/>\nt\u00e2njind,<br \/>\nla haina cald\u0103,<br \/>\na fostei prim\u0103veri.<\/p>\n<p>La ad\u0103post<br \/>\nde v\u00e2nturi<br \/>\n\u0219i ninsori,<br \/>\nl\u00e2ng\u0103 un fir<br \/>\nde lum\u00e2nare,<br \/>\no b\u0103tr\u00e2nic\u0103<br \/>\nalb\u0103-n cre\u0219tet,<br \/>\ncite\u0219te cu glas stins,<br \/>\nr\u0103spunsul<br \/>\nla scrisoare.<\/p>\n<p>Narcisa Irina Siminiuc<\/p>\n<p>Imagine: Carmena Tudoran<br \/>\n26.01.2014<\/p>\n","protected":false},"excerpt":{"rendered":"<p>V\u00e2ntul iernii Hain vuie\u0219te v\u00e2ntul iernii prin codrul dezbr\u0103cat de verde \u0219i spulber\u0103 z\u0103pada alb\u0103 \u0219i seam\u0103n\u0103 urgie. A jale-\u0219i [&#038;hellip<\/p>\n","protected":false},"author":1,"featured_media":0,"comment_status":"closed","ping_status":"closed","sticky":false,"template":"","format":"standard","meta":{"footnotes":""},"categories":[3],"tags":[],"class_list":["post-17244","post","type-post","status-publish","format-standard","hentry","category-articole"],"_links":{"self":[{"href":"https:\/\/www.marianagurza.ro\/blog\/wp-json\/wp\/v2\/posts\/17244","targetHints":{"allow":["GET"]}}],"collection":[{"href":"https:\/\/www.marianagurza.ro\/blog\/wp-json\/wp\/v2\/posts"}],"about":[{"href":"https:\/\/www.marianagurza.ro\/blog\/wp-json\/wp\/v2\/types\/post"}],"author":[{"embeddable":true,"href":"https:\/\/www.marianagurza.ro\/blog\/wp-json\/wp\/v2\/users\/1"}],"replies":[{"embeddable":true,"href":"https:\/\/www.marianagurza.ro\/blog\/wp-json\/wp\/v2\/comments?post=17244"}],"version-history":[{"count":2,"href":"https:\/\/www.marianagurza.ro\/blog\/wp-json\/wp\/v2\/posts\/17244\/revisions"}],"predecessor-version":[{"id":17247,"href":"https:\/\/www.marianagurza.ro\/blog\/wp-json\/wp\/v2\/posts\/17244\/revisions\/17247"}],"wp:attachment":[{"href":"https:\/\/www.marianagurza.ro\/blog\/wp-json\/wp\/v2\/media?parent=17244"}],"wp:term":[{"taxonomy":"category","embeddable":true,"href":"https:\/\/www.marianagurza.ro\/blog\/wp-json\/wp\/v2\/categories?post=17244"},{"taxonomy":"post_tag","embeddable":true,"href":"https:\/\/www.marianagurza.ro\/blog\/wp-json\/wp\/v2\/tags?post=17244"}],"curies":[{"name":"wp","href":"https:\/\/api.w.org\/{rel}","templated":true}]}}