{"id":17294,"date":"2014-01-29T17:02:09","date_gmt":"2014-01-29T17:02:09","guid":{"rendered":"http:\/\/www.marianagurza.ro\/blog\/?p=17294"},"modified":"2014-01-29T17:14:47","modified_gmt":"2014-01-29T17:14:47","slug":"tanta-botezatu-am-sa-ma-lupt-sa-nving-mereu","status":"publish","type":"post","link":"https:\/\/www.marianagurza.ro\/blog\/2014\/01\/29\/tanta-botezatu-am-sa-ma-lupt-sa-nving-mereu\/","title":{"rendered":"Tan\u021ba Botezatu: Am s\u0103 m\u0103 lupt s\u0103-nving mereu!"},"content":{"rendered":"<p style=\"text-align: center;\"><a href=\"http:\/\/www.marianagurza.ro\/blog\/wp-content\/uploads\/2014\/01\/1383101_184612985062847_1852227728_n.jpg\"><img loading=\"lazy\" decoding=\"async\" class=\"size-thumbnail wp-image-17299\" title=\"1383101_184612985062847_1852227728_n\" src=\"http:\/\/www.marianagurza.ro\/blog\/wp-content\/uploads\/2014\/01\/1383101_184612985062847_1852227728_n-150x150.jpg\" alt=\"\" width=\"150\" height=\"150\" srcset=\"https:\/\/www.marianagurza.ro\/blog\/wp-content\/uploads\/2014\/01\/1383101_184612985062847_1852227728_n-150x150.jpg 150w, https:\/\/www.marianagurza.ro\/blog\/wp-content\/uploads\/2014\/01\/1383101_184612985062847_1852227728_n-300x300.jpg 300w, https:\/\/www.marianagurza.ro\/blog\/wp-content\/uploads\/2014\/01\/1383101_184612985062847_1852227728_n.jpg 792w\" sizes=\"auto, (max-width: 150px) 100vw, 150px\" \/><\/a><\/p>\n<p><strong>\u00a0\u00a0\u00a0\u00a0\u00a0\u00a0\u00a0\u00a0\u00a0\u00a0\u00a0\u00a0\u00a0\u00a0\u00a0\u00a0\u00a0\u00a0\u00a0\u00a0\u00a0\u00a0 <\/strong><\/p>\n<p><strong>\u00a0\u00a0\u00a0\u00a0\u00a0\u00a0\u00a0\u00a0\u00a0\u00a0\u00a0\u00a0\u00a0\u00a0\u00a0\u00a0\u00a0\u00a0\u00a0\u00a0\u00a0\u00a0\u00a0\u00a0 Am s\u0103 m\u0103 lupt s\u0103-nving mereu!<\/strong><\/p>\n<p>&nbsp;<\/p>\n<p>Calvar mi-e via\u021ba da-l \u00eendur<\/p>\n<p>Ca pe-un blestem nemeritat<\/p>\n<p>Chiar daca uneori l-am \u00eenjurat<\/p>\n<p>Eu singura mi l-am creat.<\/p>\n<p>&nbsp;<\/p>\n<p>C-am plecat \u00een dep\u0103rt\u0103ri<\/p>\n<p>Ca o nomada-n coviltir<\/p>\n<p>Am ignorat orice urm\u0103ri<\/p>\n<p>Jertfindu-m\u0103 ca o martir\u0103.<\/p>\n<p>&nbsp;<\/p>\n<p>Nimeni nu stie ce mai fac,<\/p>\n<p>Prin ce coclauri r\u0103t\u0103cesc<\/p>\n<p>Pe cei de-acas\u0103 s\u0103-i \u00eempac<\/p>\n<p>Prin truda mea s\u0103-i fericesc\u2026<\/p>\n<p>&nbsp;<\/p>\n<p>Nimeni nu \u0219tie dac\u0103 pl\u00e2ng<\/p>\n<p>S-au dac\u0103 sufletul mi-e greu<\/p>\n<p>Eu inima s\u0103 nu mi-o fr\u00e2ng<\/p>\n<p>Am s\u0103 m\u0103 lupt s\u0103-nving mereu!<\/p>\n<p>&nbsp;<\/p>\n<p>Prin telefon din c\u00e2nd \u00een c\u00e2nd,<\/p>\n<p>\u00cencerc ca s\u0103-i mai informez,<\/p>\n<p>Cu glasul meu duios \u0219i bl\u00e2nd,<\/p>\n<p>C\u0103, unde sunt, e ,,minunat&#8221;.<\/p>\n<p>&nbsp;<\/p>\n<p>\u0218i i-am rugat st\u0103ruitoare:<\/p>\n<p>Cumin\u021bi s\u0103 fie cum \u00eei \u0219tiu<\/p>\n<p>C\u0103, de comportamentul lor,<\/p>\n<p>Eu lini\u0219tita am s\u0103 fiu\u2026<\/p>\n<p>&nbsp;<\/p>\n<p>C\u0103ci via\u021ba noastr\u0103-i un mister,<\/p>\n<p>Pentru tot neamul omenesc,<\/p>\n<p>E-o component\u0103 din eter<\/p>\n<p>\u0218i monopol Dumnezeiesc<\/p>\n<p>&nbsp;<\/p>\n<p>&nbsp;<\/p>\n<p><strong>Tan\u021ba Botezatu<\/strong><\/p>\n<p>Italia<\/p>\n<p>29 ianuarie 2014<\/p>\n","protected":false},"excerpt":{"rendered":"<p>\u00a0\u00a0\u00a0\u00a0\u00a0\u00a0\u00a0\u00a0\u00a0\u00a0\u00a0\u00a0\u00a0\u00a0\u00a0\u00a0\u00a0\u00a0\u00a0\u00a0\u00a0\u00a0 \u00a0\u00a0\u00a0\u00a0\u00a0\u00a0\u00a0\u00a0\u00a0\u00a0\u00a0\u00a0\u00a0\u00a0\u00a0\u00a0\u00a0\u00a0\u00a0\u00a0\u00a0\u00a0\u00a0\u00a0 Am s\u0103 m\u0103 lupt s\u0103-nving mereu! &nbsp; Calvar mi-e via\u021ba da-l \u00eendur Ca pe-un blestem nemeritat Chiar daca [&#038;hellip<\/p>\n","protected":false},"author":1,"featured_media":0,"comment_status":"closed","ping_status":"closed","sticky":false,"template":"","format":"standard","meta":{"footnotes":""},"categories":[3],"tags":[],"class_list":["post-17294","post","type-post","status-publish","format-standard","hentry","category-articole"],"_links":{"self":[{"href":"https:\/\/www.marianagurza.ro\/blog\/wp-json\/wp\/v2\/posts\/17294","targetHints":{"allow":["GET"]}}],"collection":[{"href":"https:\/\/www.marianagurza.ro\/blog\/wp-json\/wp\/v2\/posts"}],"about":[{"href":"https:\/\/www.marianagurza.ro\/blog\/wp-json\/wp\/v2\/types\/post"}],"author":[{"embeddable":true,"href":"https:\/\/www.marianagurza.ro\/blog\/wp-json\/wp\/v2\/users\/1"}],"replies":[{"embeddable":true,"href":"https:\/\/www.marianagurza.ro\/blog\/wp-json\/wp\/v2\/comments?post=17294"}],"version-history":[{"count":5,"href":"https:\/\/www.marianagurza.ro\/blog\/wp-json\/wp\/v2\/posts\/17294\/revisions"}],"predecessor-version":[{"id":17297,"href":"https:\/\/www.marianagurza.ro\/blog\/wp-json\/wp\/v2\/posts\/17294\/revisions\/17297"}],"wp:attachment":[{"href":"https:\/\/www.marianagurza.ro\/blog\/wp-json\/wp\/v2\/media?parent=17294"}],"wp:term":[{"taxonomy":"category","embeddable":true,"href":"https:\/\/www.marianagurza.ro\/blog\/wp-json\/wp\/v2\/categories?post=17294"},{"taxonomy":"post_tag","embeddable":true,"href":"https:\/\/www.marianagurza.ro\/blog\/wp-json\/wp\/v2\/tags?post=17294"}],"curies":[{"name":"wp","href":"https:\/\/api.w.org\/{rel}","templated":true}]}}