{"id":17302,"date":"2014-01-30T06:29:24","date_gmt":"2014-01-30T06:29:24","guid":{"rendered":"http:\/\/www.marianagurza.ro\/blog\/?p=17302"},"modified":"2014-02-01T07:05:09","modified_gmt":"2014-02-01T07:05:09","slug":"ben-todica-salvati-calea-ferata-oravita-anina-calatorind-si-admirand-peisajul","status":"publish","type":"post","link":"https:\/\/www.marianagurza.ro\/blog\/2014\/01\/30\/ben-todica-salvati-calea-ferata-oravita-anina-calatorind-si-admirand-peisajul\/","title":{"rendered":"Ben Todic\u0103: Salva\u021bi calea ferat\u0103 Oravi\u021ba-Anina, c\u0103l\u0103torind \u0219i admir\u00e2nd peisajul!"},"content":{"rendered":"<p style=\"text-align: center;\"><a href=\"http:\/\/www.marianagurza.ro\/blog\/wp-content\/uploads\/2014\/01\/large_img_314.jpg\"><img loading=\"lazy\" decoding=\"async\" class=\"size-medium wp-image-17303\" title=\"Oravita-anina\" src=\"http:\/\/www.marianagurza.ro\/blog\/wp-content\/uploads\/2014\/01\/large_img_314-300x244.jpg\" alt=\"\" width=\"300\" height=\"244\" srcset=\"https:\/\/www.marianagurza.ro\/blog\/wp-content\/uploads\/2014\/01\/large_img_314-300x244.jpg 300w, https:\/\/www.marianagurza.ro\/blog\/wp-content\/uploads\/2014\/01\/large_img_314.jpg 490w\" sizes=\"auto, (max-width: 300px) 100vw, 300px\" \/><\/a><\/p>\n<p style=\"text-align: justify;\">Versiunea a doua are text ad\u0103ugat. Calea ferat\u0103 se va \u00eenchide, iar ce se vede \u00een film, jum\u0103tate a disp\u0103rut deja. Nu te\u00a0for\u021bez spectatorule \u0219i nu m\u0103 sup\u0103r dac\u0103 filmul nu-\u021bi incit\u0103 interesul de a elabora\u00a0un comentariu obiectiv,\u00a0\u00a0matur \u0219i cu conota\u021bie\u00a0\u00a0artistic\u0103. \u00cen\u021beleg. Majoritatea sunt pudici, \u021bin capul \u00een nisip \u0219i nu realizeaz\u0103 c\u0103 a sosit timpul &#8220;ciomagului&#8221;.\u00a0\u00a0S\u0103 ridice privirea \u0219i s\u0103 p\u0103trund\u0103 printre gratii. Eu nu am avut posibilitatea s\u0103 urmez IATC-ul in \u021bar\u0103 ca s\u0103 satisfac cerin\u021bele criticului profesionist. Asta explic\u0103 stilul meu liber \u0219i unorthodox. Am \u00eenv\u0103\u021bat de la zece ani pe b\u0103ncile cinematografului din Ciudanovi\u021ba limbajul cinematografic. FIIND O COMUN\u0102 \u0218ANTIER, LA NOI FILMELE AJUNGEAU T\u00c2RZIU, dup\u0103 ce erau rulate \u0219i f\u0103cute ferfeni\u021b\u0103, rupte \u0219i relipite, cu p\u0103r\u021bi lips\u0103 din secven\u021be, zg\u00e2riate \u0219i pline de praf, care pe ecran \u00eel prezenta pe Roco din \u201cRocco \u0219i fra\u021bii s\u0103i\u201d pl\u00e2ng\u00e2nd \u00eentr-o ploaie de zg\u00e2rieturi \u0219i gaze pe ecran, c\u0103 filmul din cauza p\u0103r\u021bilor lips\u0103 s\u0103rea din s\u0103rut drept \u00een cu\u021bit, c\u0103 filmele vizionate de mine nu erau toate frumoase \u0219i str\u0103lucitoare ca cele pe care le vizionau proasp\u0103t criticii \u0219i dumnezeii filmului din Rom\u00e2nia. Eu fac film de la 12 ani \u0219i \u00eel fac a\u0219a cum simt eu, educat de marii regizori ai lumii pe ecranul unui cinematograf de \u021bar\u0103, la cap\u0103t de linie distribu\u021bional\u0103. Camera la mine e extinderea inimii \u0219i trebuie s\u0103 iube\u0219ti locurile filmate dac\u0103 dore\u0219ti s\u0103 le \u00eemp\u0103rt\u0103\u0219e\u0219ti. Dac\u0103 nu le iube\u0219ti, nu po\u021bi scoate frumosul din ele. Fiecare t\u0103ietur\u0103 \u0219i zg\u00e2l\u021b\u00eeiere de camer\u0103 e parte din emo\u021bia dialogului meu cu subiectul \u0219i dac\u0103 a\u0219 scoate-o afar\u0103 \u0219i-ar pierde energia mesajului. Dac\u0103 vorbe\u0219ti azi cu speciali\u0219tii din tv \u0219i cinema, ei \u00ee\u021bi vor r\u0103spunde profesional \u0219i ra\u021bional, dar nicidecum artistic. Ei \u00ceN\u021aELEG DOAR REGULI \u0218I PROFIT.<\/p>\n<p style=\"text-align: justify;\">Parc\u0103 nu mai avem \u021bar\u0103.\u00a0Desacraliz\u0103m\u00a0totul \u00een jurul nostru. P\u0103rin\u021bii no\u0219tri au tr\u0103it cu DEVIZA c\u0103 OMUL SFIN\u021aE\u0218TE LOCUL. Au construit linia Oravi\u021ba &#8211; Anina, acea salb\u0103 de perle, pentru c\u0103 practic a fost ca o sculptur\u0103 pres\u0103rat\u0103 cu g\u0103ri \u0219i cantoane f\u0103cute din piatr\u0103 de granit, ornamentate elegant, la fel ca \u0219i viaductele \u0219i tunelurile la capetele lor cu mici sculpturi \u0219i statuete (pentru c\u0103 ace\u0219ti speciali\u0219ti adu\u0219i din Italia nu erau numai pietrari, ci erau \u0219i arti\u0219ti sculptori printre ei), \u0219i au l\u0103sat (SFIN\u021aIT) locul (LINIA) cu statuete de marmur\u0103 \u0219i granit \u00eenc\u00e2t atunci c\u00e2nd ie\u0219ea trenul din tuneluri te minunai, nu doar c\u00e2nd vedeai priveli\u0219tea, dar \u0219i la c\u0103ldura statuetelor, unele cu f\u00e2nt\u00e2ni\u021b\u0103 de ap\u0103. Toate furate azi \u0219i a\u0219ezate prin casele ho\u021bilor sau v\u00e2ndute. Au demolat g\u0103rile \u0219i cantoanele \u0219i au construit altele (ca pe ni\u0219te veceuri din c\u0103r\u0103mid\u0103) \u0219i le-au a\u0219ezat \u00een alte locuri de pe traseu ca s\u0103 se piard\u0103 orice urm\u0103 de aducere aminte. Chiar \u0219i crucile mor\u021bilor au fost furate. Unde e respectul din partea noastr\u0103 \u0219i a autorit\u0103\u021bilor. Mii de oameni au muncit pentru aceast\u0103 perl\u0103 a Banatului \u0219i sute poate c\u0103 au fost r\u0103ni\u021bi sau unii chiar \u0219i-au dat via\u021ba, iar noi privim pasivi cum ne este furat\u0103 de sub priviri.<\/p>\n<p style=\"text-align: justify;\"><strong>Rom\u00e2ni! Voi chiar nu merita\u021bi nimic pentru contribu\u021bia voastr\u0103 \u0219i a p\u0103rin\u021bilor vo\u0219tri la via\u021b\u0103?<\/strong><\/p>\n<p style=\"text-align: justify;\">E timpul s\u0103 facem deosebire \u00eentre istorie \u0219i comunism, \u00eentre via\u021b\u0103 \u0219i or\u00e2nduirile trec\u0103toare.<\/p>\n<p style=\"text-align: justify;\">Eu m\u0103 bucur ca filmul s\u0103 fie vizionat pe You Tube de oameni ca tine, tu care sim\u021bi existen\u021ba \u00eentr-un mod nobil de \u00een\u0103l\u021bare.<\/p>\n<p style=\"text-align: justify;\">\u00cenc\u0103 odat\u0103 \u201dMul\u021bumesc Spectatorule\u201d!<\/p>\n<p style=\"text-align: justify;\">\n<p style=\"text-align: justify;\"><strong>Benoni din Ciudanovi\u021ba<\/strong>, Blocul A, Ap 22 (a\u0219a cum zicea \u021au\u021bea)<\/p>\n<p style=\"text-align: justify;\">\n<p style=\"text-align: justify;\">\n","protected":false},"excerpt":{"rendered":"<p>Versiunea a doua are text ad\u0103ugat. Calea ferat\u0103 se va \u00eenchide, iar ce se vede \u00een film, jum\u0103tate a disp\u0103rut [&#038;hellip<\/p>\n","protected":false},"author":1,"featured_media":0,"comment_status":"closed","ping_status":"closed","sticky":false,"template":"","format":"standard","meta":{"footnotes":""},"categories":[3],"tags":[],"class_list":["post-17302","post","type-post","status-publish","format-standard","hentry","category-articole"],"_links":{"self":[{"href":"https:\/\/www.marianagurza.ro\/blog\/wp-json\/wp\/v2\/posts\/17302","targetHints":{"allow":["GET"]}}],"collection":[{"href":"https:\/\/www.marianagurza.ro\/blog\/wp-json\/wp\/v2\/posts"}],"about":[{"href":"https:\/\/www.marianagurza.ro\/blog\/wp-json\/wp\/v2\/types\/post"}],"author":[{"embeddable":true,"href":"https:\/\/www.marianagurza.ro\/blog\/wp-json\/wp\/v2\/users\/1"}],"replies":[{"embeddable":true,"href":"https:\/\/www.marianagurza.ro\/blog\/wp-json\/wp\/v2\/comments?post=17302"}],"version-history":[{"count":4,"href":"https:\/\/www.marianagurza.ro\/blog\/wp-json\/wp\/v2\/posts\/17302\/revisions"}],"predecessor-version":[{"id":17305,"href":"https:\/\/www.marianagurza.ro\/blog\/wp-json\/wp\/v2\/posts\/17302\/revisions\/17305"}],"wp:attachment":[{"href":"https:\/\/www.marianagurza.ro\/blog\/wp-json\/wp\/v2\/media?parent=17302"}],"wp:term":[{"taxonomy":"category","embeddable":true,"href":"https:\/\/www.marianagurza.ro\/blog\/wp-json\/wp\/v2\/categories?post=17302"},{"taxonomy":"post_tag","embeddable":true,"href":"https:\/\/www.marianagurza.ro\/blog\/wp-json\/wp\/v2\/tags?post=17302"}],"curies":[{"name":"wp","href":"https:\/\/api.w.org\/{rel}","templated":true}]}}